 {"id":7357,"date":"2021-10-07T20:35:10","date_gmt":"2021-10-07T23:35:10","guid":{"rendered":"http:\/\/www.cafesg.gob.ar\/web\/?p=7357"},"modified":"2021-10-07T20:35:10","modified_gmt":"2021-10-07T23:35:10","slug":"directivos-de-cafesg-en-feliciano-120-luminarias-led-para-la-ciudad","status":"publish","type":"post","link":"https:\/\/cafesg.gob.ar\/cafesg2\/directivos-de-cafesg-en-feliciano-120-luminarias-led-para-la-ciudad\/","title":{"rendered":"Directivos de CAFESG en Feliciano: 120 luminarias Led para la ciudad"},"content":{"rendered":"\n<p>Los vocales de la Comisi\u00f3n Administradora para el Fondo Especial de Salto Grande Eduardo Mozetic y Celeste Lorenz, recorrieron en la ciudad de San Jos\u00e9 de Feliciano junto al intendente local Dami\u00e1n Ar\u00e9valo, la diputada provincial Silvia Moreno, y la vocal del directorio de IAPV, Miriam Espinosa, las obras de iluminaci\u00f3n que el organismo realiz\u00f3 en la&nbsp; localidad.<\/p>\n\n\n\n<p>Son 120 luminarias Led en calles del casco urbano de Feliciano que posibilitan una mejor experiencia de vida nocturna y mayor seguridad para los vecinos.<\/p>\n\n\n\n<p>Luego de la recorrida, Dami\u00e1n Ar\u00e9valo manifest\u00f3 que \u201cson doce cuadras de Feliciano con iluminaci\u00f3n de \u00faltima tecnolog\u00eda, la obra ya tiene recepci\u00f3n provisoria y est\u00e1 funcionando, y es incre\u00edble el cambio, esto me lo manifiestan los vecinos, no solo los del barrio sino todos los que transitamos por esas cuadras\u201d.<\/p>\n\n\n\n<p>\u201cNuestro trabajo con CAFESG es permanente, porque no terminamos un trabajo que ya estamos articulando y planificando en varios m\u00e1s, y no solo en tema obras, sino que tambi\u00e9n capacitaciones y herramientas de desarrollo, que son muy necesarias para nosotros, especialmente despu\u00e9s de la pandemia, podemos decir que en CAFESG tenemos un amigo para nuestra gesti\u00f3n de Gobierno\u201d finaliz\u00f3 el intendente de San Jos\u00e9 de Feliciano.<\/p>\n\n\n\n<p>&nbsp;&nbsp;&nbsp;&nbsp;&nbsp;&nbsp;&nbsp;&nbsp;&nbsp;&nbsp;&nbsp; Por su parte, el vocal de CAFESG, Eduardo Mozetic expres\u00f3: \u201cpara nosotros es inmensa la satisfacci\u00f3n de recorrer estas obras que hacemos en toda la Regi\u00f3n de Salto Grande y palpar en el lugar lo que significa para sus vecinos, y para toda la ciudad, es el motor que nos compromete d\u00eda a d\u00eda a dar todo para mejorarle la calidad de vida a la gente\u201d.<\/p>\n\n\n\n<p>&nbsp;&nbsp;&nbsp;&nbsp;&nbsp;&nbsp;&nbsp;&nbsp;&nbsp;&nbsp;&nbsp; \u201cEl impulso que nos dan de forma permanente el gobernador Gustavo Bordet y el presidente de CAFESG, Luis Benedetto, hace que todo lo que nace como una charla, un pedido, un sue\u00f1o muchas veces, se vea luego concretado en una obra finalizada, en una capacitaci\u00f3n que significa una salida laboral, un cr\u00e9dito que permita a un emprendedor crecer con su negocio, esas son las cosas por las que trabajamos y nos mueven a gestionar y estar presentes cada d\u00eda m\u00e1s\u201d finaliz\u00f3 Mozetic.<\/p>\n\n\n\n<p>&nbsp;&nbsp;&nbsp;&nbsp;&nbsp;&nbsp;&nbsp;&nbsp;&nbsp;&nbsp;&nbsp; Silvia \u201cNen\u00e9\u201d Moreno, ex intendenta y actual diputada provincial por Feliciano, quiso primero \u201cagradecer la presencia de los vocales de CAFESG y tambi\u00e9n a Luis Benedetto, con quien hemos trabajado mucho por el fortalecimiento de las pol\u00edticas p\u00fablicas en Feliciano\u201d.<\/p>\n\n\n\n<p>&nbsp;&nbsp;&nbsp;&nbsp;&nbsp;&nbsp;&nbsp;&nbsp;&nbsp;&nbsp;&nbsp; Sobre la obra en especial, record\u00f3 que \u201clas gestiones las iniciamos cuando yo era intendenta, en ese momento CAFESG no ten\u00eda fondos por lo que todos ya sabemos, as\u00ed que hoy muy feliz por ver esto concretado, las luminarias se distribuyen en zonas c\u00e9ntricas y tambi\u00e9n un poco m\u00e1s en las afueras de la ciudad, con lo cual la zona que se ha podido cubrir es muy importante\u201d finaliz\u00f3 la legisladora.<\/p>\n\n\n\n<p>&nbsp;&nbsp;&nbsp;&nbsp;&nbsp;&nbsp;&nbsp;&nbsp;&nbsp;&nbsp;&nbsp; Celeste Lorenz, vocal de CAFESG por el departamento Federaci\u00f3n, inform\u00f3 que \u201cestamos muy satisfechos con la calidad de la obra, pero lo m\u00e1s importante es que el intendente que la solicit\u00f3 tambi\u00e9n lo est\u00e1, y a\u00fan m\u00e1s importante que eso es que sus beneficiarios directos, que son los vecinos de Feliciano est\u00e1n muy contentos con este cambio en la iluminaci\u00f3n que va teniendo la ciudad\u201d<\/p>\n\n\n\n<p>\u201cNuestra alegr\u00eda tambi\u00e9n pasa porque cumplimos con el mandato que recibimos del Gobernador de estar en cada comunidad, m\u00e1s all\u00e1 de la cantidad de habitantes, y posibilitar que los vecinos de Feliciano puedan disfrutar de la tecnolog\u00eda de punta en iluminaci\u00f3n p\u00fablica Led, tanto como lo pueden hacer los que viven en ciudades m\u00e1s grande de la provincia\u201d finaliz\u00f3 Lorenz.<\/p>\n\n\n\n<p>Por \u00faltimo, Miriam Espinosa de IAPV expres\u00f3 que \u201ces muy importante que los funcionarios provinciales estemos presentes en todo el territorio, especialmente en las comunidades m\u00e1s peque\u00f1as, donde podemos aportar a su crecimiento desde el pavimento, obras de saneamiento, viviendas, y en este caso con una obra de iluminaci\u00f3n muy importante financiada por CAFESG\u201d.<\/p>\n\n\n\n<figure class=\"wp-block-gallery columns-2 is-cropped wp-block-gallery-1 is-layout-flex wp-block-gallery-is-layout-flex\"><ul class=\"blocks-gallery-grid\"><li class=\"blocks-gallery-item\"><figure><a href=\"https:\/\/www.cafesg.gob.ar\/cafesg2\/wp-content\/uploads\/2021\/10\/Feliciano-2.jpg\"><img decoding=\"async\" src=\"https:\/\/www.cafesg.gob.ar\/cafesg2\/wp-content\/uploads\/2021\/10\/Feliciano-2-683x1024.jpg\" alt=\"\" data-id=\"7358\" data-full-url=\"https:\/\/www.cafesg.gob.ar\/cafesg2\/wp-content\/uploads\/2021\/10\/Feliciano-2.jpg\" data-link=\"https:\/\/www.cafesg.gob.ar\/cafesg2\/?attachment_id=7358\" class=\"wp-image-7358\"\/><\/a><\/figure><\/li><li class=\"blocks-gallery-item\"><figure><a href=\"https:\/\/www.cafesg.gob.ar\/cafesg2\/wp-content\/uploads\/2021\/10\/Feliciano.jpg\"><img decoding=\"async\" src=\"https:\/\/www.cafesg.gob.ar\/cafesg2\/wp-content\/uploads\/2021\/10\/Feliciano-1024x683.jpg\" alt=\"\" data-id=\"7359\" data-full-url=\"https:\/\/www.cafesg.gob.ar\/cafesg2\/wp-content\/uploads\/2021\/10\/Feliciano.jpg\" data-link=\"https:\/\/www.cafesg.gob.ar\/cafesg2\/?attachment_id=7359\" class=\"wp-image-7359\"\/><\/a><\/figure><\/li><\/ul><\/figure>\n","protected":false},"excerpt":{"rendered":"<p>Los vocales de la Comisi\u00f3n Administradora para el Fondo Especial de Salto Grande Eduardo Mozetic y Celeste Lorenz, recorrieron en la ciudad de San Jos\u00e9 de Feliciano junto al intendente local Dami\u00e1n Ar\u00e9valo, la diputada provincial Silvia Moreno, y la vocal del directorio de IAPV, Miriam Espinosa, las obras de iluminaci\u00f3n que el organismo realiz\u00f3 [&hellip;]<\/p>\n","protected":false},"author":5,"featured_media":0,"comment_status":"open","ping_status":"open","sticky":false,"template":"","format":"standard","meta":{"footnotes":""},"categories":[15],"tags":[],"class_list":["post-7357","post","type-post","status-publish","format-standard","hentry","category-noticias"],"_links":{"self":[{"href":"https:\/\/cafesg.gob.ar\/cafesg2\/wp-json\/wp\/v2\/posts\/7357","targetHints":{"allow":["GET"]}}],"collection":[{"href":"https:\/\/cafesg.gob.ar\/cafesg2\/wp-json\/wp\/v2\/posts"}],"about":[{"href":"https:\/\/cafesg.gob.ar\/cafesg2\/wp-json\/wp\/v2\/types\/post"}],"author":[{"embeddable":true,"href":"https:\/\/cafesg.gob.ar\/cafesg2\/wp-json\/wp\/v2\/users\/5"}],"replies":[{"embeddable":true,"href":"https:\/\/cafesg.gob.ar\/cafesg2\/wp-json\/wp\/v2\/comments?post=7357"}],"version-history":[{"count":0,"href":"https:\/\/cafesg.gob.ar\/cafesg2\/wp-json\/wp\/v2\/posts\/7357\/revisions"}],"wp:attachment":[{"href":"https:\/\/cafesg.gob.ar\/cafesg2\/wp-json\/wp\/v2\/media?parent=7357"}],"wp:term":[{"taxonomy":"category","embeddable":true,"href":"https:\/\/cafesg.gob.ar\/cafesg2\/wp-json\/wp\/v2\/categories?post=7357"},{"taxonomy":"post_tag","embeddable":true,"href":"https:\/\/cafesg.gob.ar\/cafesg2\/wp-json\/wp\/v2\/tags?post=7357"}],"curies":[{"name":"wp","href":"https:\/\/api.w.org\/{rel}","templated":true}]}}