 {"id":7323,"date":"2021-09-17T13:44:05","date_gmt":"2021-09-17T16:44:05","guid":{"rendered":"http:\/\/www.cafesg.gob.ar\/web\/?p=7323"},"modified":"2021-09-17T13:44:05","modified_gmt":"2021-09-17T16:44:05","slug":"cafesg-y-fundacion-uocra-capacitan-trabajadores-de-la-construccion-en-san-jaime-de-la-frontera","status":"publish","type":"post","link":"https:\/\/cafesg.gob.ar\/cafesg2\/cafesg-y-fundacion-uocra-capacitan-trabajadores-de-la-construccion-en-san-jaime-de-la-frontera\/","title":{"rendered":"CAFESG y Fundaci\u00f3n UOCRA capacitan trabajadores de la construcci\u00f3n en San Jaime de la Frontera"},"content":{"rendered":"\n<p>En el marco del Programa de capacitaci\u00f3n para trabajadores de la construcci\u00f3n que llevan adelante la Comisi\u00f3n Administradora para el Fondo Especial de Salto Grande (CAFESG) y la Fundaci\u00f3n de la Uni\u00f3n Obrera de la Construcci\u00f3n de la Rep\u00fablica Argentina (UOCRA) en la localidad de San Jaime de la Frontera, departamento Federaci\u00f3n, se entregaron los elementos de protecci\u00f3n personal (casco, antiparras, barbijo, guantes, camisa, pantal\u00f3n y botines) para que se pueda comenzar con la parte pr\u00e1ctica del curso, cuyo uso es obligatorio. Vale aclarar que ya se hab\u00eda hecho entrega del material did\u00e1ctico que consta de cuaderno, birome, manual del alumno y manual con normas de seguridad.<\/p>\n\n\n\n<p>\u201cEstamos llevando adelante junto a la Fundaci\u00f3n UOCRA en la localidad de San Jaime de la Frontera, una capacitaci\u00f3n de Alba\u00f1iler\u00eda en Construcciones Tradicionales\u201d inform\u00f3 la vocal de CAFESG Celeste Lorenz, quien particip\u00f3 de la entrega junto al intendente de San Jaime, Antonio Rodr\u00edguez.<\/p>\n\n\n\n<p>Lorenz manifest\u00f3 adem\u00e1s que \u201ces muy satisfactorio poder llegar con estos cursos de capacitaci\u00f3n a la ciudad de San Jaime ya que nuestro objetivo siempre es trabajar para toda la regi\u00f3n de Salto Grande, no solo en obras, sino con este tipo de iniciativas que ya tienen 17 a\u00f1os de continuidad y cuya calidad acad\u00e9mica ha sido probada a lo largo de todo este per\u00edodo\u201d.&nbsp;&nbsp;&nbsp;&nbsp;&nbsp;&nbsp;&nbsp;&nbsp;&nbsp;&nbsp;&nbsp;<\/p>\n\n\n\n<p>Para la vocal de CAFESG, adem\u00e1s, \u201cpoder brindar una herramienta, como es la capacitaci\u00f3n en oficios, que permita a estas personas tener una salida laboral, sobre todo en tiempos tan dif\u00edciles como los que vive hoy nuestro pa\u00eds, es casi una obligaci\u00f3n para nosotros, porque de esto tambi\u00e9n hablamos cuando hablamos de desarrollo, sobre todo si de desarrollo humano se trata\u201d finaliz\u00f3.<\/p>\n\n\n\n<p>&nbsp;&nbsp;&nbsp;&nbsp;&nbsp;&nbsp;&nbsp;&nbsp;&nbsp;&nbsp;&nbsp;&nbsp;&nbsp;&nbsp;&nbsp; En tanto, el intendente local, agradeci\u00f3 \u201cal presidente de CAFESG, Luis Benedetto, y al gobernador Gustavo Bordet por acompa\u00f1ar de forma permanente nuestra gesti\u00f3n de gobierno ya sea con obras, con capacitaciones, y con todo lo que solicitamos y siempre est\u00e1n presentes\u201d.<\/p>\n\n\n\n<p>Rodr\u00edguez agreg\u00f3 adem\u00e1s que \u201ces muy importante esta capacitaci\u00f3n para nuestra gente, porque adem\u00e1s de brindarles una herramienta laboral, les permitir\u00e1 hacer obras con un criterio distinto, que es lo que pasa cuando uno se capacita en algo y conoce m\u00e1s del tema\u201d.<\/p>\n\n\n\n<p>La capacitaci\u00f3n est\u00e1 destinada a cualquier persona mayor de 18 a\u00f1os. Es requisito para la aprobaci\u00f3n de la misma el 80% de asistencia. Al finalizar la formaci\u00f3n, los egresados obtienen la Libreta de Cese Laboral emitida por el Instituto de Estad\u00edstica y Registro de la Industria de la Construcci\u00f3n (IERIC).<\/p>\n\n\n\n<p>La idea del programa de Formaci\u00f3n y Capacitaci\u00f3n para los Trabajadores de la Construcci\u00f3n es desarrollar acciones enfocadas a distintas ocupaciones del sector de la construcci\u00f3n en \u00edntima relaci\u00f3n con las necesidades de mano de obra especializada, donde resulta esencial la certificaci\u00f3n de competencias por parte de los trabajadores. Justamente el eje central de esta iniciativa conjunta de la Comisi\u00f3n Administradora para el Fondo Especial de Salto Grande (CAFESG), Secretar\u00eda de Trabajo, Empleo y Seguridad Social de la Naci\u00f3n, la Uni\u00f3n Obrera de la Construcci\u00f3n de la Rep\u00fablica Argentina (UOCRA), la C\u00e1mara Argentina de la Construcci\u00f3n (CAC), Instituto de Estad\u00edstica y Registro de la Industria de la Construcci\u00f3n (IERIC), Municipios y Oficinas de Empleo de las localidades de la regi\u00f3n de Salto Grande.<\/p>\n\n\n\n<p>Estas capacitaciones son espec\u00edficas en ocupaciones de la industria de la construcci\u00f3n, incluyendo m\u00f3dulos de salud, seguridad y relaciones laborales. Se trata de realizar formaci\u00f3n en los espacios cercanos a los domicilios de los trabajadores o en los mismos puestos de trabajo.<\/p>\n\n\n\n<figure class=\"wp-block-gallery columns-3 is-cropped wp-block-gallery-1 is-layout-flex wp-block-gallery-is-layout-flex\"><ul class=\"blocks-gallery-grid\"><li class=\"blocks-gallery-item\"><figure><a href=\"https:\/\/www.cafesg.gob.ar\/cafesg2\/wp-content\/uploads\/2021\/09\/San-Jaime-3.jpeg\"><img decoding=\"async\" src=\"https:\/\/www.cafesg.gob.ar\/cafesg2\/wp-content\/uploads\/2021\/09\/San-Jaime-3-576x1024.jpeg\" alt=\"\" data-id=\"7324\" data-full-url=\"https:\/\/www.cafesg.gob.ar\/cafesg2\/wp-content\/uploads\/2021\/09\/San-Jaime-3.jpeg\" data-link=\"https:\/\/www.cafesg.gob.ar\/cafesg2\/?attachment_id=7324\" class=\"wp-image-7324\"\/><\/a><\/figure><\/li><li class=\"blocks-gallery-item\"><figure><a href=\"https:\/\/www.cafesg.gob.ar\/cafesg2\/wp-content\/uploads\/2021\/09\/San-Jaime-5.jpeg\"><img decoding=\"async\" src=\"https:\/\/www.cafesg.gob.ar\/cafesg2\/wp-content\/uploads\/2021\/09\/San-Jaime-5-576x1024.jpeg\" alt=\"\" data-id=\"7326\" data-full-url=\"https:\/\/www.cafesg.gob.ar\/cafesg2\/wp-content\/uploads\/2021\/09\/San-Jaime-5.jpeg\" data-link=\"https:\/\/www.cafesg.gob.ar\/cafesg2\/?attachment_id=7326\" class=\"wp-image-7326\"\/><\/a><\/figure><\/li><li class=\"blocks-gallery-item\"><figure><a href=\"https:\/\/www.cafesg.gob.ar\/cafesg2\/wp-content\/uploads\/2021\/09\/San-Jaime.jpeg\"><img decoding=\"async\" src=\"https:\/\/www.cafesg.gob.ar\/cafesg2\/wp-content\/uploads\/2021\/09\/San-Jaime-576x1024.jpeg\" alt=\"\" data-id=\"7327\" data-full-url=\"https:\/\/www.cafesg.gob.ar\/cafesg2\/wp-content\/uploads\/2021\/09\/San-Jaime.jpeg\" data-link=\"https:\/\/www.cafesg.gob.ar\/cafesg2\/?attachment_id=7327\" class=\"wp-image-7327\"\/><\/a><\/figure><\/li><li class=\"blocks-gallery-item\"><figure><a href=\"https:\/\/www.cafesg.gob.ar\/cafesg2\/wp-content\/uploads\/2021\/09\/San-Jaime-4.jpeg\"><img decoding=\"async\" src=\"https:\/\/www.cafesg.gob.ar\/cafesg2\/wp-content\/uploads\/2021\/09\/San-Jaime-4-1024x768.jpeg\" alt=\"\" data-id=\"7325\" data-full-url=\"https:\/\/www.cafesg.gob.ar\/cafesg2\/wp-content\/uploads\/2021\/09\/San-Jaime-4.jpeg\" data-link=\"https:\/\/www.cafesg.gob.ar\/cafesg2\/?attachment_id=7325\" class=\"wp-image-7325\"\/><\/a><\/figure><\/li><\/ul><\/figure>\n","protected":false},"excerpt":{"rendered":"<p>En el marco del Programa de capacitaci\u00f3n para trabajadores de la construcci\u00f3n que llevan adelante la Comisi\u00f3n Administradora para el Fondo Especial de Salto Grande (CAFESG) y la Fundaci\u00f3n de la Uni\u00f3n Obrera de la Construcci\u00f3n de la Rep\u00fablica Argentina (UOCRA) en la localidad de San Jaime de la Frontera, departamento Federaci\u00f3n, se entregaron los [&hellip;]<\/p>\n","protected":false},"author":5,"featured_media":0,"comment_status":"open","ping_status":"open","sticky":false,"template":"","format":"standard","meta":{"footnotes":""},"categories":[15],"tags":[],"class_list":["post-7323","post","type-post","status-publish","format-standard","hentry","category-noticias"],"_links":{"self":[{"href":"https:\/\/cafesg.gob.ar\/cafesg2\/wp-json\/wp\/v2\/posts\/7323","targetHints":{"allow":["GET"]}}],"collection":[{"href":"https:\/\/cafesg.gob.ar\/cafesg2\/wp-json\/wp\/v2\/posts"}],"about":[{"href":"https:\/\/cafesg.gob.ar\/cafesg2\/wp-json\/wp\/v2\/types\/post"}],"author":[{"embeddable":true,"href":"https:\/\/cafesg.gob.ar\/cafesg2\/wp-json\/wp\/v2\/users\/5"}],"replies":[{"embeddable":true,"href":"https:\/\/cafesg.gob.ar\/cafesg2\/wp-json\/wp\/v2\/comments?post=7323"}],"version-history":[{"count":0,"href":"https:\/\/cafesg.gob.ar\/cafesg2\/wp-json\/wp\/v2\/posts\/7323\/revisions"}],"wp:attachment":[{"href":"https:\/\/cafesg.gob.ar\/cafesg2\/wp-json\/wp\/v2\/media?parent=7323"}],"wp:term":[{"taxonomy":"category","embeddable":true,"href":"https:\/\/cafesg.gob.ar\/cafesg2\/wp-json\/wp\/v2\/categories?post=7323"},{"taxonomy":"post_tag","embeddable":true,"href":"https:\/\/cafesg.gob.ar\/cafesg2\/wp-json\/wp\/v2\/tags?post=7323"}],"curies":[{"name":"wp","href":"https:\/\/api.w.org\/{rel}","templated":true}]}}