 {"id":651,"date":"2010-11-24T10:12:22","date_gmt":"2010-11-24T12:12:22","guid":{"rendered":"http:\/\/cafesg.gov.ar\/web\/?p=651"},"modified":"2010-11-24T10:12:22","modified_gmt":"2010-11-24T12:12:22","slug":"jornadas-de-violencia-familiar-desde-la-perspectiva-de-genero","status":"publish","type":"post","link":"https:\/\/cafesg.gob.ar\/cafesg2\/jornadas-de-violencia-familiar-desde-la-perspectiva-de-genero\/","title":{"rendered":"JORNADAS DE VIOLENCIA FAMILIAR DESDE LA PERSPECTIVA DE G\u00c9NERO"},"content":{"rendered":"<p><em><span style=\"text-decoration: underline;\">El 3 de diciembre en Concordia. Las inscripciones se reciben hasta el mi\u00e9rcoles 1\u00b0<\/span><\/em><\/p>\n<p>CAFESG y la Direcci\u00f3n Provincial de la Mujer dependiente del Ministerio de Desarrollo Social de la Provincia de Entre R\u00edos, invitan a las \u201cJornadas de Violencia Familiar desde la Perspectiva de G\u00e9nero\u201d, que co-organizan y llevar\u00e1n a cabo el viernes 3 de diciembre, desde las 9Hs., en el Sal\u00f3n Auditorio de CAFESG, ubicado en San Juan y Cadario de la ciudad de Concordia.<\/p>\n<p>Las Jornadas est\u00e1n dirigidas a todas aquellas personas vinculadas directa o indirectamente con la problem\u00e1tica de Violencia Familiar y de G\u00e9nero (responsables de organismos provinciales y locales; \u00e1reas de Salud, Educaci\u00f3n y Desarrollo Social; \u00e1mbitos policial y judicial; Copnaf, Comisiones Vecinales, referentes de organizaciones sociales, etc.). Se entregar\u00e1 material de trabajo y una vez concluida el correspondiente certificado de asistencia.<\/p>\n<p><a href=\"https:\/\/cafesg.gov.ar\/web\/wp-content\/uploads\/2010\/11\/Violencia-de-g\u00e9nero.jpg\"><img loading=\"lazy\" decoding=\"async\" class=\"aligncenter size-medium wp-image-652\" title=\"Violencia de g\u00e9nero\" src=\"https:\/\/cafesg.gov.ar\/web\/wp-content\/uploads\/2010\/11\/Violencia-de-g\u00e9nero-276x300.jpg\" alt=\"\" width=\"276\" height=\"300\" \/><\/a><\/p>\n<p>Los cupos son limitados y la inscripci\u00f3n puede concretarse hasta el mi\u00e9rcoles 1\u00b0 de diciembre en la sede de Desarrollo Regional de CAFESG, nuevo edificio de Pellegrini y Mitre, segundo piso, de 7 a 13Hs.; o enviando un correo electr\u00f3nico a <a href=\"mailto:jornadasviolenciafamiliar@cafesg.gov.ar\">jornadasviolenciafamiliar@cafesg.gov.ar<\/a>, detallando nombre, apellido, DNI e instituci\u00f3n a la que pertenece. Persona de contacto: Soledad Siegrist.<\/p>\n","protected":false},"excerpt":{"rendered":"<p>El 3 de diciembre en Concordia. Las inscripciones se reciben hasta el mi\u00e9rcoles 1\u00b0 CAFESG y la Direcci\u00f3n Provincial de la Mujer dependiente del Ministerio de Desarrollo Social de la Provincia de Entre R\u00edos, invitan a las \u201cJornadas de Violencia Familiar desde la Perspectiva de G\u00e9nero\u201d, que co-organizan y llevar\u00e1n a cabo el viernes 3 [&hellip;]<\/p>\n","protected":false},"author":5,"featured_media":0,"comment_status":"open","ping_status":"open","sticky":false,"template":"","format":"standard","meta":{"footnotes":""},"categories":[15],"tags":[],"class_list":["post-651","post","type-post","status-publish","format-standard","hentry","category-noticias"],"_links":{"self":[{"href":"https:\/\/cafesg.gob.ar\/cafesg2\/wp-json\/wp\/v2\/posts\/651","targetHints":{"allow":["GET"]}}],"collection":[{"href":"https:\/\/cafesg.gob.ar\/cafesg2\/wp-json\/wp\/v2\/posts"}],"about":[{"href":"https:\/\/cafesg.gob.ar\/cafesg2\/wp-json\/wp\/v2\/types\/post"}],"author":[{"embeddable":true,"href":"https:\/\/cafesg.gob.ar\/cafesg2\/wp-json\/wp\/v2\/users\/5"}],"replies":[{"embeddable":true,"href":"https:\/\/cafesg.gob.ar\/cafesg2\/wp-json\/wp\/v2\/comments?post=651"}],"version-history":[{"count":0,"href":"https:\/\/cafesg.gob.ar\/cafesg2\/wp-json\/wp\/v2\/posts\/651\/revisions"}],"wp:attachment":[{"href":"https:\/\/cafesg.gob.ar\/cafesg2\/wp-json\/wp\/v2\/media?parent=651"}],"wp:term":[{"taxonomy":"category","embeddable":true,"href":"https:\/\/cafesg.gob.ar\/cafesg2\/wp-json\/wp\/v2\/categories?post=651"},{"taxonomy":"post_tag","embeddable":true,"href":"https:\/\/cafesg.gob.ar\/cafesg2\/wp-json\/wp\/v2\/tags?post=651"}],"curies":[{"name":"wp","href":"https:\/\/api.w.org\/{rel}","templated":true}]}}