 {"id":6509,"date":"2020-03-16T09:25:00","date_gmt":"2020-03-16T12:25:00","guid":{"rendered":"http:\/\/www.cafesg.gob.ar\/web\/?p=6509"},"modified":"2020-03-16T09:25:00","modified_gmt":"2020-03-16T12:25:00","slug":"cafesg-avanza-con-capacitaciones-para-emprendedores-de-feliciano-2","status":"publish","type":"post","link":"https:\/\/cafesg.gob.ar\/cafesg2\/cafesg-avanza-con-capacitaciones-para-emprendedores-de-feliciano-2\/","title":{"rendered":"Cafesg avanza con capacitaciones para emprendedores de Feliciano"},"content":{"rendered":"\n<div class=\"wp-block-group is-layout-flow wp-block-group-is-layout-flow\"><div class=\"wp-block-group__inner-container\"><\/div><\/div>\n\n\n\n<p>Con el objetivo de avanzar en la articulaci\u00f3n de acciones a trav\u00e9s de las capacitaciones que brinda la Comisi\u00f3n Administradora para el Fondo Especial de Salto Grande (Cafesg), sus vocales visitaron la feria de emprendedores realizada por el municipio de San Jos\u00e9 de Feliciano. Del encuentro participaron los vocales de Cafesg, Eduardo Mozetic y Celeste Lorenz, la coordinadora de desarrollo regional, Gisela Huber, Alexis Lambert responsable del \u00e1rea de capacitaciones de Cafesg junto al Intendente de San Jos\u00e9 de Feliciano, Dami\u00e1n Ar\u00e9valo, la senadora Ester Gonz\u00e1lez, y concejales de la ciudad.<\/p>\n\n\n\n<figure class=\"wp-block-gallery aligncenter columns-3 is-cropped wp-block-gallery-1 is-layout-flex wp-block-gallery-is-layout-flex\"><ul class=\"blocks-gallery-grid\"><li class=\"blocks-gallery-item\"><figure><img decoding=\"async\" src=\"https:\/\/www.cafesg.gob.ar\/cafesg2\/wp-content\/uploads\/2020\/03\/1584122170jpg-1-1024x683.jpg\" alt=\"\" data-id=\"6513\" data-full-url=\"https:\/\/www.cafesg.gob.ar\/cafesg2\/wp-content\/uploads\/2020\/03\/1584122170jpg-1.jpg\" data-link=\"https:\/\/www.cafesg.gob.ar\/cafesg2\/cafesg-avanza-con-capacitaciones-para-emprendedores-de-feliciano-2.php\/1584122170jpg-1\" class=\"wp-image-6513\"\/><\/figure><\/li><li class=\"blocks-gallery-item\"><figure><img decoding=\"async\" src=\"https:\/\/www.cafesg.gob.ar\/cafesg2\/wp-content\/uploads\/2020\/03\/1584122421jpg-1024x683.jpg\" alt=\"\" data-id=\"6507\" data-full-url=\"https:\/\/www.cafesg.gob.ar\/cafesg2\/wp-content\/uploads\/2020\/03\/1584122421jpg.jpg\" data-link=\"https:\/\/www.cafesg.gob.ar\/cafesg2\/cafesg-avanza-con-capacitaciones-para-emprendedores-de-feliciano.php\/1584122421jpg\" class=\"wp-image-6507\"\/><\/figure><\/li><li class=\"blocks-gallery-item\"><figure><img decoding=\"async\" src=\"https:\/\/www.cafesg.gob.ar\/cafesg2\/wp-content\/uploads\/2020\/03\/1584122248jpg-1-1024x683.jpg\" alt=\"\" data-id=\"6514\" data-full-url=\"https:\/\/www.cafesg.gob.ar\/cafesg2\/wp-content\/uploads\/2020\/03\/1584122248jpg-1.jpg\" data-link=\"https:\/\/www.cafesg.gob.ar\/cafesg2\/cafesg-avanza-con-capacitaciones-para-emprendedores-de-feliciano-2.php\/1584122248jpg-1\" class=\"wp-image-6514\"\/><\/figure><\/li><\/ul><\/figure>\n\n\n\n<p><br><br> Al respecto la vocal Lorenz se\u00f1al\u00f3: \u201cNos reunimos con el intendente y la secretaria de producci\u00f3n para colaborar y poder mejorar el desarrollo de la feria mediante capacitaciones, ya que es un aspecto que venimos trabajando desde Cafesg en cuanto al desarrollo regional\u201d, y agreg\u00f3 tambi\u00e9n que \u201cestuvimos charlando con los emprendedores y nos plantearon de poder incorporar la tarjeta alimentaria proveniente del gobierno nacional en la feria. Observamos el trabajo que realizan y con la gente del \u00e1rea de desarrollo de Cafesg pudimos analizar los aspectos a abordar\u201d.<br><br> Por su parte, Gisela Huber destac\u00f3 el trabajo que se viene realizando desde la instituci\u00f3n en cuanto a las capacitaciones y subrayo que \u201clos emprendedores est\u00e1n muy bien organizados y poseen mucha demanda para lo que necesitan diversificar y aumentar la producci\u00f3n. En tal sentido nos comprometimos a trabajar conjuntamente con ellos y el municipio\u201d.<br><br> Como parte de la agenda, se visit\u00f3 la comuna San V\u00edctor, cercana a la ciudad, poniendo a disposici\u00f3n el programa de apoyo al desarrollo sostenible de comunas y peque\u00f1os municipios de la Regi\u00f3n de Salto Grande. <\/p>\n","protected":false},"excerpt":{"rendered":"<p>Con el objetivo de avanzar en la articulaci\u00f3n de acciones a trav\u00e9s de las capacitaciones que brinda la Comisi\u00f3n Administradora para el Fondo Especial de Salto Grande (Cafesg), sus vocales visitaron la feria de emprendedores realizada por el municipio de San Jos\u00e9 de Feliciano. Del encuentro participaron los vocales de Cafesg, Eduardo Mozetic y Celeste [&hellip;]<\/p>\n","protected":false},"author":5,"featured_media":0,"comment_status":"open","ping_status":"open","sticky":false,"template":"","format":"standard","meta":{"footnotes":""},"categories":[15],"tags":[],"class_list":["post-6509","post","type-post","status-publish","format-standard","hentry","category-noticias"],"_links":{"self":[{"href":"https:\/\/cafesg.gob.ar\/cafesg2\/wp-json\/wp\/v2\/posts\/6509","targetHints":{"allow":["GET"]}}],"collection":[{"href":"https:\/\/cafesg.gob.ar\/cafesg2\/wp-json\/wp\/v2\/posts"}],"about":[{"href":"https:\/\/cafesg.gob.ar\/cafesg2\/wp-json\/wp\/v2\/types\/post"}],"author":[{"embeddable":true,"href":"https:\/\/cafesg.gob.ar\/cafesg2\/wp-json\/wp\/v2\/users\/5"}],"replies":[{"embeddable":true,"href":"https:\/\/cafesg.gob.ar\/cafesg2\/wp-json\/wp\/v2\/comments?post=6509"}],"version-history":[{"count":0,"href":"https:\/\/cafesg.gob.ar\/cafesg2\/wp-json\/wp\/v2\/posts\/6509\/revisions"}],"wp:attachment":[{"href":"https:\/\/cafesg.gob.ar\/cafesg2\/wp-json\/wp\/v2\/media?parent=6509"}],"wp:term":[{"taxonomy":"category","embeddable":true,"href":"https:\/\/cafesg.gob.ar\/cafesg2\/wp-json\/wp\/v2\/categories?post=6509"},{"taxonomy":"post_tag","embeddable":true,"href":"https:\/\/cafesg.gob.ar\/cafesg2\/wp-json\/wp\/v2\/tags?post=6509"}],"curies":[{"name":"wp","href":"https:\/\/api.w.org\/{rel}","templated":true}]}}