 {"id":6419,"date":"2020-01-24T12:40:23","date_gmt":"2020-01-24T15:40:23","guid":{"rendered":"http:\/\/www.cafesg.gob.ar\/web\/?p=6419"},"modified":"2020-01-24T12:40:23","modified_gmt":"2020-01-24T15:40:23","slug":"el-centro-de-desarrollo-foresto-industrial-tuvo-su-primera-reunion-del-ano-en-cafesg","status":"publish","type":"post","link":"https:\/\/cafesg.gob.ar\/cafesg2\/el-centro-de-desarrollo-foresto-industrial-tuvo-su-primera-reunion-del-ano-en-cafesg\/","title":{"rendered":"El Centro de Desarrollo Foresto Industrial tuvo su primera reuni\u00f3n del a\u00f1o en CAFESG"},"content":{"rendered":"<p>El Centro de Desarrollo Foresto Industrial (CeDeFI) tuvo su primera reuni\u00f3n de 2020 en las instalaciones de la Comisi\u00f3n Administradora para el Fondo Especial de Salto Grande (CAFESG), organismo provincial que propici\u00f3 su creaci\u00f3n desde el  a\u00f1o 2005 y viera su concreci\u00f3n en 2009, momento desde el cual forma parte de su Consejo de Administraci\u00f3n.<br \/>\n\tEn esta oportunidad, adem\u00e1s de las instituciones que la componen generalmente, particip\u00f3 de la mesa el recientemente designado vocal de CAFESG, Eduardo Asueta.<br \/>\n\tDentro del orden del d\u00eda a tratar en el encuentro estaba un balance de la gesti\u00f3n durante 2019, la propuesta de candidatos para renovar autoridades, planificaci\u00f3n junto con las instituciones educativas y el sector privado de necesidades del sector para 2020, esto \u00faltimo tiene que ver con carreras y cursos de capacitaci\u00f3n espec\u00edficos para el sector maderero, entre otros temas.<br \/>\nLuego de la reuni\u00f3n, Gretel Scelzi, directora del Centro Oriental (Ex Entre R\u00edos) del Instituto Nacional de Tecnolog\u00eda Industrial (INTI), manifest\u00f3 que \u201cdesde INTI estamos tratando de avanzar en algunos protocolos para mejorar la calidad de los productos que se realizan en los aserraderos, y tambi\u00e9n en el apoyo a las distintas \u00e1reas para poder ir sumando en cuanto a mejoramiento y trabajos conjuntos entre las distintas organizaciones\u201d.<br \/>\n\u201cLa idea de estos espacios siempre es la de hacer trabajos articulados  y sumar capacidades, siempre potenciando a las organizaciones y cada uno con su peque\u00f1a capacidad poder hacer algo para la parte productiva\u201d complet\u00f3 Scelzi.<br \/>\nEn tanto, Mart\u00edn Azzali, miembro del equipo de Desarrollo Regional de CAFESG, uno de los fundadores y part\u00edcipe desde los comienzos de CeDeFI, relat\u00f3 en relaci\u00f3n a al encuentro que mantuvo el Consejo de Administraci\u00f3n que \u201cla reuni\u00f3n fue para encarar el a\u00f1o, se habl\u00f3 acerca de c\u00f3mo impulsar acciones que tiendan a fomentar la construcci\u00f3n de viviendas de madera para promover el sector foresto,  incluso c\u00f3mo comercialmente se pueden promover los productos entrerrianos como productos madereros de alta calidad,  en este sentido evaluamos acciones que podr\u00edamos hacer desde CAFESG, INTI, INTA y otras instituciones para promover esto desde nuestras instituciones hacia el sector maderero\u201d.<br \/>\nHoy en d\u00eda, tenemos convenio con ocho empresas privadas que construyen en madera, y lo que hacemos es certificarles cada una de las construcciones que realizan como viviendas sustentables de alta prestaci\u00f3n con un certificado que tiene el CEDEFI otorgado por la Secretar\u00eda de Vivienda de la Naci\u00f3n, esto brinda un sello de calidad a esas viviendas ya que antes de otorgarles el certificado, hacemos una auditor\u00eda a la obra y reci\u00e9n cuando superan ese control se les otorga el mismo\u201d finaliz\u00f3 Azzali.<br \/>\nPor \u00faltimo, Andr\u00e9s Mastrandrea, representante del INTA en la mesa y presidente vigente a\u00fan, explic\u00f3 en relaci\u00f3n a las carreras y capacitaciones que lo que se busca desde CeDeFI es \u201ctratar de ver todo lo que es capacitaci\u00f3n integral para lo que es la cadena forestal con intervenci\u00f3n en tecnicaturas que tenga que ver tanto con la actividad primaria forestal como secundaria, gestionar que estas tecnicaturas se concreten ac\u00e1 en la regi\u00f3n, trabajar con las escuelas t\u00e9cnicas y tambi\u00e9n alg\u00fan grado superior para profesionales, como una diplomatura o alg\u00fan grado mayor en temas relacionados con lo forestal para reforzar el sector\u201d.<br \/>\nPara finalizar, Mastrandrea inform\u00f3 que tambi\u00e9n est\u00e1n trabajando en \u201clo que ser\u00eda alguna marca regional  de calidad del producto entrerriano, algo que identifique al producto y que nos pueda distinguir tanto en la regi\u00f3n como en otras regiones donde nuestros productos son comercializados\u201d.<br \/>\n\tLas instituciones que componen CeDeFI son: Asociaci\u00f3n Forestal Argentina (AFoA), Industriales madereros y Forestales de Entre R\u00edos (IMFER), C\u00e1mara de constructores en madera de Entre R\u00edos, Instituto Nacional de Tecnolog\u00eda Agropecuaria (INTA), , Instituto Nacional de Tecnolog\u00eda Industrial (INTI), Universidad Aut\u00f3noma de Entre R\u00edos (UADER), Universidad Nacional de Entre R\u00edos (UNER), Universidad de Concepci\u00f3n del Uruguay (UCU), Universidad Tecnol\u00f3gica Nacional Regional Uruguay (UTN), Comisi\u00f3n Administradora para el Fondo Especial de Salto Grande (CAFESG), Municipalidad de Concordia, Direcci\u00f3n Nacional de Desarrollo Forestal y Ministerio de Agricultura, Ganader\u00eda y Pesca de la Naci\u00f3n.<br \/>\n<a href=\"https:\/\/www.cafesg.gob.ar\/cafesg2\/wp-content\/uploads\/2020\/01\/DSC_0285.jpeg\"><img loading=\"lazy\" decoding=\"async\" src=\"https:\/\/www.cafesg.gob.ar\/cafesg2\/wp-content\/uploads\/2020\/01\/DSC_0285-300x192.jpeg\" alt=\"DSC_0285\" width=\"300\" height=\"192\" class=\"alignnone size-medium wp-image-6420\" \/><\/a> <a href=\"https:\/\/www.cafesg.gob.ar\/cafesg2\/wp-content\/uploads\/2020\/01\/DSC_0292.jpeg\"><img loading=\"lazy\" decoding=\"async\" src=\"https:\/\/www.cafesg.gob.ar\/cafesg2\/wp-content\/uploads\/2020\/01\/DSC_0292-300x170.jpeg\" alt=\"DSC_0292\" width=\"300\" height=\"170\" class=\"alignnone size-medium wp-image-6421\" \/><\/a><br \/>\n<a href=\"https:\/\/www.cafesg.gob.ar\/cafesg2\/wp-content\/uploads\/2020\/01\/DSC_0301.jpeg\"><img loading=\"lazy\" decoding=\"async\" src=\"https:\/\/www.cafesg.gob.ar\/cafesg2\/wp-content\/uploads\/2020\/01\/DSC_0301-300x200.jpeg\" alt=\"DSC_0301\" width=\"300\" height=\"200\" class=\"alignnone size-medium wp-image-6422\" \/><\/a> <a href=\"https:\/\/www.cafesg.gob.ar\/cafesg2\/wp-content\/uploads\/2020\/01\/DSC_0304.jpeg\"><img loading=\"lazy\" decoding=\"async\" src=\"https:\/\/www.cafesg.gob.ar\/cafesg2\/wp-content\/uploads\/2020\/01\/DSC_0304-300x200.jpeg\" alt=\"DSC_0304\" width=\"300\" height=\"200\" class=\"alignnone size-medium wp-image-6423\" \/><\/a><\/p>\n","protected":false},"excerpt":{"rendered":"<p>El Centro de Desarrollo Foresto Industrial (CeDeFI) tuvo su primera reuni\u00f3n de 2020 en las instalaciones de la Comisi\u00f3n Administradora para el Fondo Especial de Salto Grande (CAFESG), organismo provincial que propici\u00f3 su creaci\u00f3n desde el a\u00f1o 2005 y viera su concreci\u00f3n en 2009, momento desde el cual forma parte de su Consejo de Administraci\u00f3n. [&hellip;]<\/p>\n","protected":false},"author":5,"featured_media":0,"comment_status":"open","ping_status":"open","sticky":false,"template":"","format":"standard","meta":{"footnotes":""},"categories":[15],"tags":[],"class_list":["post-6419","post","type-post","status-publish","format-standard","hentry","category-noticias"],"_links":{"self":[{"href":"https:\/\/cafesg.gob.ar\/cafesg2\/wp-json\/wp\/v2\/posts\/6419","targetHints":{"allow":["GET"]}}],"collection":[{"href":"https:\/\/cafesg.gob.ar\/cafesg2\/wp-json\/wp\/v2\/posts"}],"about":[{"href":"https:\/\/cafesg.gob.ar\/cafesg2\/wp-json\/wp\/v2\/types\/post"}],"author":[{"embeddable":true,"href":"https:\/\/cafesg.gob.ar\/cafesg2\/wp-json\/wp\/v2\/users\/5"}],"replies":[{"embeddable":true,"href":"https:\/\/cafesg.gob.ar\/cafesg2\/wp-json\/wp\/v2\/comments?post=6419"}],"version-history":[{"count":0,"href":"https:\/\/cafesg.gob.ar\/cafesg2\/wp-json\/wp\/v2\/posts\/6419\/revisions"}],"wp:attachment":[{"href":"https:\/\/cafesg.gob.ar\/cafesg2\/wp-json\/wp\/v2\/media?parent=6419"}],"wp:term":[{"taxonomy":"category","embeddable":true,"href":"https:\/\/cafesg.gob.ar\/cafesg2\/wp-json\/wp\/v2\/categories?post=6419"},{"taxonomy":"post_tag","embeddable":true,"href":"https:\/\/cafesg.gob.ar\/cafesg2\/wp-json\/wp\/v2\/tags?post=6419"}],"curies":[{"name":"wp","href":"https:\/\/api.w.org\/{rel}","templated":true}]}}