 {"id":6338,"date":"2019-09-10T21:32:28","date_gmt":"2019-09-11T00:32:28","guid":{"rendered":"http:\/\/www.cafesg.gob.ar\/web\/?p=6338"},"modified":"2019-09-10T21:32:28","modified_gmt":"2019-09-11T00:32:28","slug":"cafesg-y-fundacion-uocra-capacitan-trabajadores-dela-construccion-en-federacion","status":"publish","type":"post","link":"https:\/\/cafesg.gob.ar\/cafesg2\/cafesg-y-fundacion-uocra-capacitan-trabajadores-dela-construccion-en-federacion\/","title":{"rendered":"CAFESG Y Fundaci\u00f3n UOCRA capacitan trabajadores dela construcci\u00f3n en Federaci\u00f3n"},"content":{"rendered":"<p>En el marcodel Programa de capacitaci\u00f3n para trabajadores de la construcci\u00f3n que llevanadelante la Comisi\u00f3n Administradora para el Fondo Especial de Salto Grande(CAFESG) y la Fundaci\u00f3n de la Uni\u00f3n Obrera de la Construcci\u00f3n de la Rep\u00fablica Argentina(UOCRA) desde el a\u00f1o 2004, dieron comienzo este lunes dos capacitaciones en laciudad de Federaci\u00f3n, una en Alba\u00f1iler\u00eda y otra en Instalaciones sanitariasdomiciliarias. Ambas tienenuna duraci\u00f3n de 164 horas reloj (aproximadamente 2 meses), y se llevar\u00e1n a caboen el Centro de Veteranos de F\u00fatbol de la mencionada localidad en el horario de19:00 a 23:00hs de lunes a viernes. El cupo, 25 alumnos por capacitaci\u00f3n, seencuentra completo.Adem\u00e1s delconocimiento, se les brinda a los participantes elementos de seguridad(pantal\u00f3n, camisa, botines, casco, guantes y antiparras) as\u00ed como tambi\u00e9nelementos did\u00e1cticos (manual de estudio, cuaderno y birome).Lacapacitaci\u00f3n est\u00e1 destinada a cualquier persona mayor de 18 a\u00f1os. Es requisitopara la aprobaci\u00f3n de la misma el 80% de asistencia, con lo cual se accede a lacredencial del Fondo de Desempleo.\u00a0\u00a0\u00a0\u00a0\u00a0\u00a0\u00a0\u00a0\u00a0\u00a0\u00a0 Elcoordinador general de CAFESG, Roberto Acu\u00f1a, quien se hizo presente en ellanzamiento de las capacitaciones manifest\u00f3 que \u201ces muy satisfactorio poderllegar con estos cursos de capacitaci\u00f3n a la ciudad de Federaci\u00f3n ya que nuestroobjetivo siempre es trabajar para toda la regi\u00f3n de Salto Grande, no solo enobras, sino con este tipo de iniciativas que ya tienen 15 a\u00f1os de continuidad ycuya calidad acad\u00e9mica ha sido probada a lo largo de todo este per\u00edodo\u201d.\u00a0\u00a0\u00a0\u00a0\u00a0\u00a0\u00a0\u00a0\u00a0\u00a0\u00a0 ParaAcu\u00f1a, adem\u00e1s, \u201cpoder brindar una herramienta, como es la capacitaci\u00f3n enoficios, que permita a estas personas tener una salida laboral, sobre todo entiempos tan dif\u00edciles como los que vive hoy nuestro pa\u00eds, es casi unaobligaci\u00f3n para nosotros, porque de esto tambi\u00e9n hablamos cuando hablamos dedesarrollo, sobre todo si de desarrollo humano se trata\u201d finaliz\u00f3 elfuncionario.\u00a0\u00a0\u00a0\u00a0\u00a0\u00a0\u00a0\u00a0\u00a0\u00a0\u00a0 Enel marco del Programa de capacitaciones para trabajadores de la construcci\u00f3n sebusca como objetivo generar un nivel de formaci\u00f3n para desempe\u00f1arse en el mundode la construcci\u00f3n, mejorar las condiciones de empleo de los beneficiarios atrav\u00e9s de la formaci\u00f3n, fortalecer a los trabajadores vinculados con el sectorde la construcci\u00f3n a partir de un desarrollo tem\u00e1tico que guarda estrecharelaci\u00f3n con los planes de obra que despliegan las empresas constructoras en elmediano plazo, promover el crecimiento del sector de la construcci\u00f3n comogenerador de empleo genuino y como motorizador de las econom\u00edas regionales,buscando mejorar la calificaci\u00f3n de los trabajadores, difundir masivamentemateriales informativos sobre cuestiones vinculadas con la prevenci\u00f3n deriesgos, promoviendo la cultura de la seguridad y la salud en el trabajo,contribuir a la productividad de las empresas constructoras fortaleciendo susplanteles con personal mejor formado.\u00a0\u00a0\u00a0\u00a0\u00a0\u00a0\u00a0\u00a0\u00a0\u00a0\u00a0 Entoda la Regi\u00f3n de Salto Grande, desde el a\u00f1o 2004 a la fecha, se hanimplementado cursos sobre distintos oficios, ofrecidos en forma conjunta por laComisi\u00f3n Administradora para el Fondo Especial de Salto Grande (CAFESG), laFundaci\u00f3n UOCRA, Fundaci\u00f3n de Educaci\u00f3n y Capacitaci\u00f3n para los Trabajadores dela Construcci\u00f3n, Secretaria de Trabajo, Empleo y Seguridad Social de la Naci\u00f3n,Instituto de Estad\u00edstica y Registro de la Industria de la Construcci\u00f3n (IERIC)y la C\u00e1mara Argentina de la Construcci\u00f3n (CAC).\u00a0\u00a0\u00a0\u00a0\u00a0\u00a0\u00a0\u00a0\u00a0\u00a0\u00a0 Estuvieron presentes en el acto de lanzamiento de las capacitaciones el vocal de laoposici\u00f3n de CAFESG oriundo de Federaci\u00f3n, Rub\u00e9n Rastelli, la coordinadora del\u00e1rea de Desarrollo Regional del mismo organismo, Gisela Huber, la concejalelecta recientemente Carina Tisocco, personal municipal y de CAFESG con sede enla ciudad jard\u00edn, alumnos y p\u00fablico en general.<br \/>\n<a href=\"https:\/\/www.cafesg.gob.ar\/cafesg2\/wp-content\/uploads\/2019\/09\/Capacitaci\u00f3n-Federaci\u00f3n-2.jpeg\"><img loading=\"lazy\" decoding=\"async\" src=\"https:\/\/www.cafesg.gob.ar\/cafesg2\/wp-content\/uploads\/2019\/09\/Capacitaci\u00f3n-Federaci\u00f3n-2-300x141.jpeg\" alt=\"Capacitaci\u00f3n Federaci\u00f3n 2\" width=\"300\" height=\"141\" class=\"alignnone size-medium wp-image-6339\" \/><\/a> <a href=\"https:\/\/www.cafesg.gob.ar\/cafesg2\/wp-content\/uploads\/2019\/09\/Capacitaci\u00f3n-Federaci\u00f3n-3.jpeg\"><img loading=\"lazy\" decoding=\"async\" src=\"https:\/\/www.cafesg.gob.ar\/cafesg2\/wp-content\/uploads\/2019\/09\/Capacitaci\u00f3n-Federaci\u00f3n-3-300x185.jpeg\" alt=\"Capacitaci\u00f3n Federaci\u00f3n 3\" width=\"300\" height=\"185\" class=\"alignnone size-medium wp-image-6340\" \/><\/a><br \/>\n<a href=\"https:\/\/www.cafesg.gob.ar\/cafesg2\/wp-content\/uploads\/2019\/09\/Capacitaci\u00f3n-Federaci\u00f3n-4.jpeg\"><img loading=\"lazy\" decoding=\"async\" src=\"https:\/\/www.cafesg.gob.ar\/cafesg2\/wp-content\/uploads\/2019\/09\/Capacitaci\u00f3n-Federaci\u00f3n-4-300x141.jpeg\" alt=\"Capacitaci\u00f3n Federaci\u00f3n 4\" width=\"300\" height=\"141\" class=\"alignnone size-medium wp-image-6341\" \/><\/a> <a href=\"https:\/\/www.cafesg.gob.ar\/cafesg2\/wp-content\/uploads\/2019\/09\/Capacitaci\u00f3n-Federaci\u00f3n.jpeg\"><img loading=\"lazy\" decoding=\"async\" src=\"https:\/\/www.cafesg.gob.ar\/cafesg2\/wp-content\/uploads\/2019\/09\/Capacitaci\u00f3n-Federaci\u00f3n-300x141.jpeg\" alt=\"Capacitaci\u00f3n Federaci\u00f3n\" width=\"300\" height=\"141\" class=\"alignnone size-medium wp-image-6342\" \/><\/a><\/p>\n","protected":false},"excerpt":{"rendered":"<p>En el marcodel Programa de capacitaci\u00f3n para trabajadores de la construcci\u00f3n que llevanadelante la Comisi\u00f3n Administradora para el Fondo Especial de Salto Grande(CAFESG) y la Fundaci\u00f3n de la Uni\u00f3n Obrera de la Construcci\u00f3n de la Rep\u00fablica Argentina(UOCRA) desde el a\u00f1o 2004, dieron comienzo este lunes dos capacitaciones en laciudad de Federaci\u00f3n, una en Alba\u00f1iler\u00eda y [&hellip;]<\/p>\n","protected":false},"author":5,"featured_media":0,"comment_status":"open","ping_status":"open","sticky":false,"template":"","format":"standard","meta":{"footnotes":""},"categories":[15],"tags":[],"class_list":["post-6338","post","type-post","status-publish","format-standard","hentry","category-noticias"],"_links":{"self":[{"href":"https:\/\/cafesg.gob.ar\/cafesg2\/wp-json\/wp\/v2\/posts\/6338","targetHints":{"allow":["GET"]}}],"collection":[{"href":"https:\/\/cafesg.gob.ar\/cafesg2\/wp-json\/wp\/v2\/posts"}],"about":[{"href":"https:\/\/cafesg.gob.ar\/cafesg2\/wp-json\/wp\/v2\/types\/post"}],"author":[{"embeddable":true,"href":"https:\/\/cafesg.gob.ar\/cafesg2\/wp-json\/wp\/v2\/users\/5"}],"replies":[{"embeddable":true,"href":"https:\/\/cafesg.gob.ar\/cafesg2\/wp-json\/wp\/v2\/comments?post=6338"}],"version-history":[{"count":0,"href":"https:\/\/cafesg.gob.ar\/cafesg2\/wp-json\/wp\/v2\/posts\/6338\/revisions"}],"wp:attachment":[{"href":"https:\/\/cafesg.gob.ar\/cafesg2\/wp-json\/wp\/v2\/media?parent=6338"}],"wp:term":[{"taxonomy":"category","embeddable":true,"href":"https:\/\/cafesg.gob.ar\/cafesg2\/wp-json\/wp\/v2\/categories?post=6338"},{"taxonomy":"post_tag","embeddable":true,"href":"https:\/\/cafesg.gob.ar\/cafesg2\/wp-json\/wp\/v2\/tags?post=6338"}],"curies":[{"name":"wp","href":"https:\/\/api.w.org\/{rel}","templated":true}]}}