 {"id":632,"date":"2010-11-18T09:56:32","date_gmt":"2010-11-18T11:56:32","guid":{"rendered":"http:\/\/cafesg.gov.ar\/web\/?p=632"},"modified":"2010-11-18T09:56:32","modified_gmt":"2010-11-18T11:56:32","slug":"otro-impulso-de-cafesg-para-mejorar-la-calidad-de-vida-de-un-vasto-sector-de-la-poblacion","status":"publish","type":"post","link":"https:\/\/cafesg.gob.ar\/cafesg2\/otro-impulso-de-cafesg-para-mejorar-la-calidad-de-vida-de-un-vasto-sector-de-la-poblacion\/","title":{"rendered":"Otro impulso de CAFESG para mejorar la calidad de vida de un vasto sector de la poblaci\u00f3n"},"content":{"rendered":"<p><strong>El martes 30 se conocer\u00e1n las ofertas para la obra de cord\u00f3n cuneta y desag\u00fces pluviales en el barrio La Colina<\/strong><\/p>\n<p>El \u00faltimo d\u00eda de este mes, a las 9, tendr\u00e1 lugar en la sede de CAFESG el acto de Apertura de Ofertas para la ejecuci\u00f3n de la obra de cord\u00f3n cuneta y desag\u00fces pluviales en el barrio concordiense La Colina, cuyo Presupuesto Oficial asciende a la suma de 1,5 millones de pesos. El plazo l\u00edmite para la realizaci\u00f3n de los trabajos es de 150 d\u00edas corridos.<\/p>\n<p>\u201cEsta es una obra muy importante para los vecinos del barrio La Colina, que la reclamaban insistentemente \u2013indic\u00f3 Hugo Ballay\u2013; pero no deja de ser una m\u00e1s de las innumerables obras que lleva adelante CAFESG en los ocho departamentos de su zona de incumbencia, en las ciudades de cabecera y en los pueblos m\u00e1s peque\u00f1os. Todos se benefician con nuestra pol\u00edtica de obras p\u00fablicas, que emana del Ejecutivo provincial\u201d, complet\u00f3 el presidente del organismo con sede en Concordia.<\/p>\n<p style=\"text-align: center;\"><a href=\"https:\/\/cafesg.gov.ar\/web\/wp-content\/uploads\/2010\/11\/Establecimiento-CAFESG.jpg\"><img loading=\"lazy\" decoding=\"async\" class=\"size-medium wp-image-633 aligncenter\" title=\"Establecimiento CAFESG\" src=\"https:\/\/cafesg.gov.ar\/web\/wp-content\/uploads\/2010\/11\/Establecimiento-CAFESG-300x253.jpg\" alt=\"\" width=\"300\" height=\"253\" \/><\/a><\/p>\n<p><strong>Detalles del emprendimiento<\/strong><\/p>\n<p>Esta obra dotar\u00e1 de cordones cuneta y badenes a la trama urbana comprendida entre las calles Ricardo Rojas al norte, Maestra Enriqueta Tavella al este, Dr. Del Cerro al sur y Boulevard Yuquer\u00ed al oeste. El objetivo es normalizar y optimizar el escurrimiento superficial de los excedentes pluviales hacia las captaciones existentes y a construir.<\/p>\n<p>A esos fines, se ejecutar\u00e1n los siguientes trabajos:<\/p>\n<p>1-Construcci\u00f3n de cordones cuneta: comprende las calles Ricardo Rojas entre calle Maestra Enriqueta L\u00f3pez y Boulevard Yuquer\u00ed; Calle N\u00ba 56 entre Ricardo Rojas y Dr. Del Cerro Sur; y Dr. Del Cerro entre Calle N\u00ba 56 y Boulevard Yuquer\u00ed.<\/p>\n<p>2-Badenes de hormig\u00f3n armado: se construir\u00e1n en las intersecciones de las calles para complementar el buen funcionamiento del sistema de desag\u00fces pluviales superficial, dando continuidad al desag\u00fce por cunetas y asegurando una r\u00e1pida circulaci\u00f3n del mismo hacia las captaciones existentes.<\/p>\n<p>3-Perfilado de calles: se proceder\u00e1 a la debida compactaci\u00f3n y al perfilado de las calzadas luego de haber construido los cordones cuneta.<\/p>\n<p>4-Demoliciones: para la construcci\u00f3n de las obras descriptas, se deber\u00e1 en algunos casos demoler tramos de cordones cuneta y\/o badenes existentes, que se encuentren deteriorados o no responden a los niveles de calle. Tambi\u00e9n se proceder\u00e1 a la rotura de sectores de pavimentos y veredas, los cuales deber\u00e1n ser repuestos en tiempo y forma por la empresa constructora adjudicataria de la obra.<\/p>\n<p>5-Desag\u00fces pluviales: se ha previsto mejorar la captaci\u00f3n de aguas de lluvia del desag\u00fce pluvial existente \u2013proveniente del barrio San Miguel\u2013 que en la esquina de Ricardo Rojas y Calle N\u00ba 56 descarga a un zanj\u00f3n existente. Asimismo se prev\u00e9 entubar este zanj\u00f3n para optimizar el funcionamiento del desag\u00fce pluvial en su tramo final, desde Ricardo Rojas y Calle N\u00ba 56 hasta Dr. Del Cerro; y desde esta esquina, por Dr. Del Cerro, hasta Boulevard Yuquer\u00ed, donde empalma con un canal tambi\u00e9n existente. El tramo mencionado se construir\u00e1 con canal de secci\u00f3n rectangular de hormig\u00f3n armado.<\/p>\n<p>Tambi\u00e9n, se ha contemplado la captaci\u00f3n de agua de lluvia superficial en las esquinas siguientes: Ricardo Rojas y Calle N\u00ba 56; Calle N\u00ba 56 y Dr. Del Cerro Norte; Calle N\u00ba 56 y Dr. Del Cerro Sur; y calle Dr. Del Cerro y Boulevard Yuquer\u00ed.<\/p>\n","protected":false},"excerpt":{"rendered":"<p>El martes 30 se conocer\u00e1n las ofertas para la obra de cord\u00f3n cuneta y desag\u00fces pluviales en el barrio La Colina El \u00faltimo d\u00eda de este mes, a las 9, tendr\u00e1 lugar en la sede de CAFESG el acto de Apertura de Ofertas para la ejecuci\u00f3n de la obra de cord\u00f3n cuneta y desag\u00fces pluviales [&hellip;]<\/p>\n","protected":false},"author":5,"featured_media":0,"comment_status":"open","ping_status":"open","sticky":false,"template":"","format":"standard","meta":{"footnotes":""},"categories":[15],"tags":[],"class_list":["post-632","post","type-post","status-publish","format-standard","hentry","category-noticias"],"_links":{"self":[{"href":"https:\/\/cafesg.gob.ar\/cafesg2\/wp-json\/wp\/v2\/posts\/632","targetHints":{"allow":["GET"]}}],"collection":[{"href":"https:\/\/cafesg.gob.ar\/cafesg2\/wp-json\/wp\/v2\/posts"}],"about":[{"href":"https:\/\/cafesg.gob.ar\/cafesg2\/wp-json\/wp\/v2\/types\/post"}],"author":[{"embeddable":true,"href":"https:\/\/cafesg.gob.ar\/cafesg2\/wp-json\/wp\/v2\/users\/5"}],"replies":[{"embeddable":true,"href":"https:\/\/cafesg.gob.ar\/cafesg2\/wp-json\/wp\/v2\/comments?post=632"}],"version-history":[{"count":0,"href":"https:\/\/cafesg.gob.ar\/cafesg2\/wp-json\/wp\/v2\/posts\/632\/revisions"}],"wp:attachment":[{"href":"https:\/\/cafesg.gob.ar\/cafesg2\/wp-json\/wp\/v2\/media?parent=632"}],"wp:term":[{"taxonomy":"category","embeddable":true,"href":"https:\/\/cafesg.gob.ar\/cafesg2\/wp-json\/wp\/v2\/categories?post=632"},{"taxonomy":"post_tag","embeddable":true,"href":"https:\/\/cafesg.gob.ar\/cafesg2\/wp-json\/wp\/v2\/tags?post=632"}],"curies":[{"name":"wp","href":"https:\/\/api.w.org\/{rel}","templated":true}]}}