 {"id":6147,"date":"2019-02-26T20:23:43","date_gmt":"2019-02-26T23:23:43","guid":{"rendered":"http:\/\/www.cafesg.gob.ar\/web\/?p=6147"},"modified":"2019-02-26T20:23:43","modified_gmt":"2019-02-26T23:23:43","slug":"rumbo-al-mundial-giano-y-lascurain-despidieron-atletas-discapacitados-de-la-escuelita-de-bochas-de-cafesg-que-estaran-en-abu-dabi","status":"publish","type":"post","link":"https:\/\/cafesg.gob.ar\/cafesg2\/rumbo-al-mundial-giano-y-lascurain-despidieron-atletas-discapacitados-de-la-escuelita-de-bochas-de-cafesg-que-estaran-en-abu-dabi\/","title":{"rendered":"Rumbo al mundial: Giano y Lascurain despidieron atletas discapacitados de la escuelita de bochas de CAFESG que estar\u00e1n en Abu Dabi"},"content":{"rendered":"<p>Se trata de Alejandro Silveira y Mar\u00eda Itat\u00ed \u201cTati\u201d Etcheverry quienes en enero recibieron la confirmaci\u00f3n por parte de Olimpiadas Argentinas de que forman parte de la delegaci\u00f3n argentina para ir a los Juegos Mundiales de Verano que se desarrollar\u00e1n en Abu Dabi del 14  al 21 de marzo de este a\u00f1o, son olimpiadas especiales, participan alrededor de siete mil atletas de 170 pa\u00edses.<br \/>\nAmbos, junto a otro grupo de alumnos, pertenecen a la escuela de bochas de CAFESG que dirige el profesor Ricardo Lagra\u00f1a y que funciona en el Club Alumni de la ciudad de Concordia. La misma fue creada a mediados de 2017 y le permiti\u00f3 a un grupo de atletas participar del Campeonato Argentino disputado en R\u00edo Negro donde Alejandro y Tati se consagraron campeones, lo que les posibilit\u00f3 obtener el pasaje a los Emiratos \u00c1rabes.<br \/>\n\tLuego del peque\u00f1o acto de despedida realizado en el Club Alumni, el vocal de CAFESG, Diego Lascurain manifest\u00f3 su agradecimiento \u201cal gobernador Gustavo Bordet, ya que con su decisi\u00f3n pol\u00edtica de sostener CAFESG en su peor momento posibilita que acciones de este tipo se sigan desarrollando y se pueda seguir trabajando en la inclusi\u00f3n de las personas con discapacidad en todos los \u00f3rdenes\u201d.<br \/>\n\t\u201cFelicito a Alejandro y a \u201cTati\u201d que son las estrellas de hoy y les deseo lo mejor en esta experiencia que van a vivir, m\u00e1s all\u00e1 de los logros deportivos lo importante es su desarrollo como personas\u201d continu\u00f3 el vocal de CAFESG.<br \/>\n\tPor \u00faltimo, agradeci\u00f3 tambi\u00e9n al Dario Morilla, presidente del Club Alumni \u201cpor prestar siempre las instalaciones y al senador Giano, mentor del \u00e1rea de Desarrollo de CAFESG por estar hoy despidiendo a los atletas\u201d finaliz\u00f3 Lascurain.<br \/>\n\tEn tanto, el senador por el departamento Concordia, \u00c1ngel Giano expres\u00f3 que \u201cdesde que Cafesg cre\u00f3 el \u00e1rea de Desarrollo, en el 2004, ha propiciado todo tipo de actividades de integraci\u00f3n, de apoyo a las distintas instituciones, que hoy acompa\u00f1an la alegr\u00eda de Alejandro y \u201cTati\u201d de representarnos a nivel mundial\u201d.<br \/>\n\u201cNos parece, no s\u00f3lo un orgullo, sino tambi\u00e9n una real posibilidad de integraci\u00f3n, que sirva para motivar a otras instituciones a generar actividades deportivas y culturales para la integraci\u00f3n, en consonancia con la pol\u00edtica de inclusi\u00f3n que lleva adelante el gobernador Bordet desde su gesti\u00f3n\u201d finaliz\u00f3 el legislador.<br \/>\nPor su parte, Ricardo Lagra\u00f1a, entrenador del equipo de bochas de la escuelita de CAFESG relat\u00f3 que \u201cluego de lo de R\u00edo Negro, seguimos entrenando con todos los alumnos, se hizo el torneo local de bochas en octubre del a\u00f1o pasado con unos cincuenta chicos con discapacidad de diferentes instituciones de la ciudad, donde \u201cTati\u201d y Alejandro volvieron a ganar\u201d.<br \/>\n\u201cSe entrena todos los d\u00edas dos horas a la ma\u00f1ana en el Club Alumni, m\u00e1s all\u00e1 de ser una competencia deportiva la idea es potenciar sus capacidades y talentos en el deporte, que vivan una experiencia distinta conociendo lugares y haciendo nuevos amigos, pregonamos el crecimiento personal y la inclusi\u00f3n a trav\u00e9s de una actividad deportiva\u201d, manifest\u00f3 Lagra\u00f1a en relaci\u00f3n a la preparaci\u00f3n para Abu Dabi.<br \/>\nEstuvieron presentes tambi\u00e9n el presidente de Codesal, Jos\u00e9 Luis Rodriguez y el presidente del Club Alumni, Dar\u00edo Morilla.<br \/>\n<a href=\"https:\/\/www.cafesg.gob.ar\/cafesg2\/wp-content\/uploads\/2019\/02\/Bochas.jpg\"><img loading=\"lazy\" decoding=\"async\" src=\"https:\/\/www.cafesg.gob.ar\/cafesg2\/wp-content\/uploads\/2019\/02\/Bochas-300x200.jpg\" alt=\"Bochas\" width=\"300\" height=\"200\" class=\"alignnone size-medium wp-image-6148\" \/><\/a> <a href=\"https:\/\/www.cafesg.gob.ar\/cafesg2\/wp-content\/uploads\/2019\/02\/Bochas-2.jpg\"><img loading=\"lazy\" decoding=\"async\" src=\"https:\/\/www.cafesg.gob.ar\/cafesg2\/wp-content\/uploads\/2019\/02\/Bochas-2-300x200.jpg\" alt=\"Bochas-2\" width=\"300\" height=\"200\" class=\"alignnone size-medium wp-image-6149\" \/><\/a><\/p>\n<p><a href=\"https:\/\/www.cafesg.gob.ar\/cafesg2\/wp-content\/uploads\/2019\/02\/Bochas-3.jpg\"><img loading=\"lazy\" decoding=\"async\" src=\"https:\/\/www.cafesg.gob.ar\/cafesg2\/wp-content\/uploads\/2019\/02\/Bochas-3-300x200.jpg\" alt=\"Bochas-3\" width=\"300\" height=\"200\" class=\"alignnone size-medium wp-image-6150\" \/><\/a><\/p>\n","protected":false},"excerpt":{"rendered":"<p>Se trata de Alejandro Silveira y Mar\u00eda Itat\u00ed \u201cTati\u201d Etcheverry quienes en enero recibieron la confirmaci\u00f3n por parte de Olimpiadas Argentinas de que forman parte de la delegaci\u00f3n argentina para ir a los Juegos Mundiales de Verano que se desarrollar\u00e1n en Abu Dabi del 14 al 21 de marzo de este a\u00f1o, son olimpiadas especiales, [&hellip;]<\/p>\n","protected":false},"author":5,"featured_media":0,"comment_status":"open","ping_status":"open","sticky":false,"template":"","format":"standard","meta":{"footnotes":""},"categories":[15],"tags":[],"class_list":["post-6147","post","type-post","status-publish","format-standard","hentry","category-noticias"],"_links":{"self":[{"href":"https:\/\/cafesg.gob.ar\/cafesg2\/wp-json\/wp\/v2\/posts\/6147","targetHints":{"allow":["GET"]}}],"collection":[{"href":"https:\/\/cafesg.gob.ar\/cafesg2\/wp-json\/wp\/v2\/posts"}],"about":[{"href":"https:\/\/cafesg.gob.ar\/cafesg2\/wp-json\/wp\/v2\/types\/post"}],"author":[{"embeddable":true,"href":"https:\/\/cafesg.gob.ar\/cafesg2\/wp-json\/wp\/v2\/users\/5"}],"replies":[{"embeddable":true,"href":"https:\/\/cafesg.gob.ar\/cafesg2\/wp-json\/wp\/v2\/comments?post=6147"}],"version-history":[{"count":0,"href":"https:\/\/cafesg.gob.ar\/cafesg2\/wp-json\/wp\/v2\/posts\/6147\/revisions"}],"wp:attachment":[{"href":"https:\/\/cafesg.gob.ar\/cafesg2\/wp-json\/wp\/v2\/media?parent=6147"}],"wp:term":[{"taxonomy":"category","embeddable":true,"href":"https:\/\/cafesg.gob.ar\/cafesg2\/wp-json\/wp\/v2\/categories?post=6147"},{"taxonomy":"post_tag","embeddable":true,"href":"https:\/\/cafesg.gob.ar\/cafesg2\/wp-json\/wp\/v2\/tags?post=6147"}],"curies":[{"name":"wp","href":"https:\/\/api.w.org\/{rel}","templated":true}]}}