 {"id":6141,"date":"2019-02-19T19:46:07","date_gmt":"2019-02-19T22:46:07","guid":{"rendered":"http:\/\/www.cafesg.gob.ar\/web\/?p=6141"},"modified":"2019-02-19T19:46:07","modified_gmt":"2019-02-19T22:46:07","slug":"cafesg-en-la-criolla-ya-quedo-instalado-el-nuevo-tanque-de-agua","status":"publish","type":"post","link":"https:\/\/cafesg.gob.ar\/cafesg2\/cafesg-en-la-criolla-ya-quedo-instalado-el-nuevo-tanque-de-agua\/","title":{"rendered":"CAFESG: En La Criolla ya qued\u00f3 instalado el nuevo tanque de agua"},"content":{"rendered":"<p>T\u00e9cnicos de la Comisi\u00f3n Administradora para el Fondo Especial de Salto Grande (CAFESG), constataron junto al intendente de La Criolla, Nicol\u00e1s Passarello, el montaje del nuevo tanque de agua de 50 mil litros que  junto al pozo semisurgente reforzar\u00e1 el suministro de agua potable en la mencionada localidad.<br \/>\nPassarello, luego de la recorrida le agradeci\u00f3 \u201cal Gobernador por cumplir su palabra y concretar esta obra tan esperada para La Criolla, hoy ya tenemos el tanque, esperamos el pozo que comenzar\u00e1 la construcci\u00f3n en estos d\u00edas para ponerlo en operatividad\u201d<br \/>\n\u201cTambi\u00e9n hago extensivo el agradecimiento a las autoridades y t\u00e9cnicos de CAFECG que hizo el proyecto y llev\u00f3 adelante el control de obra\u201d concluy\u00f3 el presidente municipal.<br \/>\nPor su parte, Gustavo Larenze, Coordinador de Obras de CAFESG, se\u00f1al\u00f3 que \u201cluego de haber recorrido la obra y presenciado el montaje estamos conformes con lo realizado hasta ahora por la empresa ya que viene cumpliendo los trabajos seg\u00fan lo requerido en los pliegos\u201d.<br \/>\n\u201cPara nosotros salir a recorrer un obra que se proyecta y se licita e inspecciona desde nuestro organismo siempre es una gran satisfacci\u00f3n, ya que vemos en el lugar c\u00f3mo cada uno de estos trabajos viene a cubrir una necesidad real en cada comunidad y la manera en que la misma mejora en alg\u00fan aspecto la vida particular y comunitaria de los vecinos\u201d finaliz\u00f3 el t\u00e9cnico del organismo provincial.<br \/>\nDe la recorrida participaron, Dario Burna, Coordinador de Proyectos; Gustavo Larenze, Coordinador de Obras y Domingo Coronel, Inspector de Obra, todos de CAFESG; adem\u00e1s estuvo el empresario Santiago Vecchio (en representaci\u00f3n de la empresa que realiza los trabajos. Acompa\u00f1aron el Presidente Municipal Nicol\u00e1s Passarello; el vice, Juan Purgart; el Secretario de Gobierno, Ariel Stuker; y el Concejal Antonio Panozzo.<\/p>\n<p>La Obra<br \/>\nLa obra, tiene previsto un tanque de provisi\u00f3n de capacidad de 50.000 litros sustentado en una torre de 20 metros, la perforaci\u00f3n del pozo semisurgente, as\u00ed como la ejecuci\u00f3n de la casilla de comandos para los distintos elementos que lo requieran.<br \/>\nLos trabajos son llevados adelante por la empresa Vecchio Construcciones SRL ya que en la licitaci\u00f3n realizada el \u00fanico oferente fue dicha constructora, cotizando $2.430.458,49 los trabajos a realizar.<br \/>\nCabe destacar que las obras que ejecuta CAFESG se inscriben en el denominado Plan de infraestructura b\u00e1sica que el Gobierno Provincial lleva delante de manera especial en peque\u00f1as comunidades del suelo entrerriano.<br \/>\nEl mismo, es coordinado por el ministro de Planeamiento de la provincia, Luis Benedetto, y consensuado entre CAFESG y los intendentes y presidentes de juntas de Gobierno de cada localidad<br \/>\n<a href=\"https:\/\/www.cafesg.gob.ar\/cafesg2\/wp-content\/uploads\/2019\/02\/Tanque-La-Criolla-2.jpeg\"><img loading=\"lazy\" decoding=\"async\" src=\"https:\/\/www.cafesg.gob.ar\/cafesg2\/wp-content\/uploads\/2019\/02\/Tanque-La-Criolla-2-300x225.jpeg\" alt=\"Tanque La Criolla 2\" width=\"300\" height=\"225\" class=\"alignnone size-medium wp-image-6142\" \/><\/a> <a href=\"https:\/\/www.cafesg.gob.ar\/cafesg2\/wp-content\/uploads\/2019\/02\/Tanque-La-Criolla-3.jpeg\"><img loading=\"lazy\" decoding=\"async\" src=\"https:\/\/www.cafesg.gob.ar\/cafesg2\/wp-content\/uploads\/2019\/02\/Tanque-La-Criolla-3-225x300.jpeg\" alt=\"Tanque La Criolla 3\" width=\"225\" height=\"300\" class=\"alignnone size-medium wp-image-6143\" \/><\/a><\/p>\n<p><a href=\"https:\/\/www.cafesg.gob.ar\/cafesg2\/wp-content\/uploads\/2019\/02\/Tanque-La-Criolla.jpeg\"><img loading=\"lazy\" decoding=\"async\" src=\"https:\/\/www.cafesg.gob.ar\/cafesg2\/wp-content\/uploads\/2019\/02\/Tanque-La-Criolla-225x300.jpeg\" alt=\"Tanque La Criolla\" width=\"225\" height=\"300\" class=\"alignnone size-medium wp-image-6144\" \/><\/a><\/p>\n","protected":false},"excerpt":{"rendered":"<p>T\u00e9cnicos de la Comisi\u00f3n Administradora para el Fondo Especial de Salto Grande (CAFESG), constataron junto al intendente de La Criolla, Nicol\u00e1s Passarello, el montaje del nuevo tanque de agua de 50 mil litros que junto al pozo semisurgente reforzar\u00e1 el suministro de agua potable en la mencionada localidad. Passarello, luego de la recorrida le agradeci\u00f3 [&hellip;]<\/p>\n","protected":false},"author":5,"featured_media":0,"comment_status":"open","ping_status":"open","sticky":false,"template":"","format":"standard","meta":{"footnotes":""},"categories":[15],"tags":[],"class_list":["post-6141","post","type-post","status-publish","format-standard","hentry","category-noticias"],"_links":{"self":[{"href":"https:\/\/cafesg.gob.ar\/cafesg2\/wp-json\/wp\/v2\/posts\/6141","targetHints":{"allow":["GET"]}}],"collection":[{"href":"https:\/\/cafesg.gob.ar\/cafesg2\/wp-json\/wp\/v2\/posts"}],"about":[{"href":"https:\/\/cafesg.gob.ar\/cafesg2\/wp-json\/wp\/v2\/types\/post"}],"author":[{"embeddable":true,"href":"https:\/\/cafesg.gob.ar\/cafesg2\/wp-json\/wp\/v2\/users\/5"}],"replies":[{"embeddable":true,"href":"https:\/\/cafesg.gob.ar\/cafesg2\/wp-json\/wp\/v2\/comments?post=6141"}],"version-history":[{"count":0,"href":"https:\/\/cafesg.gob.ar\/cafesg2\/wp-json\/wp\/v2\/posts\/6141\/revisions"}],"wp:attachment":[{"href":"https:\/\/cafesg.gob.ar\/cafesg2\/wp-json\/wp\/v2\/media?parent=6141"}],"wp:term":[{"taxonomy":"category","embeddable":true,"href":"https:\/\/cafesg.gob.ar\/cafesg2\/wp-json\/wp\/v2\/categories?post=6141"},{"taxonomy":"post_tag","embeddable":true,"href":"https:\/\/cafesg.gob.ar\/cafesg2\/wp-json\/wp\/v2\/tags?post=6141"}],"curies":[{"name":"wp","href":"https:\/\/api.w.org\/{rel}","templated":true}]}}