 {"id":6136,"date":"2019-02-13T18:14:48","date_gmt":"2019-02-13T21:14:48","guid":{"rendered":"http:\/\/www.cafesg.gob.ar\/web\/?p=6136"},"modified":"2019-02-13T18:14:48","modified_gmt":"2019-02-13T21:14:48","slug":"cafesg-colonia-san-pedro-tiene-su-tanque-de-agua-nuevo","status":"publish","type":"post","link":"https:\/\/cafesg.gob.ar\/cafesg2\/cafesg-colonia-san-pedro-tiene-su-tanque-de-agua-nuevo\/","title":{"rendered":"CAFESG: Colonia San Pedro tiene su tanque de agua nuevo"},"content":{"rendered":"<p>Vecinos de Colonia San Pedro, en el departamento Federaci\u00f3n, vieron en estos d\u00edas c\u00f3mo se elevaba y colocaba un nuevo tanque de agua de 50 mil litros que proveer\u00e1 del vital elemento a muchas familias del lugar.<br \/>\nAs\u00ed lo constat\u00f3 personal t\u00e9cnico de la Comisi\u00f3n Administradora para el Fondo Especial de Salto Grande (CAFESG) ya que las tareas se inscriben en las obras contempladas en la denominada \u201cRed de agua corriente y tanque de provisi\u00f3n\u201d Etapa I, prevista en la mencionada localidad del sur entrerriano.<br \/>\nLa misma, tiene previsto el dise\u00f1o de la red de agua corriente, un tanque de provisi\u00f3n de capacidad m\u00ednima de 50.000 litros sustentado en una torre de 15 metros, la perforaci\u00f3n del pozo semisurgente, as\u00ed como la ejecuci\u00f3n de la casilla de comandos para los distintos elementos que lo requieran. La inversi\u00f3n total en este caso ser\u00e1 de 3,7 millones de pesos.<br \/>\n\tCabe destacar que las obras que ejecuta CAFESG se inscriben en el denominado Plan de infraestructura b\u00e1sica que el Gobierno Provincial lleva delante de manera especial en peque\u00f1as comunidades del suelo entrerriano.<br \/>\n\tEl mismo, es coordinado por el ministro de Planeamiento de la provincia, Luis Benedetto, y consensuado entre CAFESG y los intendentes y presidentes de juntas de Gobierno de cada localidad.<br \/>\n<a href=\"https:\/\/www.cafesg.gob.ar\/cafesg2\/wp-content\/uploads\/2019\/02\/San-Pedro-2.jpeg\"><img loading=\"lazy\" decoding=\"async\" src=\"https:\/\/www.cafesg.gob.ar\/cafesg2\/wp-content\/uploads\/2019\/02\/San-Pedro-2-300x225.jpeg\" alt=\"San Pedro 2\" width=\"300\" height=\"225\" class=\"alignnone size-medium wp-image-6137\" \/><\/a> <a href=\"https:\/\/www.cafesg.gob.ar\/cafesg2\/wp-content\/uploads\/2019\/02\/San-Pedro-3.jpeg\"><img loading=\"lazy\" decoding=\"async\" src=\"https:\/\/www.cafesg.gob.ar\/cafesg2\/wp-content\/uploads\/2019\/02\/San-Pedro-3-225x300.jpeg\" alt=\"San Pedro 3\" width=\"225\" height=\"300\" class=\"alignnone size-medium wp-image-6138\" \/><\/a><\/p>\n<p><a href=\"https:\/\/www.cafesg.gob.ar\/cafesg2\/wp-content\/uploads\/2019\/02\/San-Pedro.jpeg\"><img loading=\"lazy\" decoding=\"async\" src=\"https:\/\/www.cafesg.gob.ar\/cafesg2\/wp-content\/uploads\/2019\/02\/San-Pedro-196x300.jpeg\" alt=\"San Pedro\" width=\"196\" height=\"300\" class=\"alignnone size-medium wp-image-6139\" \/><\/a><\/p>\n","protected":false},"excerpt":{"rendered":"<p>Vecinos de Colonia San Pedro, en el departamento Federaci\u00f3n, vieron en estos d\u00edas c\u00f3mo se elevaba y colocaba un nuevo tanque de agua de 50 mil litros que proveer\u00e1 del vital elemento a muchas familias del lugar. As\u00ed lo constat\u00f3 personal t\u00e9cnico de la Comisi\u00f3n Administradora para el Fondo Especial de Salto Grande (CAFESG) ya [&hellip;]<\/p>\n","protected":false},"author":5,"featured_media":0,"comment_status":"open","ping_status":"open","sticky":false,"template":"","format":"standard","meta":{"footnotes":""},"categories":[15],"tags":[],"class_list":["post-6136","post","type-post","status-publish","format-standard","hentry","category-noticias"],"_links":{"self":[{"href":"https:\/\/cafesg.gob.ar\/cafesg2\/wp-json\/wp\/v2\/posts\/6136","targetHints":{"allow":["GET"]}}],"collection":[{"href":"https:\/\/cafesg.gob.ar\/cafesg2\/wp-json\/wp\/v2\/posts"}],"about":[{"href":"https:\/\/cafesg.gob.ar\/cafesg2\/wp-json\/wp\/v2\/types\/post"}],"author":[{"embeddable":true,"href":"https:\/\/cafesg.gob.ar\/cafesg2\/wp-json\/wp\/v2\/users\/5"}],"replies":[{"embeddable":true,"href":"https:\/\/cafesg.gob.ar\/cafesg2\/wp-json\/wp\/v2\/comments?post=6136"}],"version-history":[{"count":0,"href":"https:\/\/cafesg.gob.ar\/cafesg2\/wp-json\/wp\/v2\/posts\/6136\/revisions"}],"wp:attachment":[{"href":"https:\/\/cafesg.gob.ar\/cafesg2\/wp-json\/wp\/v2\/media?parent=6136"}],"wp:term":[{"taxonomy":"category","embeddable":true,"href":"https:\/\/cafesg.gob.ar\/cafesg2\/wp-json\/wp\/v2\/categories?post=6136"},{"taxonomy":"post_tag","embeddable":true,"href":"https:\/\/cafesg.gob.ar\/cafesg2\/wp-json\/wp\/v2\/tags?post=6136"}],"curies":[{"name":"wp","href":"https:\/\/api.w.org\/{rel}","templated":true}]}}