 {"id":6129,"date":"2019-02-05T19:49:16","date_gmt":"2019-02-05T22:49:16","guid":{"rendered":"http:\/\/www.cafesg.gob.ar\/web\/?p=6129"},"modified":"2019-02-05T19:49:16","modified_gmt":"2019-02-05T22:49:16","slug":"entrega-de-proyecto-de-obra-para-pedernal","status":"publish","type":"post","link":"https:\/\/cafesg.gob.ar\/cafesg2\/entrega-de-proyecto-de-obra-para-pedernal\/","title":{"rendered":"Entrega de proyecto de obra para Pedernal"},"content":{"rendered":"<p>En la sede de la Comisi\u00f3n Administradora para el Fondo Especial de Salto Grande (CAFESG), el presidente del organismo, Walter Doronzoro, hizo entrega al intendente de la localidad de Pedernal, Ariel Izaguirre (Cambiemos), del proyecto de la obra Red de agua y conexiones domiciliarias \u2013 1\u00ba Etapa.<br \/>\n\tLuego del encuentro Doronzoro manifest\u00f3 sentir \u201cuna gran satisfacci\u00f3n de seguir cumpliendo los objetivos para los cuales fue creada CAFESG, especialmente en esta etapa en que no contamos con fondos similares a os de hace algunos a\u00f1os atr\u00e1s, pero con un rumbo claro trazado por el gobernador Gustavo Bordet de llevar obras de infraestructura b\u00e1sica a peque\u00f1as comunidades como es el caso de Pedernal con esta obra de ampliaci\u00f3n de la red de agua\u201d.<br \/>\n\t\u201cEste plan de obras est\u00e1 coordinado y consensuado con los intendentes y con el ministro de planeamiento de la provincia, Luis Benedetto, y en este caso en particular est\u00e1 el compromiso que en la pr\u00f3xima remesa de dinero que entre a nuestro organismo vamos a realizar la obra\u201d relat\u00f3 el funcionario.<br \/>\n\tPor \u00faltimo, inform\u00f3 que durante el encuentro, \u201cel intendente nos solicit\u00f3 si podemos asesorarlos con nuestros equipos t\u00e9cnicos para mejorar una zona de la localidad que se les inunda y hemos asumido tambi\u00e9n ese compromiso, as\u00ed que en breve estar\u00e1n nuestros profesionales en Pedernal para colaborar en lo que se pueda\u201d finaliz\u00f3 Doronzoro.<br \/>\nPor su parte, Ariel Izaguirre agradeci\u00f3 \u201cal Directorio y a los t\u00e9cnicos de CAFESG que estuvieron siempre disponibles para avanzar en esta obra que es muy necesaria y muy esperada en nuestra comunidad\u201d.<br \/>\n\u201cEs muy necesaria la obra para nuestra comunidad porque le soluciona el problema a m\u00e1s de 200 familias que no cuentan con este elemento b\u00e1sico, y en una segunda etapa est\u00e1 prevista la elevaci\u00f3n de un tanque de agua y finalizar con las redes\u201d explic\u00f3 el intendente de la localidad del departamento Concordia.<br \/>\n\tEstuvieron presentes en la entrega del proyecto, el coordinador general de CAFESG, Roberto Acu\u00f1a y personal t\u00e9cnico de la Municipalidad de Pedernal.<br \/>\nLa obra<br \/>\nEn esta primer etapa est\u00e1 previsto construir 3028 metros de ca\u00f1er\u00edas distribuidoras, 189 conexiones domiciliarias externas, la realizaci\u00f3n de todos los trabajos, pruebas y provisi\u00f3n de elementos necesarios para la habilitaci\u00f3n y seguro funcionamiento de las instalaciones.<br \/>\nEl presupuesto de la obra asciende a $ 3.612.767 y tiene un plazo de ejecuci\u00f3n previsto de 90 d\u00edas corridos a partir del inicio de los trabajos.<br \/>\n<a href=\"https:\/\/www.cafesg.gob.ar\/cafesg2\/wp-content\/uploads\/2019\/02\/Pedernal-3.jpg\"><img loading=\"lazy\" decoding=\"async\" src=\"https:\/\/www.cafesg.gob.ar\/cafesg2\/wp-content\/uploads\/2019\/02\/Pedernal-3-300x200.jpg\" alt=\"Pedernal 3\" width=\"300\" height=\"200\" class=\"alignnone size-medium wp-image-6130\" \/><\/a> <a href=\"https:\/\/www.cafesg.gob.ar\/cafesg2\/wp-content\/uploads\/2019\/02\/Pedernal.jpg\"><img loading=\"lazy\" decoding=\"async\" src=\"https:\/\/www.cafesg.gob.ar\/cafesg2\/wp-content\/uploads\/2019\/02\/Pedernal-300x200.jpg\" alt=\"Pedernal\" width=\"300\" height=\"200\" class=\"alignnone size-medium wp-image-6131\" \/><\/a><\/p>\n<p><a href=\"https:\/\/www.cafesg.gob.ar\/cafesg2\/wp-content\/uploads\/2019\/02\/Pedernal-2.jpg\"><img loading=\"lazy\" decoding=\"async\" src=\"https:\/\/www.cafesg.gob.ar\/cafesg2\/wp-content\/uploads\/2019\/02\/Pedernal-2-300x200.jpg\" alt=\"Pedernal-2\" width=\"300\" height=\"200\" class=\"alignnone size-medium wp-image-6132\" \/><\/a> <a href=\"https:\/\/www.cafesg.gob.ar\/cafesg2\/wp-content\/uploads\/2019\/02\/Pedernal-4.jpg\"><img loading=\"lazy\" decoding=\"async\" src=\"https:\/\/www.cafesg.gob.ar\/cafesg2\/wp-content\/uploads\/2019\/02\/Pedernal-4-300x200.jpg\" alt=\"Pedernal-4\" width=\"300\" height=\"200\" class=\"alignnone size-medium wp-image-6133\" \/><\/a><\/p>\n","protected":false},"excerpt":{"rendered":"<p>En la sede de la Comisi\u00f3n Administradora para el Fondo Especial de Salto Grande (CAFESG), el presidente del organismo, Walter Doronzoro, hizo entrega al intendente de la localidad de Pedernal, Ariel Izaguirre (Cambiemos), del proyecto de la obra Red de agua y conexiones domiciliarias \u2013 1\u00ba Etapa. Luego del encuentro Doronzoro manifest\u00f3 sentir \u201cuna gran [&hellip;]<\/p>\n","protected":false},"author":5,"featured_media":0,"comment_status":"open","ping_status":"open","sticky":false,"template":"","format":"standard","meta":{"footnotes":""},"categories":[15],"tags":[],"class_list":["post-6129","post","type-post","status-publish","format-standard","hentry","category-noticias"],"_links":{"self":[{"href":"https:\/\/cafesg.gob.ar\/cafesg2\/wp-json\/wp\/v2\/posts\/6129","targetHints":{"allow":["GET"]}}],"collection":[{"href":"https:\/\/cafesg.gob.ar\/cafesg2\/wp-json\/wp\/v2\/posts"}],"about":[{"href":"https:\/\/cafesg.gob.ar\/cafesg2\/wp-json\/wp\/v2\/types\/post"}],"author":[{"embeddable":true,"href":"https:\/\/cafesg.gob.ar\/cafesg2\/wp-json\/wp\/v2\/users\/5"}],"replies":[{"embeddable":true,"href":"https:\/\/cafesg.gob.ar\/cafesg2\/wp-json\/wp\/v2\/comments?post=6129"}],"version-history":[{"count":0,"href":"https:\/\/cafesg.gob.ar\/cafesg2\/wp-json\/wp\/v2\/posts\/6129\/revisions"}],"wp:attachment":[{"href":"https:\/\/cafesg.gob.ar\/cafesg2\/wp-json\/wp\/v2\/media?parent=6129"}],"wp:term":[{"taxonomy":"category","embeddable":true,"href":"https:\/\/cafesg.gob.ar\/cafesg2\/wp-json\/wp\/v2\/categories?post=6129"},{"taxonomy":"post_tag","embeddable":true,"href":"https:\/\/cafesg.gob.ar\/cafesg2\/wp-json\/wp\/v2\/tags?post=6129"}],"curies":[{"name":"wp","href":"https:\/\/api.w.org\/{rel}","templated":true}]}}