 {"id":6101,"date":"2018-11-30T20:19:52","date_gmt":"2018-11-30T23:19:52","guid":{"rendered":"http:\/\/www.cafesg.gob.ar\/web\/?p=6101"},"modified":"2018-11-30T20:19:52","modified_gmt":"2018-11-30T23:19:52","slug":"agua-y-luz-nuevas-obras-de-cafesg-en-villaguay-y-la-criolla","status":"publish","type":"post","link":"https:\/\/cafesg.gob.ar\/cafesg2\/agua-y-luz-nuevas-obras-de-cafesg-en-villaguay-y-la-criolla\/","title":{"rendered":"Agua y luz: nuevas obras de CAFESG en Villaguay y La Criolla"},"content":{"rendered":"<p>Luego de los procesos licitatorios correspondientes, la Comisi\u00f3n Administradora para el Fondo Especial de Salto Grande (CAFESG), puso en marcha esta semana dos obras contempladas en su programa de infraestructura b\u00e1sica para comunidades de la regi\u00f3n de Salto Grande.<br \/>\n\t\u201cAlumbrado p\u00fablico con iluminaci\u00f3n led en el acceso sur a la ciudad de Villaguay\u201d y \u201cTanque de reserva de agua potable en La Criolla, departamento Concordia\u201d son las obras que comenzaron sus trabajos por estos d\u00edas seg\u00fan inform\u00f3 el coordinador general de CAFESG, Arq. Roberto Acu\u00f1a.<br \/>\n\t\u201cAmbas obras representan una inversi\u00f3n del Gobierno provincial en obra p\u00fablica a trav\u00e9s de CAFESG de unos 5 millones de pesos, las mismas fueron coordinadas con el ministro de Planeamiento, Luis Benedetto, y consensuadas con los intendentes de ambas localidades en funci\u00f3n de sus necesidades y de las posibilidades actuales de nuestro organismo\u201d agreg\u00f3 el funcionario.<br \/>\nAcu\u00f1a tambi\u00e9n destac\u00f3 que \u201cestas obras son necesarias para los vecinos ya que hacen a la infraestructura imprescindible de toda ciudad, y adem\u00e1s ponen en marcha todo lo que se mueve de manera directa e indirecta en las econom\u00edas locales cuando la obra p\u00fablica est\u00e1 presente\u201d.<br \/>\nPor \u00faltimo, el coordinador de CAFESG expres\u00f3 que \u201cen lo espec\u00edfico a la obra de La Criolla, ya estamos pr\u00f3ximos a adjudicar la perforaci\u00f3n del pozo que abastecer\u00e1 de agua a este tanque, y como son rubros diferentes se deben hacer en licitaciones separadas, confiamos que en pocas semanas puedan comenzar tambi\u00e9n esos trabajos\u201d finaliz\u00f3 el funcionario.<\/p>\n<p>Las obras<br \/>\n\u201cAlumbrado p\u00fablico con iluminaci\u00f3n led en el acceso sur a la ciudad de Villaguay\u201d: El presente proyecto Ejecutivo  consiste en el dise\u00f1o del alumbrado p\u00fablico con tecnolog\u00eda Led alcanzando desde el dise\u00f1o del alumbrado pasando por la elecci\u00f3n de la tecnolog\u00eda, potencia y ubicaci\u00f3n en planta de cada punto de luz, hasta el c\u00e1lculo de las diferentes l\u00edneas de alimentaci\u00f3n y protecci\u00f3n como tambi\u00e9n la obra civil necesaria.<br \/>\nSe montar\u00e1 un total de 42 luminarias led con una potencia de 139w. La traza comprende desde cabecera del puente, hasta el Boulevard Salda\u00f1a Retamar, un total de 1.254 metros.<br \/>\nEl alumbrado se lograr\u00e1 mediante la instalaci\u00f3n de luminarias equipadas con diodos emisores de luz (LED), teniendo en cuenta su alto rendimiento luminoso, larga vida \u00fatil (50.000 hs) y su econom\u00eda en el consumo de la energ\u00eda el\u00e9ctrica.<br \/>\nLas luminarias se montar\u00e1n sobre columnas met\u00e1licas de 9 m libres, brazo curvo de 2,5 m de vuelo. Cada luminaria vendr\u00e1 dotada de dispositivos para la protecci\u00f3n de cortocircuitos y sobrecargas atmosf\u00e9ricas.<br \/>\nEl plazo previsto para la realizaci\u00f3n de las obras es de 90 (Noventa) d\u00edas corridos, contados a partir de la firma del Acta de Inicio. El monto total de la obra asciende a la suma de $ 2.353.608,24.<\/p>\n<p>\u201cTanque de reserva de agua potable en La Criolla, departamento Concordia\u201d: el alcance de esta obra comprende la provisi\u00f3n de equipos, materiales y mano de obra para la ejecuci\u00f3n de los siguientes trabajos: Provisi\u00f3n e instalaci\u00f3n de tanque de reserva de P.R.F.V.  con una capacidad de 50mil litros, con sus respectivas ca\u00f1er\u00edas de operaci\u00f3n (subida, bajada, desborde, limpieza); provisi\u00f3n y montaje de torre met\u00e1lica de  14mts. de altura; provisi\u00f3n de materiales, equipos y mano de obra para la ejecuci\u00f3n de la fundaci\u00f3n; provisi\u00f3n de materiales, equipos y mano de obra para la conexi\u00f3n boca pozo \/ Tanque de Reserva; provisi\u00f3n e instalaci\u00f3n de elementos y accesorios: escalera interior, boca de entrada, conexiones, ca\u00f1o de ventilaci\u00f3n, soporte pararrayos, soporte baliza, escalera exterior, etc.; realizaci\u00f3n de todos los trabajos, pruebas y provisi\u00f3n de elementos necesarios para la habilitaci\u00f3n y seguro funcionamiento de la totalidad de las instalaciones.<br \/>\nEl plazo previsto para la realizaci\u00f3n de las obras es de 45 (cuarenta y cinco) d\u00edas corridos a partir de la firma del Acta de Inicio y demanda una inversi\u00f3n total por parte de CAFESG de $ 2.430.458,49.<br \/>\n<a href=\"https:\/\/www.cafesg.gob.ar\/cafesg2\/wp-content\/uploads\/2018\/11\/La-Criolla-2.jpeg\"><img loading=\"lazy\" decoding=\"async\" src=\"https:\/\/www.cafesg.gob.ar\/cafesg2\/wp-content\/uploads\/2018\/11\/La-Criolla-2-300x224.jpeg\" alt=\"La Criolla 2\" width=\"300\" height=\"224\" class=\"alignnone size-medium wp-image-6102\" \/><\/a> <a href=\"https:\/\/www.cafesg.gob.ar\/cafesg2\/wp-content\/uploads\/2018\/11\/La-Criolla-3.jpeg\"><img loading=\"lazy\" decoding=\"async\" src=\"https:\/\/www.cafesg.gob.ar\/cafesg2\/wp-content\/uploads\/2018\/11\/La-Criolla-3-300x224.jpeg\" alt=\"La Criolla 3\" width=\"300\" height=\"224\" class=\"alignnone size-medium wp-image-6103\" \/><\/a><\/p>\n<p><a href=\"https:\/\/www.cafesg.gob.ar\/cafesg2\/wp-content\/uploads\/2018\/11\/La-Criolla-5.jpeg\"><img loading=\"lazy\" decoding=\"async\" src=\"https:\/\/www.cafesg.gob.ar\/cafesg2\/wp-content\/uploads\/2018\/11\/La-Criolla-5-300x224.jpeg\" alt=\"La Criolla 5\" width=\"300\" height=\"224\" class=\"alignnone size-medium wp-image-6104\" \/><\/a> <a href=\"https:\/\/www.cafesg.gob.ar\/cafesg2\/wp-content\/uploads\/2018\/11\/Villaguay.jpeg\"><img loading=\"lazy\" decoding=\"async\" src=\"https:\/\/www.cafesg.gob.ar\/cafesg2\/wp-content\/uploads\/2018\/11\/Villaguay-246x300.jpeg\" alt=\"Villaguay\" width=\"246\" height=\"300\" class=\"alignnone size-medium wp-image-6105\" \/><\/a><\/p>\n","protected":false},"excerpt":{"rendered":"<p>Luego de los procesos licitatorios correspondientes, la Comisi\u00f3n Administradora para el Fondo Especial de Salto Grande (CAFESG), puso en marcha esta semana dos obras contempladas en su programa de infraestructura b\u00e1sica para comunidades de la regi\u00f3n de Salto Grande. \u201cAlumbrado p\u00fablico con iluminaci\u00f3n led en el acceso sur a la ciudad de Villaguay\u201d y \u201cTanque [&hellip;]<\/p>\n","protected":false},"author":5,"featured_media":0,"comment_status":"open","ping_status":"open","sticky":false,"template":"","format":"standard","meta":{"footnotes":""},"categories":[15],"tags":[],"class_list":["post-6101","post","type-post","status-publish","format-standard","hentry","category-noticias"],"_links":{"self":[{"href":"https:\/\/cafesg.gob.ar\/cafesg2\/wp-json\/wp\/v2\/posts\/6101","targetHints":{"allow":["GET"]}}],"collection":[{"href":"https:\/\/cafesg.gob.ar\/cafesg2\/wp-json\/wp\/v2\/posts"}],"about":[{"href":"https:\/\/cafesg.gob.ar\/cafesg2\/wp-json\/wp\/v2\/types\/post"}],"author":[{"embeddable":true,"href":"https:\/\/cafesg.gob.ar\/cafesg2\/wp-json\/wp\/v2\/users\/5"}],"replies":[{"embeddable":true,"href":"https:\/\/cafesg.gob.ar\/cafesg2\/wp-json\/wp\/v2\/comments?post=6101"}],"version-history":[{"count":0,"href":"https:\/\/cafesg.gob.ar\/cafesg2\/wp-json\/wp\/v2\/posts\/6101\/revisions"}],"wp:attachment":[{"href":"https:\/\/cafesg.gob.ar\/cafesg2\/wp-json\/wp\/v2\/media?parent=6101"}],"wp:term":[{"taxonomy":"category","embeddable":true,"href":"https:\/\/cafesg.gob.ar\/cafesg2\/wp-json\/wp\/v2\/categories?post=6101"},{"taxonomy":"post_tag","embeddable":true,"href":"https:\/\/cafesg.gob.ar\/cafesg2\/wp-json\/wp\/v2\/tags?post=6101"}],"curies":[{"name":"wp","href":"https:\/\/api.w.org\/{rel}","templated":true}]}}