 {"id":6092,"date":"2018-11-27T20:36:50","date_gmt":"2018-11-27T23:36:50","guid":{"rendered":"http:\/\/www.cafesg.gob.ar\/web\/?p=6092"},"modified":"2018-11-27T20:36:50","modified_gmt":"2018-11-27T23:36:50","slug":"avanza-la-obra-de-cafesg-en-el-barrio-san-cayetano-de-federacion","status":"publish","type":"post","link":"https:\/\/cafesg.gob.ar\/cafesg2\/avanza-la-obra-de-cafesg-en-el-barrio-san-cayetano-de-federacion\/","title":{"rendered":"Avanza la obra de CAFESG en el barrio San Cayetano de Federaci\u00f3n"},"content":{"rendered":"<p>As\u00ed lo constataron este martes, el vocal de la Comisi\u00f3n Administradora para el Fondo Especial de Salto Grande, Rub\u00e9n Rastelli, junto al coordinador de proyectos del organismo, Gustavo Larenze y personal t\u00e9cnico del mismo ente provincial cuando se apersonaron en el lugar para recorrer y verificar el avance de las obras.<br \/>\nCon una inversi\u00f3n que ronda los tres millones de pesos la obra contempla la construcci\u00f3n de cordones cuneta y badenes en un sector muy importante del barrio, as\u00ed como el enripiado de las calles y un cantero central.<br \/>\nLuego de la recorrida el vocal de CAFESG, Rub\u00e9n Rastelli, quien es oriundo y vive en la ciudad de Federaci\u00f3n, manifest\u00f3 sentir \u201cuna gran satisfacci\u00f3n por ver el nivel de avance de la obra as\u00ed como por la calidad de los trabajos que est\u00e1 realizando la empresa constructora, pero adem\u00e1s la de sentir que un organismo como CAFESG vuelve a tener presencia en nuestra ciudad y a cumplir el rol que nunca debi\u00f3 dejar de prestar, que es mejorarle la calidad de vida a miles de entrerrianos\u201d.<br \/>\n\u201cVer el avance de las obras nos invita a proyectar, como ya lo estuvimos hablando con algunos vecinos, a imaginar el cantero central con nuevo arbolado y flores, al igual que las veredas, este es sin dudas el beneficio de estas obras de infraestructura b\u00e1sica, el ver a los vecinos con ganas de embellecer su barrio\u201d continu\u00f3 Rastelli.<br \/>\nPor \u00faltimo, el vocal de CAFESG valor\u00f3 que \u201cera sumamente indispensable darle a este sector de la ciudad las condiciones necesarias para ir apostando a nuevas infraestructuras  y que tenga la belleza que merece por ser un barrio hist\u00f3rico de Federaci\u00f3n, pero adem\u00e1s porque en este barrio est\u00e1n asentadas, no  solo un n\u00famero importantes de familias, sino que existen tres instituciones, Club Policial, COPER y Deportivo Am\u00e9rica que cumplen con actividades sociales y deportivas y son miles de personas que transitan por la zona o hacen uso de estos servicios\u201d finaliz\u00f3.<br \/>\nPor su parte, el coordinador de proyectos de CAFESG, Gustavo Larenze, inform\u00f3 que la obra \u201clleva aproximadamente un 70 % de avance, con lo cual si no ocurre nada extraordinario esta etapa de la obra estar\u00eda terminada antes de las fiestas de fin de a\u00f1o, pero como hay planteada una posible ampliaci\u00f3n, si esta saliera ser\u00eda un mes m\u00e1s de obra quiz\u00e1\u201d finaliz\u00f3 el ingeniero.<br \/>\nEstuvieron acompa\u00f1ando en la recorrida a Rastelli y Larenze, el inspector de la obra, ingeniero Sergio Piva, y el coordinador de CAFESG en Federaci\u00f3n, Juan Carlos Romero.<br \/>\n<a href=\"https:\/\/www.cafesg.gob.ar\/cafesg2\/wp-content\/uploads\/2018\/11\/San-Cayetano.jpg\"><img loading=\"lazy\" decoding=\"async\" src=\"https:\/\/www.cafesg.gob.ar\/cafesg2\/wp-content\/uploads\/2018\/11\/San-Cayetano-300x200.jpg\" alt=\"San Cayetano\" width=\"300\" height=\"200\" class=\"alignnone size-medium wp-image-6093\" \/><\/a> <a href=\"https:\/\/www.cafesg.gob.ar\/cafesg2\/wp-content\/uploads\/2018\/11\/San-Cayetano-2.jpg\"><img loading=\"lazy\" decoding=\"async\" src=\"https:\/\/www.cafesg.gob.ar\/cafesg2\/wp-content\/uploads\/2018\/11\/San-Cayetano-2-300x200.jpg\" alt=\"San Cayetano-2\" width=\"300\" height=\"200\" class=\"alignnone size-medium wp-image-6094\" \/><\/a><\/p>\n<p><a href=\"https:\/\/www.cafesg.gob.ar\/cafesg2\/wp-content\/uploads\/2018\/11\/San-Cayetano-3.jpg\"><img loading=\"lazy\" decoding=\"async\" src=\"https:\/\/www.cafesg.gob.ar\/cafesg2\/wp-content\/uploads\/2018\/11\/San-Cayetano-3-300x200.jpg\" alt=\"San Cayetano-3\" width=\"300\" height=\"200\" class=\"alignnone size-medium wp-image-6095\" \/><\/a> <a href=\"https:\/\/www.cafesg.gob.ar\/cafesg2\/wp-content\/uploads\/2018\/11\/San-Cayetano-4.jpg\"><img loading=\"lazy\" decoding=\"async\" src=\"https:\/\/www.cafesg.gob.ar\/cafesg2\/wp-content\/uploads\/2018\/11\/San-Cayetano-4-300x200.jpg\" alt=\"San Cayetano-4\" width=\"300\" height=\"200\" class=\"alignnone size-medium wp-image-6096\" \/><\/a><\/p>\n<p><a href=\"https:\/\/www.cafesg.gob.ar\/cafesg2\/wp-content\/uploads\/2018\/11\/San-Cayetano-5.jpg\"><img loading=\"lazy\" decoding=\"async\" src=\"https:\/\/www.cafesg.gob.ar\/cafesg2\/wp-content\/uploads\/2018\/11\/San-Cayetano-5-300x200.jpg\" alt=\"San Cayetano-5\" width=\"300\" height=\"200\" class=\"alignnone size-medium wp-image-6097\" \/><\/a> <a href=\"https:\/\/www.cafesg.gob.ar\/cafesg2\/wp-content\/uploads\/2018\/11\/San-Cayetano-6.jpg\"><img loading=\"lazy\" decoding=\"async\" src=\"https:\/\/www.cafesg.gob.ar\/cafesg2\/wp-content\/uploads\/2018\/11\/San-Cayetano-6-300x200.jpg\" alt=\"San Cayetano-6\" width=\"300\" height=\"200\" class=\"alignnone size-medium wp-image-6098\" \/><\/a><\/p>\n","protected":false},"excerpt":{"rendered":"<p>As\u00ed lo constataron este martes, el vocal de la Comisi\u00f3n Administradora para el Fondo Especial de Salto Grande, Rub\u00e9n Rastelli, junto al coordinador de proyectos del organismo, Gustavo Larenze y personal t\u00e9cnico del mismo ente provincial cuando se apersonaron en el lugar para recorrer y verificar el avance de las obras. Con una inversi\u00f3n que [&hellip;]<\/p>\n","protected":false},"author":5,"featured_media":0,"comment_status":"open","ping_status":"open","sticky":false,"template":"","format":"standard","meta":{"footnotes":""},"categories":[15],"tags":[],"class_list":["post-6092","post","type-post","status-publish","format-standard","hentry","category-noticias"],"_links":{"self":[{"href":"https:\/\/cafesg.gob.ar\/cafesg2\/wp-json\/wp\/v2\/posts\/6092","targetHints":{"allow":["GET"]}}],"collection":[{"href":"https:\/\/cafesg.gob.ar\/cafesg2\/wp-json\/wp\/v2\/posts"}],"about":[{"href":"https:\/\/cafesg.gob.ar\/cafesg2\/wp-json\/wp\/v2\/types\/post"}],"author":[{"embeddable":true,"href":"https:\/\/cafesg.gob.ar\/cafesg2\/wp-json\/wp\/v2\/users\/5"}],"replies":[{"embeddable":true,"href":"https:\/\/cafesg.gob.ar\/cafesg2\/wp-json\/wp\/v2\/comments?post=6092"}],"version-history":[{"count":0,"href":"https:\/\/cafesg.gob.ar\/cafesg2\/wp-json\/wp\/v2\/posts\/6092\/revisions"}],"wp:attachment":[{"href":"https:\/\/cafesg.gob.ar\/cafesg2\/wp-json\/wp\/v2\/media?parent=6092"}],"wp:term":[{"taxonomy":"category","embeddable":true,"href":"https:\/\/cafesg.gob.ar\/cafesg2\/wp-json\/wp\/v2\/categories?post=6092"},{"taxonomy":"post_tag","embeddable":true,"href":"https:\/\/cafesg.gob.ar\/cafesg2\/wp-json\/wp\/v2\/tags?post=6092"}],"curies":[{"name":"wp","href":"https:\/\/api.w.org\/{rel}","templated":true}]}}