 {"id":6058,"date":"2018-10-19T18:58:56","date_gmt":"2018-10-19T21:58:56","guid":{"rendered":"http:\/\/www.cafesg.gob.ar\/web\/?p=6058"},"modified":"2018-10-19T18:58:56","modified_gmt":"2018-10-19T21:58:56","slug":"cafesg-inicio-la-obra-de-red-de-agua-en-colonia-san-pedro","status":"publish","type":"post","link":"https:\/\/cafesg.gob.ar\/cafesg2\/cafesg-inicio-la-obra-de-red-de-agua-en-colonia-san-pedro\/","title":{"rendered":"CAFESG inici\u00f3 la obra de red de agua en Colonia San Pedro"},"content":{"rendered":"<p>La Comisi\u00f3n Administradora para el Fondo Especial de Salto Grande, en el marco de su plan de obras, constat\u00f3 este viernes el inicio de los trabajos para la concreci\u00f3n de la obra \u201cRed de agua corriente y tanque de provisi\u00f3n\u201d Etapa I, prevista en Colonia San Pedro, localidad del departamento Federaci\u00f3n.<br \/>\nLa misma, contempla el dise\u00f1o de la red de agua corriente, un tanque de provisi\u00f3n de capacidad m\u00ednima de 50.000 litros sustentado en una torre de 15 metros. Asimismo, se prev\u00e9 la perforaci\u00f3n del pozo semisurgente, as\u00ed como la ejecuci\u00f3n de la casilla de comandos para los distintos elementos que lo requieran.<br \/>\nCon un monto oficial de $ 3.299.452,45 la obra fue adjudicada al \u00fanico oferente que se presentara oportunamente, la empresa Sucesi\u00f3n de Rafael  Correa Construcciones, que tas\u00f3 los trabajos a realizar en $ 3.729.351,52 y tiene un plazo de ejecuci\u00f3n de la misma de 120 d\u00edas.<br \/>\n\tDesde CAFESG adem\u00e1s informaron que prev\u00e9n que la semana pr\u00f3xima comiencen tambi\u00e9n los trabajos de la obra de badenes y cord\u00f3n cuneta proyectada para el barrio San Cayetano de la ciudad de Federaci\u00f3n.<br \/>\n\tCon los trabajos iniciados en Colonia San Pedro, son cuatro las obras que tiene en marcha CAFESG, ya que la misma se suma a las de cord\u00f3n cuneta y badenes que se est\u00e1n realizando en las localidades de San Salvador, Federal y Conscripto Bernardi, totalizando entre las mismas una inversi\u00f3n de m\u00e1s de 12 millones de pesos en la regi\u00f3n de Salto Grande.<br \/>\n\tCabe recordar, que la obra de San Salvador ya cuenta con m\u00e1s del 60% de los trabajos realizados, en tanto la de Conscripto Bernardi super\u00f3 el 80% de las tareas necesarias para finalizar, por su parte, en la ciudad de Federal,  se ha constatado m\u00e1s del 30% de avance, todas son obras de cord\u00f3n cuneta y badenes.<br \/>\n\tAsimismo, desde el organismo provincial, mediante el nuevo rol que le ha asignado el gobernador Gustavo Bordet a fin de aprovechar los recursos humanos con que cuenta CAFESG, se sigue trabajando, bajo la coordinaci\u00f3n del ministro de Planeamiento, Infraestructura y Servicios de la provincia, Luis Benedetto, en un n\u00famero importante de proyectos para diferentes localidades de Entre R\u00edos, as\u00ed como tambi\u00e9n se contin\u00faa presente en otras obras en marcha a trav\u00e9s de personal del organismo que oficia de inspectores.<br \/>\n<a href=\"https:\/\/www.cafesg.gob.ar\/cafesg2\/wp-content\/uploads\/2018\/10\/San-Pedro-1.jpeg\"><img loading=\"lazy\" decoding=\"async\" src=\"https:\/\/www.cafesg.gob.ar\/cafesg2\/wp-content\/uploads\/2018\/10\/San-Pedro-1-225x300.jpeg\" alt=\"San Pedro 1\" width=\"225\" height=\"300\" class=\"alignnone size-medium wp-image-6059\" \/><\/a> <a href=\"https:\/\/www.cafesg.gob.ar\/cafesg2\/wp-content\/uploads\/2018\/10\/San-Pedro-2.jpeg\"><img loading=\"lazy\" decoding=\"async\" src=\"https:\/\/www.cafesg.gob.ar\/cafesg2\/wp-content\/uploads\/2018\/10\/San-Pedro-2-225x300.jpeg\" alt=\"San Pedro 2\" width=\"225\" height=\"300\" class=\"alignnone size-medium wp-image-6060\" \/><\/a> <a href=\"https:\/\/www.cafesg.gob.ar\/cafesg2\/wp-content\/uploads\/2018\/10\/San-Pedro-3.jpeg\"><img loading=\"lazy\" decoding=\"async\" src=\"https:\/\/www.cafesg.gob.ar\/cafesg2\/wp-content\/uploads\/2018\/10\/San-Pedro-3-225x300.jpeg\" alt=\"San Pedro 3\" width=\"225\" height=\"300\" class=\"alignnone size-medium wp-image-6061\" \/><\/a> <a href=\"https:\/\/www.cafesg.gob.ar\/cafesg2\/wp-content\/uploads\/2018\/10\/San-Pedro.jpeg\"><img loading=\"lazy\" decoding=\"async\" src=\"https:\/\/www.cafesg.gob.ar\/cafesg2\/wp-content\/uploads\/2018\/10\/San-Pedro-225x300.jpeg\" alt=\"San Pedro\" width=\"225\" height=\"300\" class=\"alignnone size-medium wp-image-6062\" \/><\/a><\/p>\n","protected":false},"excerpt":{"rendered":"<p>La Comisi\u00f3n Administradora para el Fondo Especial de Salto Grande, en el marco de su plan de obras, constat\u00f3 este viernes el inicio de los trabajos para la concreci\u00f3n de la obra \u201cRed de agua corriente y tanque de provisi\u00f3n\u201d Etapa I, prevista en Colonia San Pedro, localidad del departamento Federaci\u00f3n. La misma, contempla el [&hellip;]<\/p>\n","protected":false},"author":5,"featured_media":0,"comment_status":"open","ping_status":"open","sticky":false,"template":"","format":"standard","meta":{"footnotes":""},"categories":[15],"tags":[],"class_list":["post-6058","post","type-post","status-publish","format-standard","hentry","category-noticias"],"_links":{"self":[{"href":"https:\/\/cafesg.gob.ar\/cafesg2\/wp-json\/wp\/v2\/posts\/6058","targetHints":{"allow":["GET"]}}],"collection":[{"href":"https:\/\/cafesg.gob.ar\/cafesg2\/wp-json\/wp\/v2\/posts"}],"about":[{"href":"https:\/\/cafesg.gob.ar\/cafesg2\/wp-json\/wp\/v2\/types\/post"}],"author":[{"embeddable":true,"href":"https:\/\/cafesg.gob.ar\/cafesg2\/wp-json\/wp\/v2\/users\/5"}],"replies":[{"embeddable":true,"href":"https:\/\/cafesg.gob.ar\/cafesg2\/wp-json\/wp\/v2\/comments?post=6058"}],"version-history":[{"count":0,"href":"https:\/\/cafesg.gob.ar\/cafesg2\/wp-json\/wp\/v2\/posts\/6058\/revisions"}],"wp:attachment":[{"href":"https:\/\/cafesg.gob.ar\/cafesg2\/wp-json\/wp\/v2\/media?parent=6058"}],"wp:term":[{"taxonomy":"category","embeddable":true,"href":"https:\/\/cafesg.gob.ar\/cafesg2\/wp-json\/wp\/v2\/categories?post=6058"},{"taxonomy":"post_tag","embeddable":true,"href":"https:\/\/cafesg.gob.ar\/cafesg2\/wp-json\/wp\/v2\/tags?post=6058"}],"curies":[{"name":"wp","href":"https:\/\/api.w.org\/{rel}","templated":true}]}}