 {"id":6049,"date":"2018-10-05T21:17:04","date_gmt":"2018-10-06T00:17:04","guid":{"rendered":"http:\/\/www.cafesg.gob.ar\/web\/?p=6049"},"modified":"2018-10-05T21:17:04","modified_gmt":"2018-10-06T00:17:04","slug":"a-gran-ritmo-avanzan-obras-de-cafesg-en-el-departamento-federal","status":"publish","type":"post","link":"https:\/\/cafesg.gob.ar\/cafesg2\/a-gran-ritmo-avanzan-obras-de-cafesg-en-el-departamento-federal\/","title":{"rendered":"A gran ritmo avanzan obras de CAFESG en el departamento Federal"},"content":{"rendered":"<p>Son obras de cord\u00f3n cuneta y badenes en las localidades de Conscripto Bernardi y Federal, mientras en la primera se constat\u00f3 un avance de obra del 80 %, la segunda ya lleva el 32 % de los trabajos ejecutados.<br \/>\nPersonal t\u00e9cnico e inspectores de la Comisi\u00f3n Administradora para el Fondo Especial de Salto Grande recorrieron las obras de cord\u00f3n cuneta y badenes que ejecuta el organismo provincial en las localidades del centro norte entrerriano.<br \/>\nLa obra de Conscripto Bernardi, que consta de cuatro badenes y seis cuadras de cord\u00f3n cuneta, lo que representa 1416 metros lineales en total, demandar\u00e1 una inversi\u00f3n total de 2,7 millones de pesos por parte de CAFESG y forma parte de un plan de obras de infraestructura b\u00e1sica, que responde a una decisi\u00f3n expresa del gobernador Gustavo Bordet de dotar de obras de este tipo a peque\u00f1as localidades de la provincia.<br \/>\nEn tanto, en Federal se construyen 6 badenes y cinco cuadras de cord\u00f3n cuneta, lo que representa 1170 metros lineales de obra, demandar\u00e1 una inversi\u00f3n de CAFESG de 3,1 millones de pesos.<br \/>\nEstas obras responden a la necesidad de realizar cord\u00f3n cuneta y badenes para mejorar los escurrimientos pluviales que son muy importantes y de esta forma mitigar los procesos erosivos en las calles, facilitando el mantenimiento de las mismas. Con estas obras se evitar\u00e1 la presencia de aguas estancadas en cunetas, focos de probables transmisiones de enfermedades. El deterioro de las calles impacta directamente en el costo de operaci\u00f3n de los usuarios y en forma indirecta sobre las actividades econ\u00f3micas y sociales. El dise\u00f1o de los cordones cuneta se los hizo teniendo en cuenta las l\u00edneas de escurrimiento, y las cotas del terreno natural, principalmente las de los umbrales y\/o veredas, para que no quede ninguna por debajo de la cota de desag\u00fce de la cuneta.<br \/>\nEl plan de obras llevado adelante por CAFESG, responde a demandas realizadas por los intendentes y son coordinadas con el ministro de Planeamiento, Infraestructura y Servicios de la provincia, Ing. Luis Benedetto.<br \/>\n\tLa recorrida por las obras fue realizada por el coordinador de proyectos de CAFESG, Ing. Gustavo Larenze, y por el inspector designado por el organismo provincial, Ing. Alfredo C\u00e1nova.<br \/>\n<a href=\"https:\/\/www.cafesg.gob.ar\/cafesg2\/wp-content\/uploads\/2018\/10\/Bernardi-Federal-3-Grande.jpg\"><img loading=\"lazy\" decoding=\"async\" src=\"https:\/\/www.cafesg.gob.ar\/cafesg2\/wp-content\/uploads\/2018\/10\/Bernardi-Federal-3-Grande-300x200.jpg\" alt=\"Bernardi Federal-3 (Grande)\" width=\"300\" height=\"200\" class=\"alignnone size-medium wp-image-6050\" \/><\/a><\/p>\n<p><a href=\"https:\/\/www.cafesg.gob.ar\/cafesg2\/wp-content\/uploads\/2018\/10\/Bernardi-Federal-4-Grande.jpg\"><img loading=\"lazy\" decoding=\"async\" src=\"https:\/\/www.cafesg.gob.ar\/cafesg2\/wp-content\/uploads\/2018\/10\/Bernardi-Federal-4-Grande-300x200.jpg\" alt=\"Bernardi Federal-4 (Grande)\" width=\"300\" height=\"200\" class=\"alignnone size-medium wp-image-6051\" \/><\/a><\/p>\n<p><a href=\"https:\/\/www.cafesg.gob.ar\/cafesg2\/wp-content\/uploads\/2018\/10\/Bernardi-Federal-10-Grande.jpg\"><img loading=\"lazy\" decoding=\"async\" src=\"https:\/\/www.cafesg.gob.ar\/cafesg2\/wp-content\/uploads\/2018\/10\/Bernardi-Federal-10-Grande-300x200.jpg\" alt=\"Bernardi Federal-10 (Grande)\" width=\"300\" height=\"200\" class=\"alignnone size-medium wp-image-6052\" \/><\/a><\/p>\n<p><a href=\"https:\/\/www.cafesg.gob.ar\/cafesg2\/wp-content\/uploads\/2018\/10\/Bernardi-Federal-14-Grande.jpg\"><img loading=\"lazy\" decoding=\"async\" src=\"https:\/\/www.cafesg.gob.ar\/cafesg2\/wp-content\/uploads\/2018\/10\/Bernardi-Federal-14-Grande-300x200.jpg\" alt=\"Bernardi Federal-14 (Grande)\" width=\"300\" height=\"200\" class=\"alignnone size-medium wp-image-6053\" \/><\/a><\/p>\n<p><a href=\"https:\/\/www.cafesg.gob.ar\/cafesg2\/wp-content\/uploads\/2018\/10\/Bernardi-Federal-15-Grande.jpg\"><img loading=\"lazy\" decoding=\"async\" src=\"https:\/\/www.cafesg.gob.ar\/cafesg2\/wp-content\/uploads\/2018\/10\/Bernardi-Federal-15-Grande-300x200.jpg\" alt=\"Bernardi Federal-15 (Grande)\" width=\"300\" height=\"200\" class=\"alignnone size-medium wp-image-6054\" \/><\/a><\/p>\n<p><a href=\"https:\/\/www.cafesg.gob.ar\/cafesg2\/wp-content\/uploads\/2018\/10\/Bernardi-Federal-17-Grande.jpg\"><img loading=\"lazy\" decoding=\"async\" src=\"https:\/\/www.cafesg.gob.ar\/cafesg2\/wp-content\/uploads\/2018\/10\/Bernardi-Federal-17-Grande-300x200.jpg\" alt=\"Bernardi Federal-17 (Grande)\" width=\"300\" height=\"200\" class=\"alignnone size-medium wp-image-6055\" \/><\/a><\/p>\n","protected":false},"excerpt":{"rendered":"<p>Son obras de cord\u00f3n cuneta y badenes en las localidades de Conscripto Bernardi y Federal, mientras en la primera se constat\u00f3 un avance de obra del 80 %, la segunda ya lleva el 32 % de los trabajos ejecutados. Personal t\u00e9cnico e inspectores de la Comisi\u00f3n Administradora para el Fondo Especial de Salto Grande recorrieron [&hellip;]<\/p>\n","protected":false},"author":5,"featured_media":0,"comment_status":"open","ping_status":"open","sticky":false,"template":"","format":"standard","meta":{"footnotes":""},"categories":[15],"tags":[],"class_list":["post-6049","post","type-post","status-publish","format-standard","hentry","category-noticias"],"_links":{"self":[{"href":"https:\/\/cafesg.gob.ar\/cafesg2\/wp-json\/wp\/v2\/posts\/6049","targetHints":{"allow":["GET"]}}],"collection":[{"href":"https:\/\/cafesg.gob.ar\/cafesg2\/wp-json\/wp\/v2\/posts"}],"about":[{"href":"https:\/\/cafesg.gob.ar\/cafesg2\/wp-json\/wp\/v2\/types\/post"}],"author":[{"embeddable":true,"href":"https:\/\/cafesg.gob.ar\/cafesg2\/wp-json\/wp\/v2\/users\/5"}],"replies":[{"embeddable":true,"href":"https:\/\/cafesg.gob.ar\/cafesg2\/wp-json\/wp\/v2\/comments?post=6049"}],"version-history":[{"count":0,"href":"https:\/\/cafesg.gob.ar\/cafesg2\/wp-json\/wp\/v2\/posts\/6049\/revisions"}],"wp:attachment":[{"href":"https:\/\/cafesg.gob.ar\/cafesg2\/wp-json\/wp\/v2\/media?parent=6049"}],"wp:term":[{"taxonomy":"category","embeddable":true,"href":"https:\/\/cafesg.gob.ar\/cafesg2\/wp-json\/wp\/v2\/categories?post=6049"},{"taxonomy":"post_tag","embeddable":true,"href":"https:\/\/cafesg.gob.ar\/cafesg2\/wp-json\/wp\/v2\/tags?post=6049"}],"curies":[{"name":"wp","href":"https:\/\/api.w.org\/{rel}","templated":true}]}}