 {"id":6033,"date":"2018-09-25T21:05:07","date_gmt":"2018-09-26T00:05:07","guid":{"rendered":"http:\/\/www.cafesg.gob.ar\/web\/?p=6033"},"modified":"2018-09-25T21:05:07","modified_gmt":"2018-09-26T00:05:07","slug":"cafesg-avanza-con-obras-para-el-departamento-villaguay","status":"publish","type":"post","link":"https:\/\/cafesg.gob.ar\/cafesg2\/cafesg-avanza-con-obras-para-el-departamento-villaguay\/","title":{"rendered":"CAFESG avanza con obras para el departamento Villaguay"},"content":{"rendered":"<p>A la firma del contrato para la obra de iluminaci\u00f3n del acceso sur a esa ciudad realizado por el gobernador Gustavo Bordet y el por el presidente de CAFESG, Walter Doronzoro, el s\u00e1bado \u00faltimo, y que requerir\u00e1 una inversi\u00f3n de 2,3 millones de pesos, este martes se sum\u00f3 la apertura de sobres para la obra de ampliaci\u00f3n de la red colectora cloacal en la localidad de Villa Clara, tambi\u00e9n del departamento Villaguay. En las instalaciones de la Municipalidad de Villa Clara se realiz\u00f3 este marte la apertura de sobres de la Licitaci\u00f3n Privada 06\/2018 llevada adelante por la Comisi\u00f3n Administradora para el Fondo Especial de Salto Grande. Con la presencia del director de obras p\u00fablicas del municipio local, Daniel G\u00f3mez, el coordinador de proyectos de CAFESG, Dar\u00edo Burna, se procedi\u00f3 a la apertura del sobre del \u00fanico oferente que se present\u00f3 con intenciones de realizar la mencionada obra. La ampliaci\u00f3n de la red colectora de l\u00edquidos cloacales en planta urbana, tal la denominaci\u00f3n de la obra, tiene un presupuesto oficial de $ 2.766.652, 21 y la \u00fanica empresa que present\u00f3 oferta fue GRINAC Movimiento de Suelos SRL, que cotiz\u00f3 los trabajos a realizar en $ 2.850.722,20. La obra prev\u00e9 la colocaci\u00f3n de m\u00e1s de mil novecientos metros de ca\u00f1er\u00edas, la construcci\u00f3n de diecisiete bocas de registro y las acometidas domiciliarias. El plazo de ejecuci\u00f3n de la misma es de noventa d\u00edas corridos a partir de su adjudicaci\u00f3n. Cabe recordar que para la licitaci\u00f3n p\u00fablica que ya realizara CAFESG para esta obra en abril del corriente a\u00f1o, se presentaron siete oferentes, siendo todos descalificados por las diferentes instancias administrativas que realiza la comisi\u00f3n evaluadora de las ofertas, por lo cual se procedi\u00f3 en esta oportunidad a realizar una licitaci\u00f3n privada, donde cambian las modalidades del llamado. En aquella oportunidad, la de abril, el acto de apertura cont\u00f3 con la presencia del Ministro de Planeamiento, Luis Benedetto, quien expresara que \u201cdentro de los objetivos que nuestro gobernador nos ha impuesto desde el primer d\u00eda es darle valor a las obras de infraestructura b\u00e1sica que necesitan los municipios, y en ese sentido ya hemos podido ayudar a la intendenta con la obra de iluminaci\u00f3n de acceso a la ciudad que nos pidiera al inicio de la gesti\u00f3n, y ahora damos un paso m\u00e1s en su otro pedido, que es esta obra de ampliaci\u00f3n de la red colectora cloacal\u201d Por esto, desde la Comisi\u00f3n Administradora para el Fondo Especial de Salto Grande esperan que esta vez la oferta presentada cumpla con todos los requisitos solicitados a fin de concretar una obra tan importante para la localidad de Vila Clara.<\/p>\n<p><a href=\"https:\/\/www.cafesg.gob.ar\/cafesg2\/wp-content\/uploads\/2018\/09\/Villa-Clara-2.jpeg\"><img loading=\"lazy\" decoding=\"async\" class=\"alignnone size-medium wp-image-6034\" src=\"https:\/\/www.cafesg.gob.ar\/cafesg2\/wp-content\/uploads\/2018\/09\/Villa-Clara-2-300x224.jpeg\" alt=\"Villa Clara 2\" width=\"300\" height=\"224\" \/><\/a> <a href=\"https:\/\/www.cafesg.gob.ar\/cafesg2\/wp-content\/uploads\/2018\/09\/Villa-Clara-3.jpeg\"><img loading=\"lazy\" decoding=\"async\" class=\"alignnone size-medium wp-image-6035\" src=\"https:\/\/www.cafesg.gob.ar\/cafesg2\/wp-content\/uploads\/2018\/09\/Villa-Clara-3-300x224.jpeg\" alt=\"Villa Clara 3\" width=\"300\" height=\"224\" \/><\/a> <a href=\"https:\/\/www.cafesg.gob.ar\/cafesg2\/wp-content\/uploads\/2018\/09\/Villa-Clara.jpeg\"><img loading=\"lazy\" decoding=\"async\" class=\"alignnone size-medium wp-image-6036\" src=\"https:\/\/www.cafesg.gob.ar\/cafesg2\/wp-content\/uploads\/2018\/09\/Villa-Clara-300x224.jpeg\" alt=\"Villa Clara\" width=\"300\" height=\"224\" \/><\/a><\/p>\n","protected":false},"excerpt":{"rendered":"<p>A la firma del contrato para la obra de iluminaci\u00f3n del acceso sur a esa ciudad realizado por el gobernador Gustavo Bordet y el por el presidente de CAFESG, Walter Doronzoro, el s\u00e1bado \u00faltimo, y que requerir\u00e1 una inversi\u00f3n de 2,3 millones de pesos, este martes se sum\u00f3 la apertura de sobres para la obra [&hellip;]<\/p>\n","protected":false},"author":5,"featured_media":0,"comment_status":"open","ping_status":"open","sticky":false,"template":"","format":"standard","meta":{"footnotes":""},"categories":[15],"tags":[],"class_list":["post-6033","post","type-post","status-publish","format-standard","hentry","category-noticias"],"_links":{"self":[{"href":"https:\/\/cafesg.gob.ar\/cafesg2\/wp-json\/wp\/v2\/posts\/6033","targetHints":{"allow":["GET"]}}],"collection":[{"href":"https:\/\/cafesg.gob.ar\/cafesg2\/wp-json\/wp\/v2\/posts"}],"about":[{"href":"https:\/\/cafesg.gob.ar\/cafesg2\/wp-json\/wp\/v2\/types\/post"}],"author":[{"embeddable":true,"href":"https:\/\/cafesg.gob.ar\/cafesg2\/wp-json\/wp\/v2\/users\/5"}],"replies":[{"embeddable":true,"href":"https:\/\/cafesg.gob.ar\/cafesg2\/wp-json\/wp\/v2\/comments?post=6033"}],"version-history":[{"count":0,"href":"https:\/\/cafesg.gob.ar\/cafesg2\/wp-json\/wp\/v2\/posts\/6033\/revisions"}],"wp:attachment":[{"href":"https:\/\/cafesg.gob.ar\/cafesg2\/wp-json\/wp\/v2\/media?parent=6033"}],"wp:term":[{"taxonomy":"category","embeddable":true,"href":"https:\/\/cafesg.gob.ar\/cafesg2\/wp-json\/wp\/v2\/categories?post=6033"},{"taxonomy":"post_tag","embeddable":true,"href":"https:\/\/cafesg.gob.ar\/cafesg2\/wp-json\/wp\/v2\/tags?post=6033"}],"curies":[{"name":"wp","href":"https:\/\/api.w.org\/{rel}","templated":true}]}}