 {"id":6024,"date":"2018-09-10T20:22:36","date_gmt":"2018-09-10T23:22:36","guid":{"rendered":"http:\/\/www.cafesg.gob.ar\/web\/?p=6024"},"modified":"2018-09-10T20:22:36","modified_gmt":"2018-09-10T23:22:36","slug":"cafesg-inicio-la-obra-de-cordon-cuneta-y-badenes-en-federal","status":"publish","type":"post","link":"https:\/\/cafesg.gob.ar\/cafesg2\/cafesg-inicio-la-obra-de-cordon-cuneta-y-badenes-en-federal\/","title":{"rendered":"CAFESG inici\u00f3 la obra de cord\u00f3n cuneta y badenes en Federal"},"content":{"rendered":"<p>T\u00e9cnicos inspectores de la Comisi\u00f3n Administradora para el Fondo Especial de Salto Grande constataron el inicio de la obra de Cord\u00f3n cuneta y badenes en varias arterias de la ciudad de Federal.<\/p>\n<p>Los trabajos estar\u00e1n a cargo de la empresa COINAR S.R.L. quien ganara oportunamente la Licitaci\u00f3n P\u00fablica 03\/2018 de CAFESG presentando toda la documentaci\u00f3n en regla y con un presupuesto de $ 3.155.182,58 que se encuentra por debajo del oficial en unos setenta mil pesos.<\/p>\n<p>Walter Doronzoro, presidente de CAFESG expres\u00f3 su \u201csatisfacci\u00f3n de poder iniciar una nueva obra en la regi\u00f3n de Salto Grande, desde el inicio de la gesti\u00f3n venimos trabajando muy bien con el intendente de Federal, Gerardo Chapino y sus t\u00e9cnicos\u201d.<\/p>\n<p>\u201cEs imprescindible recordar y destacar una vez m\u00e1s, y lo haremos siempre, la trascendental decisi\u00f3n pol\u00edtica que tomara en su momento nuestro gobernador Gustavo Bordet, de mantener activa a CAFESG con fondos de las arcas provinciales entendiendo a la perfecci\u00f3n el rol que el organismo cumple en la regi\u00f3n y permitiendo la continuidad laboral en tiempos tan dif\u00edciles de decenas de familias\u201d destac\u00f3 el funcionario.<\/p>\n<p>El funcionario tambi\u00e9n inform\u00f3 que \u201cen pocas semanas m\u00e1s estaremos dando comienzo a una obra de similares caracter\u00edsticas en la ciudad de Conscripto Bernardi y si todo marcha bien, como confiamos que ser\u00e1, en el mes de octubre estar\u00edamos haciendo lo propio en Federaci\u00f3n y San Pedro\u201d finaliz\u00f3 Doronzoro.<\/p>\n<p>Por su parte, el intendente Chapino dijo \u201cestar muy contentos de ver que ya han comenzado los trabajos de esta obra en nuestra ciudad, dando una respuesta a aquellos vecinos que nos presentan sus necesidades, el cord\u00f3n cuneta es un gran ordenador barrial, tanto de la calle en s\u00ed misma como del tr\u00e1fico y el saneamiento\u201d.<\/p>\n<p>Adem\u00e1s, destac\u00f3 una vez m\u00e1s a CAFESG y sus equipos t\u00e9cnicos \u201cpor estar presentes siempre que los necesitamos, ya sea como en este caso para la realizaci\u00f3n de una obra muy importante para nuestra ciudad, as\u00ed como para la elaboraci\u00f3n de proyectos o asesoramientos que les solicitamos a menudo\u201d.<\/p>\n<p>Por \u00faltimo, tambi\u00e9n agradeci\u00f3 al gobernador Bordet y al ministro Benedetto \u201cpor estar siempre cerca de nuestra comunidad y por incluirnos cada vez que el presupuesto lo permite en el plan de obras de la provincia\u201d finaliz\u00f3 el intendente de Federal.<\/p>\n<p>La obra en varias arterias de la ciudad de Federal, contempla la construcci\u00f3n de aproximadamente 1400 metros de cord\u00f3n cuneta y badenes y tiene un plazo de ejecuci\u00f3n de 60 d\u00edas, por lo cual si no se presentan demoras la primer quincena del mes de noviembre deber\u00eda estar finalizada.<\/p>\n<p><a href=\"https:\/\/www.cafesg.gob.ar\/cafesg2\/wp-content\/uploads\/2018\/09\/Federal-2.jpeg\"><img loading=\"lazy\" decoding=\"async\" class=\"alignnone size-medium wp-image-6025\" src=\"https:\/\/www.cafesg.gob.ar\/cafesg2\/wp-content\/uploads\/2018\/09\/Federal-2-300x168.jpeg\" alt=\"Federal 2\" width=\"300\" height=\"168\" \/><\/a> <a href=\"https:\/\/www.cafesg.gob.ar\/cafesg2\/wp-content\/uploads\/2018\/09\/Federal-3.jpeg\"><img loading=\"lazy\" decoding=\"async\" class=\"alignnone size-medium wp-image-6026\" src=\"https:\/\/www.cafesg.gob.ar\/cafesg2\/wp-content\/uploads\/2018\/09\/Federal-3-300x168.jpeg\" alt=\"Federal 3\" width=\"300\" height=\"168\" \/><\/a> <a href=\"https:\/\/www.cafesg.gob.ar\/cafesg2\/wp-content\/uploads\/2018\/09\/Federal-4.jpeg\"><img loading=\"lazy\" decoding=\"async\" class=\"alignnone size-medium wp-image-6027\" src=\"https:\/\/www.cafesg.gob.ar\/cafesg2\/wp-content\/uploads\/2018\/09\/Federal-4-300x181.jpeg\" alt=\"Federal 4\" width=\"300\" height=\"181\" \/><\/a> <a href=\"https:\/\/www.cafesg.gob.ar\/cafesg2\/wp-content\/uploads\/2018\/09\/Federal-5.jpeg\"><img loading=\"lazy\" decoding=\"async\" class=\"alignnone size-medium wp-image-6028\" src=\"https:\/\/www.cafesg.gob.ar\/cafesg2\/wp-content\/uploads\/2018\/09\/Federal-5-300x168.jpeg\" alt=\"Federal 5\" width=\"300\" height=\"168\" \/><\/a> <a href=\"https:\/\/www.cafesg.gob.ar\/cafesg2\/wp-content\/uploads\/2018\/09\/Federal-6.jpeg\"><img loading=\"lazy\" decoding=\"async\" class=\"alignnone size-medium wp-image-6029\" src=\"https:\/\/www.cafesg.gob.ar\/cafesg2\/wp-content\/uploads\/2018\/09\/Federal-6-300x168.jpeg\" alt=\"Federal 6\" width=\"300\" height=\"168\" \/><\/a> <a href=\"https:\/\/www.cafesg.gob.ar\/cafesg2\/wp-content\/uploads\/2018\/09\/Federal.jpeg\"><img loading=\"lazy\" decoding=\"async\" class=\"alignnone size-medium wp-image-6030\" src=\"https:\/\/www.cafesg.gob.ar\/cafesg2\/wp-content\/uploads\/2018\/09\/Federal-168x300.jpeg\" alt=\"Federal\" width=\"168\" height=\"300\" \/><\/a><\/p>\n","protected":false},"excerpt":{"rendered":"<p>T\u00e9cnicos inspectores de la Comisi\u00f3n Administradora para el Fondo Especial de Salto Grande constataron el inicio de la obra de Cord\u00f3n cuneta y badenes en varias arterias de la ciudad de Federal. Los trabajos estar\u00e1n a cargo de la empresa COINAR S.R.L. quien ganara oportunamente la Licitaci\u00f3n P\u00fablica 03\/2018 de CAFESG presentando toda la documentaci\u00f3n [&hellip;]<\/p>\n","protected":false},"author":5,"featured_media":0,"comment_status":"open","ping_status":"open","sticky":false,"template":"","format":"standard","meta":{"footnotes":""},"categories":[15],"tags":[],"class_list":["post-6024","post","type-post","status-publish","format-standard","hentry","category-noticias"],"_links":{"self":[{"href":"https:\/\/cafesg.gob.ar\/cafesg2\/wp-json\/wp\/v2\/posts\/6024","targetHints":{"allow":["GET"]}}],"collection":[{"href":"https:\/\/cafesg.gob.ar\/cafesg2\/wp-json\/wp\/v2\/posts"}],"about":[{"href":"https:\/\/cafesg.gob.ar\/cafesg2\/wp-json\/wp\/v2\/types\/post"}],"author":[{"embeddable":true,"href":"https:\/\/cafesg.gob.ar\/cafesg2\/wp-json\/wp\/v2\/users\/5"}],"replies":[{"embeddable":true,"href":"https:\/\/cafesg.gob.ar\/cafesg2\/wp-json\/wp\/v2\/comments?post=6024"}],"version-history":[{"count":0,"href":"https:\/\/cafesg.gob.ar\/cafesg2\/wp-json\/wp\/v2\/posts\/6024\/revisions"}],"wp:attachment":[{"href":"https:\/\/cafesg.gob.ar\/cafesg2\/wp-json\/wp\/v2\/media?parent=6024"}],"wp:term":[{"taxonomy":"category","embeddable":true,"href":"https:\/\/cafesg.gob.ar\/cafesg2\/wp-json\/wp\/v2\/categories?post=6024"},{"taxonomy":"post_tag","embeddable":true,"href":"https:\/\/cafesg.gob.ar\/cafesg2\/wp-json\/wp\/v2\/tags?post=6024"}],"curies":[{"name":"wp","href":"https:\/\/api.w.org\/{rel}","templated":true}]}}