 {"id":6017,"date":"2018-09-07T21:38:19","date_gmt":"2018-09-08T00:38:19","guid":{"rendered":"http:\/\/www.cafesg.gob.ar\/web\/?p=6017"},"modified":"2018-09-07T21:38:19","modified_gmt":"2018-09-08T00:38:19","slug":"cafesg-y-cilsa-entregaron-16-sillas-de-ruedas","status":"publish","type":"post","link":"https:\/\/cafesg.gob.ar\/cafesg2\/cafesg-y-cilsa-entregaron-16-sillas-de-ruedas\/","title":{"rendered":"CAFESG y CILSA entregaron 16 sillas de ruedas"},"content":{"rendered":"<p>En la ma\u00f1ana del viernes la Comisi\u00f3n Administradora para el Fondo Especial de Salto Grande (CAFESG),\u00a0 en articulaci\u00f3n con el Centro de Inclusi\u00f3n Libre y Solidario (CILSA), realiz\u00f3 una nueva entrega de elementos ortop\u00e9dicos. Se trata de diecis\u00e9is sillas de ruedas a beneficiarios de las ciudades de Concordia, Federaci\u00f3n, Concepci\u00f3n del Uruguay, Villa del Rosario y Puerto Yeru\u00e1. Con esta entrega ya suman 234 las sillas de ruedas entregadas en conjunto en toda la regi\u00f3n de Salto Grande desde el a\u00f1o 2011.<\/p>\n<p>En su alocuci\u00f3n durante el acto de entrega el vocal de CAFESG, Diego Lascurain expres\u00f3 que \u201cesto se consigue con el esfuerzo cotidiano, el reconocimiento a las personas que trabajan en todo lo relacionado con la discapacidad desde CAFESG, como es el caso del profesor Ricardo Lagra\u00f1a y su equipo, que consiguen que una instituci\u00f3n de prestigio nacional como es CILSA siga confiando y articulando con nuestro organismo\u201d.<\/p>\n<p>Por su parte, el senador provincial \u00c1ngel Giano, luego de reconocer tambi\u00e9n el trabajo realizado desde CAFESG, manifest\u00f3 que es \u201cgracias a este trabajo que quienes en Concordia tienen una capacidad diferente, una discapacidad motriz, puedan tener un acompa\u00f1amiento y una integraci\u00f3n muy necesaria para su desarrollo individual m\u00e1s all\u00e1 de sus limitaciones, as\u00ed como una gran ayuda para sus familias\u201d.<\/p>\n<p>\u201cEstar en CAFESG a veinte a\u00f1os de su creaci\u00f3n realizando este tipo de acciones, demuestra que este organismo es mucho m\u00e1s que obra p\u00fablica, y el \u00e1rea de Desarrollo es ya una marca registrada en la regi\u00f3n de Salto Grande, son tiempos dif\u00edciles, lo han sido especialmente para CAFESG estos a\u00f1os, no obstante eso se siguen consiguiendo logros de este tipo, as\u00ed que los insto a seguir por este rumbo porque hay mucha gente que necesita de este organismo\u201d finaliz\u00f3 el senador Giano.<\/p>\n<p>Desde el a\u00f1o 2011 CAFESG\u00a0 en articulaci\u00f3n con CILSA, \u00a0ONG\u00a0 por la inclusi\u00f3n, \u00a0viene realizando un trabajo en conjunto en favor de las personas con discapacidad, especialmente aquellas de\u00a0 menos recursos.<\/p>\n<p>CILSA es una organizaci\u00f3n No Gubernamental (ONG) sin fines de lucro, fundada en 1966 en la ciudad de Santa Fe, lleva m\u00e1s de 50 a\u00f1os de trabajo en pos de vencer las barreras que impiden el desarrollo de una sociedad con igualdad de oportunidades para todos.<\/p>\n<p>El prop\u00f3sito principal de CILSA es promover la integraci\u00f3n plena de personas provenientes de los sectores m\u00e1s vulnerables de nuestra sociedad, como ni\u00f1os sin recursos y personas con discapacidad. Tiene como objetivo concientizar a la sociedad con el fin de disminuir los niveles de discriminaci\u00f3n y marginaci\u00f3n.<\/p>\n<p>Estuvieron presentes en el acto el presidente de CAFESG, Walter Doronzoro; los vocales del Directorio de dicho organismo, Diego Lascurain, Horacio Giorgio y Rub\u00e9n Rastelli; el senador provincial \u00c1ngel Giano; la coordinadora del \u00e1rea de Desarrollo de CAFESG y de discapacidad el mismo organismo, Gisela Huber y Ricardo Lagra\u00f1a respectivamente y la coordinadora de discapacidad del hospital Masvernat, Sandra Beatriz Papasidero.<\/p>\n<p><a href=\"https:\/\/www.cafesg.gob.ar\/cafesg2\/wp-content\/uploads\/2018\/09\/CAFESG-y-CILSA-Grande.jpg\"><img loading=\"lazy\" decoding=\"async\" class=\"alignnone size-medium wp-image-6018\" src=\"https:\/\/www.cafesg.gob.ar\/cafesg2\/wp-content\/uploads\/2018\/09\/CAFESG-y-CILSA-Grande-300x200.jpg\" alt=\"CAFESG y CILSA (Grande)\" width=\"300\" height=\"200\" \/><\/a> <a href=\"https:\/\/www.cafesg.gob.ar\/cafesg2\/wp-content\/uploads\/2018\/09\/CAFESG-y-CILSA-2-Grande.jpg\"><img loading=\"lazy\" decoding=\"async\" class=\"alignnone size-medium wp-image-6019\" src=\"https:\/\/www.cafesg.gob.ar\/cafesg2\/wp-content\/uploads\/2018\/09\/CAFESG-y-CILSA-2-Grande-300x200.jpg\" alt=\"CAFESG y CILSA-2 (Grande)\" width=\"300\" height=\"200\" \/><\/a> <a href=\"https:\/\/www.cafesg.gob.ar\/cafesg2\/wp-content\/uploads\/2018\/09\/CAFESG-y-CILSA-3-Grande.jpg\"><img loading=\"lazy\" decoding=\"async\" class=\"alignnone size-medium wp-image-6020\" src=\"https:\/\/www.cafesg.gob.ar\/cafesg2\/wp-content\/uploads\/2018\/09\/CAFESG-y-CILSA-3-Grande-300x200.jpg\" alt=\"CAFESG y CILSA-3 (Grande)\" width=\"300\" height=\"200\" \/><\/a> <a href=\"https:\/\/www.cafesg.gob.ar\/cafesg2\/wp-content\/uploads\/2018\/09\/CAFESG-y-CILSA-4-Grande.jpg\"><img loading=\"lazy\" decoding=\"async\" class=\"alignnone size-medium wp-image-6021\" src=\"https:\/\/www.cafesg.gob.ar\/cafesg2\/wp-content\/uploads\/2018\/09\/CAFESG-y-CILSA-4-Grande-300x200.jpg\" alt=\"CAFESG y CILSA-4 (Grande)\" width=\"300\" height=\"200\" \/><\/a> <a href=\"https:\/\/www.cafesg.gob.ar\/cafesg2\/wp-content\/uploads\/2018\/09\/CAFESG-y-CILSA-5-Grande.jpg\"><img loading=\"lazy\" decoding=\"async\" class=\"alignnone size-medium wp-image-6022\" src=\"https:\/\/www.cafesg.gob.ar\/cafesg2\/wp-content\/uploads\/2018\/09\/CAFESG-y-CILSA-5-Grande-300x200.jpg\" alt=\"CAFESG y CILSA-5 (Grande)\" width=\"300\" height=\"200\" \/><\/a><\/p>\n","protected":false},"excerpt":{"rendered":"<p>En la ma\u00f1ana del viernes la Comisi\u00f3n Administradora para el Fondo Especial de Salto Grande (CAFESG),\u00a0 en articulaci\u00f3n con el Centro de Inclusi\u00f3n Libre y Solidario (CILSA), realiz\u00f3 una nueva entrega de elementos ortop\u00e9dicos. Se trata de diecis\u00e9is sillas de ruedas a beneficiarios de las ciudades de Concordia, Federaci\u00f3n, Concepci\u00f3n del Uruguay, Villa del Rosario [&hellip;]<\/p>\n","protected":false},"author":5,"featured_media":0,"comment_status":"open","ping_status":"open","sticky":false,"template":"","format":"standard","meta":{"footnotes":""},"categories":[15],"tags":[],"class_list":["post-6017","post","type-post","status-publish","format-standard","hentry","category-noticias"],"_links":{"self":[{"href":"https:\/\/cafesg.gob.ar\/cafesg2\/wp-json\/wp\/v2\/posts\/6017","targetHints":{"allow":["GET"]}}],"collection":[{"href":"https:\/\/cafesg.gob.ar\/cafesg2\/wp-json\/wp\/v2\/posts"}],"about":[{"href":"https:\/\/cafesg.gob.ar\/cafesg2\/wp-json\/wp\/v2\/types\/post"}],"author":[{"embeddable":true,"href":"https:\/\/cafesg.gob.ar\/cafesg2\/wp-json\/wp\/v2\/users\/5"}],"replies":[{"embeddable":true,"href":"https:\/\/cafesg.gob.ar\/cafesg2\/wp-json\/wp\/v2\/comments?post=6017"}],"version-history":[{"count":0,"href":"https:\/\/cafesg.gob.ar\/cafesg2\/wp-json\/wp\/v2\/posts\/6017\/revisions"}],"wp:attachment":[{"href":"https:\/\/cafesg.gob.ar\/cafesg2\/wp-json\/wp\/v2\/media?parent=6017"}],"wp:term":[{"taxonomy":"category","embeddable":true,"href":"https:\/\/cafesg.gob.ar\/cafesg2\/wp-json\/wp\/v2\/categories?post=6017"},{"taxonomy":"post_tag","embeddable":true,"href":"https:\/\/cafesg.gob.ar\/cafesg2\/wp-json\/wp\/v2\/tags?post=6017"}],"curies":[{"name":"wp","href":"https:\/\/api.w.org\/{rel}","templated":true}]}}