 {"id":6002,"date":"2018-08-29T19:11:57","date_gmt":"2018-08-29T22:11:57","guid":{"rendered":"http:\/\/www.cafesg.gob.ar\/web\/?p=6002"},"modified":"2018-08-29T19:11:57","modified_gmt":"2018-08-29T22:11:57","slug":"cafesg-comenzo-la-obra-de-barrio-ferro-nuevo-en-san-salvador","status":"publish","type":"post","link":"https:\/\/cafesg.gob.ar\/cafesg2\/cafesg-comenzo-la-obra-de-barrio-ferro-nuevo-en-san-salvador\/","title":{"rendered":"CAFESG comenz\u00f3 la obra de barrio Ferro Nuevo en San Salvador"},"content":{"rendered":"<p>T\u00e9cnicos inspectores de la Comisi\u00f3n Administradora para el Fondo Especial de Salto Grande constataron el inicio de la obra de Cord\u00f3n cuneta y badenes en barrio Ferro Nuevo de la ciudad de San Salvador.<\/p>\n<p>Los trabajos estar\u00e1n a cargo de la empresa COINAR S.R.L. quien ganara oportunamente la Licitaci\u00f3n P\u00fablica 03\/2018 de CAFESG presentando toda la documentaci\u00f3n en regla y con un presupuesto de $ 2.629.751,48 que se encuentra por debajo del oficial en unos trescientos mil pesos.<\/p>\n<p>\u201cEs m\u00e1s que una satisfacci\u00f3n para nosotros despu\u00e9s de mucho tiempo comenzar una obra con fondos propios\u201d, se\u00f1al\u00f3 el coordinador general de CAFESG Roberto Acu\u00f1a, \u201cesto es gracias a la determinaci\u00f3n y decisi\u00f3n pol\u00edtica del gobernador Gustavo Bordet y a la coordinaci\u00f3n permanente con el ministro Luis Benedetto\u201d destac\u00f3.<\/p>\n<p>El funcionario tambi\u00e9n inform\u00f3 que \u201cen pocas semanas m\u00e1s estaremos dando comienzo a una obra de similares caracter\u00edsticas en la ciudad de Federal y si todo marcha bien, como confiamos que ser\u00e1, en el mes de octubre estar\u00edamos comenzando obras en Conscripto Bernardi y en el departamento Federaci\u00f3n\u201d finaliz\u00f3 Acu\u00f1a.<\/p>\n<p>La obra de barrio Ferro Nuevo de la ciudad de San Salvador, contempla la construcci\u00f3n de aproximadamente 1200 metros de cord\u00f3n cuneta y badenes y tiene un plazo de ejecuci\u00f3n de 60 d\u00edas.<\/p>\n<p><a href=\"https:\/\/www.cafesg.gob.ar\/cafesg2\/wp-content\/uploads\/2018\/08\/Cord\u00f3n-1.jpeg\"><img loading=\"lazy\" decoding=\"async\" class=\"alignnone size-medium wp-image-6003\" src=\"https:\/\/www.cafesg.gob.ar\/cafesg2\/wp-content\/uploads\/2018\/08\/Cord\u00f3n-1-300x168.jpeg\" alt=\"Cord\u00f3n 1\" width=\"300\" height=\"168\" \/><\/a> <a href=\"https:\/\/www.cafesg.gob.ar\/cafesg2\/wp-content\/uploads\/2018\/08\/Cord\u00f3n-2.jpeg\"><img loading=\"lazy\" decoding=\"async\" class=\"alignnone size-medium wp-image-6004\" src=\"https:\/\/www.cafesg.gob.ar\/cafesg2\/wp-content\/uploads\/2018\/08\/Cord\u00f3n-2-300x225.jpeg\" alt=\"Cord\u00f3n 2\" width=\"300\" height=\"225\" \/><\/a> <a href=\"https:\/\/www.cafesg.gob.ar\/cafesg2\/wp-content\/uploads\/2018\/08\/Cord\u00f3n-3.jpeg\"><img loading=\"lazy\" decoding=\"async\" class=\"alignnone size-medium wp-image-6005\" src=\"https:\/\/www.cafesg.gob.ar\/cafesg2\/wp-content\/uploads\/2018\/08\/Cord\u00f3n-3-300x225.jpeg\" alt=\"Cord\u00f3n 3\" width=\"300\" height=\"225\" \/><\/a><\/p>\n","protected":false},"excerpt":{"rendered":"<p>T\u00e9cnicos inspectores de la Comisi\u00f3n Administradora para el Fondo Especial de Salto Grande constataron el inicio de la obra de Cord\u00f3n cuneta y badenes en barrio Ferro Nuevo de la ciudad de San Salvador. Los trabajos estar\u00e1n a cargo de la empresa COINAR S.R.L. quien ganara oportunamente la Licitaci\u00f3n P\u00fablica 03\/2018 de CAFESG presentando toda [&hellip;]<\/p>\n","protected":false},"author":5,"featured_media":0,"comment_status":"open","ping_status":"open","sticky":false,"template":"","format":"standard","meta":{"footnotes":""},"categories":[15],"tags":[],"class_list":["post-6002","post","type-post","status-publish","format-standard","hentry","category-noticias"],"_links":{"self":[{"href":"https:\/\/cafesg.gob.ar\/cafesg2\/wp-json\/wp\/v2\/posts\/6002","targetHints":{"allow":["GET"]}}],"collection":[{"href":"https:\/\/cafesg.gob.ar\/cafesg2\/wp-json\/wp\/v2\/posts"}],"about":[{"href":"https:\/\/cafesg.gob.ar\/cafesg2\/wp-json\/wp\/v2\/types\/post"}],"author":[{"embeddable":true,"href":"https:\/\/cafesg.gob.ar\/cafesg2\/wp-json\/wp\/v2\/users\/5"}],"replies":[{"embeddable":true,"href":"https:\/\/cafesg.gob.ar\/cafesg2\/wp-json\/wp\/v2\/comments?post=6002"}],"version-history":[{"count":0,"href":"https:\/\/cafesg.gob.ar\/cafesg2\/wp-json\/wp\/v2\/posts\/6002\/revisions"}],"wp:attachment":[{"href":"https:\/\/cafesg.gob.ar\/cafesg2\/wp-json\/wp\/v2\/media?parent=6002"}],"wp:term":[{"taxonomy":"category","embeddable":true,"href":"https:\/\/cafesg.gob.ar\/cafesg2\/wp-json\/wp\/v2\/categories?post=6002"},{"taxonomy":"post_tag","embeddable":true,"href":"https:\/\/cafesg.gob.ar\/cafesg2\/wp-json\/wp\/v2\/tags?post=6002"}],"curies":[{"name":"wp","href":"https:\/\/api.w.org\/{rel}","templated":true}]}}