 {"id":5995,"date":"2018-08-23T20:02:15","date_gmt":"2018-08-23T23:02:15","guid":{"rendered":"http:\/\/www.cafesg.gob.ar\/web\/?p=5995"},"modified":"2018-08-23T20:02:15","modified_gmt":"2018-08-23T23:02:15","slug":"el-coordinador-de-cafesg-con-vecinos-del-pompeya-sur","status":"publish","type":"post","link":"https:\/\/cafesg.gob.ar\/cafesg2\/el-coordinador-de-cafesg-con-vecinos-del-pompeya-sur\/","title":{"rendered":"El coordinador de CAFESG con vecinos del Pompeya Sur"},"content":{"rendered":"<p>En la tarde de este jueves el coordinador general de la Comisi\u00f3n Administradora para el Fondo Especial de Salto Grande, Roberto Acu\u00f1a, visit\u00f3 el barrio Pompeya Sur de la ciudad de Concordia y se reuni\u00f3 con vecinos del lugar para conversar sobre la obra de cloacas que el gobernador Gustavo Bordet, dispuso se realice con la pr\u00f3xima partida de excedentes que ingrese a CAFESG.<\/p>\n<p>La obra, esperada hace mucho tiempo por los vecinos, contemplar\u00eda catorce cuadras de red cloacal troncal con conexiones que lleguen hasta la puerta de los domicilios particulares, as\u00ed como una estaci\u00f3n de bombeo ya que un tramo de la obra necesita de impulsi\u00f3n. La misma, abarcar\u00eda unas ciento diez viviendas particulares.<\/p>\n<p>Estuvo presente en la reuni\u00f3n con los vecinos el diputado provincial Alejandro Bahler, quien tambi\u00e9n gestionara ante las autoridades provinciales para la concreci\u00f3n de la obra.<\/p>\n<p>Luego del encuentro, Roberto Acu\u00f1a expres\u00f3 que \u201clo que vine a hacer b\u00e1sicamente es a transmitirles a los vecinos lo que me pidi\u00f3 el ministro Luis Benedetto que les dijera, y esto es que el propio gobernador de la Provincia, Gustavo Bordet, dispuso que una parte de los fondos que ingresen a CAFESG cuando el Gobierno Nacional los mande, estar\u00e1 destinado a la concreci\u00f3n de la obra de red cloacal para este barrio\u201d.<\/p>\n<p>\u201cVine a asumir el compromiso, en nombre del gobernador Bordet y del ministro Benedetto de que la obra se va a hacer, que es una decisi\u00f3n tomada, y que ahora lo \u00fanico que nos queda, es esperar que el Gobierno Nacional nos env\u00ede los excedentes a CAFESG para poder iniciar todos los pasos administrativos y licitaciones para que el sue\u00f1o de muchos vecinos se vuelva realidad\u201d manifest\u00f3 el coordinador de CAFESG.<\/p>\n<p>La obra, cuyo proyecto fuera realizado oportunamente por t\u00e9cnicos de CAFESG, tendr\u00eda, a valores actuales, un presupuesto cercano a los 3,5 millones de pesos.<\/p>\n<p>Cabe destacar que el diputado Alejandro Bahler, luego de haber mantenido una reuni\u00f3n en la ciudad de Paran\u00e1 con el ministro de Planeamiento, Infraestructura y Servicios de la provincia, Luis Benedetto, les manifest\u00f3 a los vecinos lo mismo que el coordinador de CAFESG, esto es, el compromiso y la decisi\u00f3n del Gobernador Bordet de que la obra se haga con la pr\u00f3xima partida de excedentes que la Naci\u00f3n le remita al organismo provincial con sede en Concordia.<\/p>\n<p><a href=\"https:\/\/www.cafesg.gob.ar\/cafesg2\/wp-content\/uploads\/2018\/08\/Pompeya-Sur.jpg\"><img loading=\"lazy\" decoding=\"async\" class=\"alignnone size-medium wp-image-5996\" src=\"https:\/\/www.cafesg.gob.ar\/cafesg2\/wp-content\/uploads\/2018\/08\/Pompeya-Sur-300x200.jpg\" alt=\"Pompeya Sur\" width=\"300\" height=\"200\" \/><\/a> <a href=\"https:\/\/www.cafesg.gob.ar\/cafesg2\/wp-content\/uploads\/2018\/08\/Pompeya-Sur-2.jpg\"><img loading=\"lazy\" decoding=\"async\" class=\"alignnone size-medium wp-image-5997\" src=\"https:\/\/www.cafesg.gob.ar\/cafesg2\/wp-content\/uploads\/2018\/08\/Pompeya-Sur-2-300x200.jpg\" alt=\"Pompeya Sur-2\" width=\"300\" height=\"200\" \/><\/a> <a href=\"https:\/\/www.cafesg.gob.ar\/cafesg2\/wp-content\/uploads\/2018\/08\/Pompeya-Sur-3.jpg\"><img loading=\"lazy\" decoding=\"async\" class=\"alignnone size-medium wp-image-5998\" src=\"https:\/\/www.cafesg.gob.ar\/cafesg2\/wp-content\/uploads\/2018\/08\/Pompeya-Sur-3-300x200.jpg\" alt=\"Pompeya Sur-3\" width=\"300\" height=\"200\" \/><\/a> <a href=\"https:\/\/www.cafesg.gob.ar\/cafesg2\/wp-content\/uploads\/2018\/08\/Pompeya-Sur-4.jpg\"><img loading=\"lazy\" decoding=\"async\" class=\"alignnone size-medium wp-image-5999\" src=\"https:\/\/www.cafesg.gob.ar\/cafesg2\/wp-content\/uploads\/2018\/08\/Pompeya-Sur-4-300x200.jpg\" alt=\"Pompeya Sur-4\" width=\"300\" height=\"200\" \/><\/a><\/p>\n","protected":false},"excerpt":{"rendered":"<p>En la tarde de este jueves el coordinador general de la Comisi\u00f3n Administradora para el Fondo Especial de Salto Grande, Roberto Acu\u00f1a, visit\u00f3 el barrio Pompeya Sur de la ciudad de Concordia y se reuni\u00f3 con vecinos del lugar para conversar sobre la obra de cloacas que el gobernador Gustavo Bordet, dispuso se realice con [&hellip;]<\/p>\n","protected":false},"author":5,"featured_media":0,"comment_status":"open","ping_status":"open","sticky":false,"template":"","format":"standard","meta":{"footnotes":""},"categories":[15],"tags":[],"class_list":["post-5995","post","type-post","status-publish","format-standard","hentry","category-noticias"],"_links":{"self":[{"href":"https:\/\/cafesg.gob.ar\/cafesg2\/wp-json\/wp\/v2\/posts\/5995","targetHints":{"allow":["GET"]}}],"collection":[{"href":"https:\/\/cafesg.gob.ar\/cafesg2\/wp-json\/wp\/v2\/posts"}],"about":[{"href":"https:\/\/cafesg.gob.ar\/cafesg2\/wp-json\/wp\/v2\/types\/post"}],"author":[{"embeddable":true,"href":"https:\/\/cafesg.gob.ar\/cafesg2\/wp-json\/wp\/v2\/users\/5"}],"replies":[{"embeddable":true,"href":"https:\/\/cafesg.gob.ar\/cafesg2\/wp-json\/wp\/v2\/comments?post=5995"}],"version-history":[{"count":0,"href":"https:\/\/cafesg.gob.ar\/cafesg2\/wp-json\/wp\/v2\/posts\/5995\/revisions"}],"wp:attachment":[{"href":"https:\/\/cafesg.gob.ar\/cafesg2\/wp-json\/wp\/v2\/media?parent=5995"}],"wp:term":[{"taxonomy":"category","embeddable":true,"href":"https:\/\/cafesg.gob.ar\/cafesg2\/wp-json\/wp\/v2\/categories?post=5995"},{"taxonomy":"post_tag","embeddable":true,"href":"https:\/\/cafesg.gob.ar\/cafesg2\/wp-json\/wp\/v2\/tags?post=5995"}],"curies":[{"name":"wp","href":"https:\/\/api.w.org\/{rel}","templated":true}]}}