 {"id":5986,"date":"2018-08-16T19:14:10","date_gmt":"2018-08-16T22:14:10","guid":{"rendered":"http:\/\/www.cafesg.gob.ar\/web\/?p=5986"},"modified":"2018-08-16T19:14:10","modified_gmt":"2018-08-16T22:14:10","slug":"cafesg-entrego-el-proyecto-para-la-escuela-no3-colonias-unidas-de-san-salvador","status":"publish","type":"post","link":"https:\/\/cafesg.gob.ar\/cafesg2\/cafesg-entrego-el-proyecto-para-la-escuela-no3-colonias-unidas-de-san-salvador\/","title":{"rendered":"CAFESG entreg\u00f3 el proyecto para la Escuela N\u00ba3 \u201cColonias Unidas\u201d de San Salvador"},"content":{"rendered":"<p>Personal t\u00e9cnico de la Comisi\u00f3n Administradora para el fondo Especial de Salto Grande le entreg\u00f3 al titular de la zonal de Arquitectura del departamento San Salvador, Leonardo Franco, el proyecto para la construcci\u00f3n de la Escuela N\u00ba3\u201dColonias Unidas\u201d.<\/p>\n<p>El predio donde se realizar\u00e1n las obras del establecimiento educativo se encuentra ubicado en Colonia San Ernesto, una peque\u00f1a comunidad del departamento San Salvador.<\/p>\n<p>El esp\u00edritu del proyecto tiene como objetivo promover acciones tendientes a modernizar el establecimiento educativo direccionando todos los esfuerzos a los fines de obtener un claro fortalecimiento en el desempe\u00f1o de las tareas, en lo que respecta a la funcionalidad tiene como objetivo brindar mayor comodidad y servicios generando condiciones dignas para el desarrollo de dichas actividades.<\/p>\n<p>Es importante destacar que los t\u00e9cnicos de CAFESG trabajaron en forma conjunta con la zonal de Arquitectura de san Salvador en el desarrollo del proyecto.<\/p>\n<p>Las caracter\u00edsticas de la zona son \u00f3ptimas para la ejecuci\u00f3n del proyecto, ya que cuenta con los servicios de agua mediante un tanque de reserva existente, espacio adecuado para plantear desag\u00fces cloacales con sus respectivos drenajes e instalaciones de l\u00edneas urbanas de baja tensi\u00f3n.<\/p>\n<p>Los trabajos a ejecutar\u00a0 tienen por finalidad brindar al establecimiento educativo nuevos espacios de servicios, como sanitarios para el alumnado, un ba\u00f1o individual para el sector administrativo y un ba\u00f1o individual para personas de ambos sexos con alguna discapacidad. Tambi\u00e9n contempla aulas y un espacio semicubierto tipo galer\u00eda para vincular dichos espacios con el objeto de refuncionalizar la administraci\u00f3n de la misma.<\/p>\n<p><a href=\"https:\/\/www.cafesg.gob.ar\/cafesg2\/wp-content\/uploads\/2018\/08\/Proyecto-Escuela-3.jpeg\"><img loading=\"lazy\" decoding=\"async\" class=\"alignnone size-medium wp-image-5987\" src=\"https:\/\/www.cafesg.gob.ar\/cafesg2\/wp-content\/uploads\/2018\/08\/Proyecto-Escuela-3-300x168.jpeg\" alt=\"Proyecto Escuela 3\" width=\"300\" height=\"168\" \/><\/a> <a href=\"https:\/\/www.cafesg.gob.ar\/cafesg2\/wp-content\/uploads\/2018\/08\/Proyecto-Escuela-3-1.jpeg\"><img loading=\"lazy\" decoding=\"async\" class=\"alignnone size-medium wp-image-5988\" src=\"https:\/\/www.cafesg.gob.ar\/cafesg2\/wp-content\/uploads\/2018\/08\/Proyecto-Escuela-3-1-168x300.jpeg\" alt=\"Proyecto Escuela 3-1\" width=\"168\" height=\"300\" \/><\/a> <a href=\"https:\/\/www.cafesg.gob.ar\/cafesg2\/wp-content\/uploads\/2018\/08\/Proyecto-Escuela-3-2.jpeg\"><img loading=\"lazy\" decoding=\"async\" class=\"alignnone size-medium wp-image-5989\" src=\"https:\/\/www.cafesg.gob.ar\/cafesg2\/wp-content\/uploads\/2018\/08\/Proyecto-Escuela-3-2-300x168.jpeg\" alt=\"Proyecto Escuela 3-2\" width=\"300\" height=\"168\" \/><\/a><\/p>\n","protected":false},"excerpt":{"rendered":"<p>Personal t\u00e9cnico de la Comisi\u00f3n Administradora para el fondo Especial de Salto Grande le entreg\u00f3 al titular de la zonal de Arquitectura del departamento San Salvador, Leonardo Franco, el proyecto para la construcci\u00f3n de la Escuela N\u00ba3\u201dColonias Unidas\u201d. El predio donde se realizar\u00e1n las obras del establecimiento educativo se encuentra ubicado en Colonia San Ernesto, [&hellip;]<\/p>\n","protected":false},"author":5,"featured_media":0,"comment_status":"open","ping_status":"open","sticky":false,"template":"","format":"standard","meta":{"footnotes":""},"categories":[15],"tags":[],"class_list":["post-5986","post","type-post","status-publish","format-standard","hentry","category-noticias"],"_links":{"self":[{"href":"https:\/\/cafesg.gob.ar\/cafesg2\/wp-json\/wp\/v2\/posts\/5986","targetHints":{"allow":["GET"]}}],"collection":[{"href":"https:\/\/cafesg.gob.ar\/cafesg2\/wp-json\/wp\/v2\/posts"}],"about":[{"href":"https:\/\/cafesg.gob.ar\/cafesg2\/wp-json\/wp\/v2\/types\/post"}],"author":[{"embeddable":true,"href":"https:\/\/cafesg.gob.ar\/cafesg2\/wp-json\/wp\/v2\/users\/5"}],"replies":[{"embeddable":true,"href":"https:\/\/cafesg.gob.ar\/cafesg2\/wp-json\/wp\/v2\/comments?post=5986"}],"version-history":[{"count":0,"href":"https:\/\/cafesg.gob.ar\/cafesg2\/wp-json\/wp\/v2\/posts\/5986\/revisions"}],"wp:attachment":[{"href":"https:\/\/cafesg.gob.ar\/cafesg2\/wp-json\/wp\/v2\/media?parent=5986"}],"wp:term":[{"taxonomy":"category","embeddable":true,"href":"https:\/\/cafesg.gob.ar\/cafesg2\/wp-json\/wp\/v2\/categories?post=5986"},{"taxonomy":"post_tag","embeddable":true,"href":"https:\/\/cafesg.gob.ar\/cafesg2\/wp-json\/wp\/v2\/tags?post=5986"}],"curies":[{"name":"wp","href":"https:\/\/api.w.org\/{rel}","templated":true}]}}