 {"id":5979,"date":"2018-08-09T18:57:38","date_gmt":"2018-08-09T21:57:38","guid":{"rendered":"http:\/\/www.cafesg.gob.ar\/web\/?p=5979"},"modified":"2018-08-09T18:57:38","modified_gmt":"2018-08-09T21:57:38","slug":"cafesg-capacito-260-estudiantes-secundarios-en-concordia-y-federacion","status":"publish","type":"post","link":"https:\/\/cafesg.gob.ar\/cafesg2\/cafesg-capacito-260-estudiantes-secundarios-en-concordia-y-federacion\/","title":{"rendered":"CAFESG capacit\u00f3 260 estudiantes secundarios en Concordia y Federaci\u00f3n"},"content":{"rendered":"<p><em>180 j\u00f3venes de Concordia pertenecientes a 32 carrozas humor\u00edsticas y aleg\u00f3ricas se capacitaron en T\u00e9cnicas de RCP y primeros auxilios, en tanto en Federaci\u00f3n fueron 80 j\u00f3venes pertenecientes a 5 escuelas secundarias los que lo hicieron en Seguridad e Higiene.<\/em><\/p>\n<p>La Comisi\u00f3n Administradora para el Fondo Especial de Salto Grande en su ya cl\u00e1sico espacio anual de fortalecimiento de la Fiesta del Estudiante, en su sexto a\u00f1o consecutivo, nuevamente capacit\u00f3 a estudiantes secundarios que realizar\u00e1n sus tradicionales carrozas de la que disfrutar\u00e1n miles de vecinos en poco tiempo m\u00e1s.<\/p>\n<p>El mi\u00e9rcoles 8, se desarroll\u00f3 en la sede de CAFESG Concordia la \u00a0capacitaci\u00f3n te\u00f3rico-pr\u00e1ctica sobre \u00a0\u201cRCP Y PRIMEROS AUXILIOS\u201d. La jornada \u00a0const\u00f3 de dos partes: una te\u00f3rica sobre las t\u00e9cnicas de RCP y primeros auxilios y otra pr\u00e1ctica con mu\u00f1ecos dise\u00f1ados para este fin y tuvo como objetivo capacitar en la atenci\u00f3n primaria b\u00e1sica del paro cardiorespiratorio, t\u00e9cnicas de reanimaci\u00f3n cardiopulmonar, difundir conceptualizaciones sobre el s\u00edndrome de muerte s\u00fabita y t\u00e9cnicas de RCP, trabajar aspectos integrales de\u00a0 primeros auxilios, etc.<\/p>\n<p>La actividad estuvo organizada de forma conjunta con \u00a0la Secretar\u00eda de la Juventud de Entre R\u00edos, CAFESG, a trav\u00e9s del \u00c1rea Joven\u00a0 y \u00a0Estudiantes Concordienses Unidos (ECU) y dictada por el T\u00e9cnico Superior en Emergencias M\u00e9dicas , Antonio Poelman del Ministerio de Salud de Entre R\u00edos<\/p>\n<p>En un doble turno se capacitaron un total de 180 j\u00f3venes pertenecientes a las siguientes 32 carrozas humor\u00edsticas y aleg\u00f3ricas: Comercio 1, Nacional, Borges, Mariano Moreno, Jos\u00e9 Gervasio Artigas, Esteban Zorraqu\u00edn, Velez Sarsfield, Gerardo Yoya, San Martin, Juana Paula Manso, San Roque Gonz\u00e1lez, Felipe Gardel, Dami\u00e1n P. Garat, San Francisco, Jes\u00fas Nazareno, Capuchinos,\u00a0 Comercio 2, Juana Azurduy, Rca de Entre R\u00edos, Augusto Niez, Agrot\u00e9cnica 24, \u00a0Normal, Itati, San Jos\u00e9, Bachillerato Art\u00edstico, T\u00e9cnica 1.<\/p>\n<p>Esta instancia de capacitaci\u00f3n se\u00a0 suma a una serie de actividades\u00a0 que \u00a0lleva a cabo el \u00e1rea Joven de CAFESG Y ECU tendientes a reforzar, dise\u00f1ar, implementar y coordinar acciones tendientes al fortalecimiento de la Fiesta del Estudiante en sus diversas etapas.<\/p>\n<p>De esta manera el \u00e1rea de Desarrollo de CAFESG acompa\u00f1a por sexta temporada consecutiva el desarrollo de las diferentes actividades que Estudiantes Concordienses Unidos viene generando y preparando de cara a lo que ser\u00e1n los festejos centrales en el mes de septiembre.<\/p>\n<p>&nbsp;<\/p>\n<p><strong>En Federaci\u00f3n<\/strong><\/p>\n<p>Durante la jornada del jueves, unos 80 estudiantes pertenecientes a cinco escuelas secundarias de la ciudad de Federaci\u00f3n, que tambi\u00e9n se aprestan a celebrar en poco tiempo m\u00e1s su Fiesta del Estudiante con las tradicionales carrozas, fueron capacitados en de Seguridad e Higiene.<\/p>\n<p>Las capacitaciones en esta ciudad respondieron a un pedido realizado por Rub\u00e9n Rastelli, vocal del Directorio de CAFESG y oriundo de Federaci\u00f3n; \u00a0estuvieron organizadas en su totalidad por el organismo provincial y fueron desarrolladas por la ingeniera Paula Basso, que es una colaboradora integrante del equipo de\u00a0 CAFESG.<\/p>\n<p>Dentro de la tem\u00e1tica global Seguridad e Higiene se abordaron temas espec\u00edficos tales como manipulaci\u00f3n de herramientas, riesgo el\u00e9ctrico, incendio, uso de matafuegos, ca\u00eddas, etc.<\/p>\n<p>Fue una experiencia nueva para el \u00e1rea de Desarrollo de CAFESG que por primera vez acerca estas capacitaciones a una ciudad de la regi\u00f3n.<\/p>\n<p><a href=\"https:\/\/www.cafesg.gob.ar\/cafesg2\/wp-content\/uploads\/2018\/08\/RCP-Cafesg-2.jpg\"><img loading=\"lazy\" decoding=\"async\" class=\"alignnone size-medium wp-image-5980\" src=\"https:\/\/www.cafesg.gob.ar\/cafesg2\/wp-content\/uploads\/2018\/08\/RCP-Cafesg-2-300x168.jpg\" alt=\"RCP Cafesg 2\" width=\"300\" height=\"168\" \/><\/a> <a href=\"https:\/\/www.cafesg.gob.ar\/cafesg2\/wp-content\/uploads\/2018\/08\/RCP-Cafesg-3.jpg\"><img loading=\"lazy\" decoding=\"async\" class=\"alignnone size-medium wp-image-5981\" src=\"https:\/\/www.cafesg.gob.ar\/cafesg2\/wp-content\/uploads\/2018\/08\/RCP-Cafesg-3-300x168.jpg\" alt=\"RCP Cafesg 3\" width=\"300\" height=\"168\" \/><\/a> <a href=\"https:\/\/www.cafesg.gob.ar\/cafesg2\/wp-content\/uploads\/2018\/08\/RCP-Cafesg-4.jpg\"><img loading=\"lazy\" decoding=\"async\" class=\"alignnone size-medium wp-image-5982\" src=\"https:\/\/www.cafesg.gob.ar\/cafesg2\/wp-content\/uploads\/2018\/08\/RCP-Cafesg-4-300x168.jpg\" alt=\"RCP Cafesg 4\" width=\"300\" height=\"168\" \/><\/a> <a href=\"https:\/\/www.cafesg.gob.ar\/cafesg2\/wp-content\/uploads\/2018\/08\/RCP-Cafesg.jpg\"><img loading=\"lazy\" decoding=\"async\" class=\"alignnone size-medium wp-image-5983\" src=\"https:\/\/www.cafesg.gob.ar\/cafesg2\/wp-content\/uploads\/2018\/08\/RCP-Cafesg-300x168.jpg\" alt=\"RCP Cafesg\" width=\"300\" height=\"168\" \/><\/a><\/p>\n","protected":false},"excerpt":{"rendered":"<p>180 j\u00f3venes de Concordia pertenecientes a 32 carrozas humor\u00edsticas y aleg\u00f3ricas se capacitaron en T\u00e9cnicas de RCP y primeros auxilios, en tanto en Federaci\u00f3n fueron 80 j\u00f3venes pertenecientes a 5 escuelas secundarias los que lo hicieron en Seguridad e Higiene. La Comisi\u00f3n Administradora para el Fondo Especial de Salto Grande en su ya cl\u00e1sico espacio [&hellip;]<\/p>\n","protected":false},"author":5,"featured_media":0,"comment_status":"open","ping_status":"open","sticky":false,"template":"","format":"standard","meta":{"footnotes":""},"categories":[15],"tags":[],"class_list":["post-5979","post","type-post","status-publish","format-standard","hentry","category-noticias"],"_links":{"self":[{"href":"https:\/\/cafesg.gob.ar\/cafesg2\/wp-json\/wp\/v2\/posts\/5979","targetHints":{"allow":["GET"]}}],"collection":[{"href":"https:\/\/cafesg.gob.ar\/cafesg2\/wp-json\/wp\/v2\/posts"}],"about":[{"href":"https:\/\/cafesg.gob.ar\/cafesg2\/wp-json\/wp\/v2\/types\/post"}],"author":[{"embeddable":true,"href":"https:\/\/cafesg.gob.ar\/cafesg2\/wp-json\/wp\/v2\/users\/5"}],"replies":[{"embeddable":true,"href":"https:\/\/cafesg.gob.ar\/cafesg2\/wp-json\/wp\/v2\/comments?post=5979"}],"version-history":[{"count":0,"href":"https:\/\/cafesg.gob.ar\/cafesg2\/wp-json\/wp\/v2\/posts\/5979\/revisions"}],"wp:attachment":[{"href":"https:\/\/cafesg.gob.ar\/cafesg2\/wp-json\/wp\/v2\/media?parent=5979"}],"wp:term":[{"taxonomy":"category","embeddable":true,"href":"https:\/\/cafesg.gob.ar\/cafesg2\/wp-json\/wp\/v2\/categories?post=5979"},{"taxonomy":"post_tag","embeddable":true,"href":"https:\/\/cafesg.gob.ar\/cafesg2\/wp-json\/wp\/v2\/tags?post=5979"}],"curies":[{"name":"wp","href":"https:\/\/api.w.org\/{rel}","templated":true}]}}