 {"id":5970,"date":"2018-08-03T19:04:50","date_gmt":"2018-08-03T22:04:50","guid":{"rendered":"http:\/\/www.cafesg.gob.ar\/web\/?p=5970"},"modified":"2018-08-03T19:04:50","modified_gmt":"2018-08-03T22:04:50","slug":"cafesg-entrego-a-codesal-proyecto-para-mejorar-las-termas-del-ayui","status":"publish","type":"post","link":"https:\/\/cafesg.gob.ar\/cafesg2\/cafesg-entrego-a-codesal-proyecto-para-mejorar-las-termas-del-ayui\/","title":{"rendered":"CAFESG entreg\u00f3 a CODESAL proyecto para mejorar las Termas del Ayu\u00ed"},"content":{"rendered":"<p>Este viernes, en las oficinas de la Comisi\u00f3n Administradora par el Fondo Especial de Salto Grande, t\u00e9cnicos del organismo hicieron entrega al presidente de la Corporaci\u00f3n para el Desarrollo de Salto Grande (CODESAL), Edgardo Oneto, del proyecto para el \u201cCambio de cubiertas en edificios del Parque Acu\u00e1tico Termal del Ayu\u00ed\u201d, conocido tambi\u00e9n como Termas del Ayu\u00ed, ubicadas, al igual que las de Punta Viracho, en el perilago de Salto Grande.<\/p>\n<p>\u201cEl trabajo a realizar, consiste en cambiar las cubiertas de los sectores de acceso y sanitarios del parque acu\u00e1tico termal retirando las existentes y colocando nuevas, en algunos casos se mantendr\u00e1 parte de la estructura de madera que a\u00fan est\u00e1 en buenas condiciones, y en otros se reemplazar\u00e1 totalmente colocando nuevas estructuras de metal, lo que s\u00ed se reemplazar\u00e1 en su totalidad es la cubierta transparente de policarbonato\u201d explic\u00f3 el arquitecto Carlos Montenegro, autor del proyecto.<\/p>\n<p>Se inform\u00f3 adem\u00e1s que el plazo de la obra es de 45 d\u00edas contados a partir de la fecha de realizaci\u00f3n del acta de inicio y tiene un presupuesto oficial de $ 984.456, 24.<\/p>\n<p>Roberto Acu\u00f1a, arquitecto coordinador general de CAFESG, que particip\u00f3 de la entrega del proyecto, manifest\u00f3 que \u201cesto surge a partir del pedido que nos hace el actual presidente de CODESAL a sabiendas que una de las tareas que realiza nuestro organismo por convenio con el Ministerio de Planeamiento de la provincia, que conduce Luis Benedetto, es aportar el conocimiento y la experiencia de nuestros equipos t\u00e9cnicos a aquellas instituciones provinciales o municipales que lo requieran\u201d.<\/p>\n<p>\u201cEs as\u00ed que una vez realizado el pedido por parte de Edgardo Oneto, se le encarg\u00f3 la tarea a nuestros profesiones t\u00e9cnicos y hoy felizmente podemos entregar el proyecto y cumplir una vez m\u00e1s con nuestro aporte al desarrollo de la regi\u00f3n de Salto Grande\u201d finaliz\u00f3 Acu\u00f1a.<\/p>\n<p>Por su parte, el presidente de CODESAL expres\u00f3 su agradecimiento a CAFESG\u00a0 por la entrega del\u00a0 proyecto y por \u00abla funci\u00f3n\u00a0 importante que el\u00a0 organismo tiene acompa\u00f1ando y potenciando\u00a0 el desarrollo local y\u00a0 regional\u00bb.<\/p>\n<p>\u201cAhora es tiempo de present\u00e1rselo al ministro Benedetto, para que el proyecto sea contemplado dentro del presupuesto del plan de obras de la provincia y podamos concretarlo efectivamente\u201d finaliz\u00f3 el funcionario provincial.<\/p>\n<p>Particip\u00f3 de la entrega el coordinador de proyectos de CAFESG, ingeniero Gustavo Larenze.<\/p>\n<p><a href=\"https:\/\/www.cafesg.gob.ar\/cafesg2\/wp-content\/uploads\/2018\/08\/Codesal.jpg\"><img loading=\"lazy\" decoding=\"async\" class=\"alignnone size-medium wp-image-5971\" src=\"https:\/\/www.cafesg.gob.ar\/cafesg2\/wp-content\/uploads\/2018\/08\/Codesal-300x200.jpg\" alt=\"Codesal\" width=\"300\" height=\"200\" \/><\/a> <a href=\"https:\/\/www.cafesg.gob.ar\/cafesg2\/wp-content\/uploads\/2018\/08\/Codesal_2.jpg\"><img loading=\"lazy\" decoding=\"async\" class=\"alignnone size-medium wp-image-5972\" src=\"https:\/\/www.cafesg.gob.ar\/cafesg2\/wp-content\/uploads\/2018\/08\/Codesal_2-300x200.jpg\" alt=\"Codesal_2\" width=\"300\" height=\"200\" \/><\/a> <a href=\"https:\/\/www.cafesg.gob.ar\/cafesg2\/wp-content\/uploads\/2018\/08\/Codesal_-3.jpg\"><img loading=\"lazy\" decoding=\"async\" class=\"alignnone size-medium wp-image-5973\" src=\"https:\/\/www.cafesg.gob.ar\/cafesg2\/wp-content\/uploads\/2018\/08\/Codesal_-3-300x200.jpg\" alt=\"Codesal_-3\" width=\"300\" height=\"200\" \/><\/a> <a href=\"https:\/\/www.cafesg.gob.ar\/cafesg2\/wp-content\/uploads\/2018\/08\/Codesal_-4.jpg\"><img loading=\"lazy\" decoding=\"async\" class=\"alignnone size-medium wp-image-5974\" src=\"https:\/\/www.cafesg.gob.ar\/cafesg2\/wp-content\/uploads\/2018\/08\/Codesal_-4-300x200.jpg\" alt=\"Codesal_-4\" width=\"300\" height=\"200\" \/><\/a><\/p>\n","protected":false},"excerpt":{"rendered":"<p>Este viernes, en las oficinas de la Comisi\u00f3n Administradora par el Fondo Especial de Salto Grande, t\u00e9cnicos del organismo hicieron entrega al presidente de la Corporaci\u00f3n para el Desarrollo de Salto Grande (CODESAL), Edgardo Oneto, del proyecto para el \u201cCambio de cubiertas en edificios del Parque Acu\u00e1tico Termal del Ayu\u00ed\u201d, conocido tambi\u00e9n como Termas del [&hellip;]<\/p>\n","protected":false},"author":5,"featured_media":0,"comment_status":"open","ping_status":"open","sticky":false,"template":"","format":"standard","meta":{"footnotes":""},"categories":[15],"tags":[],"class_list":["post-5970","post","type-post","status-publish","format-standard","hentry","category-noticias"],"_links":{"self":[{"href":"https:\/\/cafesg.gob.ar\/cafesg2\/wp-json\/wp\/v2\/posts\/5970","targetHints":{"allow":["GET"]}}],"collection":[{"href":"https:\/\/cafesg.gob.ar\/cafesg2\/wp-json\/wp\/v2\/posts"}],"about":[{"href":"https:\/\/cafesg.gob.ar\/cafesg2\/wp-json\/wp\/v2\/types\/post"}],"author":[{"embeddable":true,"href":"https:\/\/cafesg.gob.ar\/cafesg2\/wp-json\/wp\/v2\/users\/5"}],"replies":[{"embeddable":true,"href":"https:\/\/cafesg.gob.ar\/cafesg2\/wp-json\/wp\/v2\/comments?post=5970"}],"version-history":[{"count":0,"href":"https:\/\/cafesg.gob.ar\/cafesg2\/wp-json\/wp\/v2\/posts\/5970\/revisions"}],"wp:attachment":[{"href":"https:\/\/cafesg.gob.ar\/cafesg2\/wp-json\/wp\/v2\/media?parent=5970"}],"wp:term":[{"taxonomy":"category","embeddable":true,"href":"https:\/\/cafesg.gob.ar\/cafesg2\/wp-json\/wp\/v2\/categories?post=5970"},{"taxonomy":"post_tag","embeddable":true,"href":"https:\/\/cafesg.gob.ar\/cafesg2\/wp-json\/wp\/v2\/tags?post=5970"}],"curies":[{"name":"wp","href":"https:\/\/api.w.org\/{rel}","templated":true}]}}