 {"id":5961,"date":"2018-07-31T19:15:56","date_gmt":"2018-07-31T22:15:56","guid":{"rendered":"http:\/\/www.cafesg.gob.ar\/web\/?p=5961"},"modified":"2018-07-31T19:15:56","modified_gmt":"2018-07-31T22:15:56","slug":"con-mas-de-300-inscriptos-cafesg-desarrollara-talleres-ambientales-sociales-este-jueves-y-viernes-en-chajari","status":"publish","type":"post","link":"https:\/\/cafesg.gob.ar\/cafesg2\/con-mas-de-300-inscriptos-cafesg-desarrollara-talleres-ambientales-sociales-este-jueves-y-viernes-en-chajari\/","title":{"rendered":"Con m\u00e1s de 300 inscriptos CAFESG desarrollar\u00e1 Talleres Ambientales Sociales este jueves y viernes en Chajar\u00ed"},"content":{"rendered":"<p>La Comisi\u00f3n Administradora para el Fondo Especial de Salto Grande (CAFESG) a trav\u00e9s de su \u00e1rea de\u00a0 Desarrollo llevar\u00e1 adelante en la localidad de Chajar\u00ed, siete talleres ambientales sociales enfocados en la tem\u00e1tica de Residuos s\u00f3lidos urbanos,\u00a0 Turismo y Ambiente, Kioscos saludables, Microemprendimientos con productos reciclados reutilizables, Soberan\u00eda Alimentaria, Impacto de los residuos pl\u00e1sticos en el planeta y Energ\u00eda renovable. Los mismos se desarrollar\u00e1n este jueves 2 y viernes 3 de agosto.<\/p>\n<p>Las actividades dar\u00e1n comienzo con la charla sobre Residuos s\u00f3lidos urbanos el jueves 2 de agosto de 17:30 a 19:30 horas en el Auditorio del Centro Cultural. Asimismo, los talleres se van a desarrollar el d\u00eda viernes 3 de agosto, por la ma\u00f1ana y por la tarde.<\/p>\n<p>En este sentido, aquellas personas que se anoten a la charla deber\u00e1n elegir un taller, en uno de los dos turnos, ya que los mismos son con un cupo m\u00e1ximo de 30 personas y las inscripciones se recepcionan previamente a trav\u00e9s del correo electr\u00f3nico de la Direcci\u00f3n de Educaci\u00f3n que es <a href=\"mailto:educacion@chajari.gob.ar\">educacion@chajari.gob.ar<\/a> o telef\u00f3nicamente, llamando al 03456-424415.<\/p>\n<p>Del mismo modo, los interesados pueden anotarse de forma personal en las instalaciones de Casa Salvarredy, en Sarmiento y Bol\u00edvar, de 7 a 13 horas, de lunes a viernes.<\/p>\n<p>Los mencionados talleres est\u00e1n destinados a docentes de nivel inicial, primario y secundario. Son totalmente gratuitos y el Consejo General de Educaci\u00f3n mediante la Resoluci\u00f3n 4218 dispuso que los asistentes que cumplan con la charla general, un taller y aprueben el proyecto a presentar obtendr\u00e1n un puntaje de 0,70. Todos los docentes inscriptos deber\u00e1n asistir a la disertaci\u00f3n sobre la tem\u00e1tica en Residuos S\u00f3lidos Urbanos, y a continuaci\u00f3n elegir uno de los 6 talleres.<\/p>\n<p>El Objetivo General de los talleres es capacitar a los docentes en temas relacionados a los Residuos S\u00f3lidos Urbanos, con especial \u00e9nfasis en la transmisi\u00f3n de herramientas did\u00e1cticas que permitan la ense\u00f1anza de los conceptos de la disciplina en cualquier espacio curricular de nivel inicial, primario y secundario de la educaci\u00f3n.<\/p>\n<p>Los docentes elaborar\u00e1n un proyecto educativo ambiental social en la tem\u00e1tica de residuos s\u00f3lidos urbanos con la consigna de mejorar un problema comunitario. La entrega y presentaci\u00f3n de los proyectos estar\u00e1 a cargo de dos alumnos y los docentes.<\/p>\n<p>Dentro de los objetivos espec\u00edficos de los talleres se busca, a nivel comunitario, establecer la discusi\u00f3n sobre este problema en las comunidades educativas a la vez que se les brindan posibles soluciones y generar v\u00ednculos en la comunidad.<\/p>\n<p>Asimismo, a nivel pedag\u00f3gico, se busca fomentar el estudio de la relaci\u00f3n medio ambiente salud, desde una experiencia real y actual, donde los docentes deban hacer frente a los posibles inconvenientes que puede conllevar el desarrollo de un proyecto \u00e1ulico.<\/p>\n<p>Junto al \u00e1rea de Desarrollo de CAFESG participan el Ministerio de producci\u00f3n de la Provincia, la Municipalidad de Chajar\u00ed, que, en este caso, colabora con el espacio, la log\u00edstica y la difusi\u00f3n de las jornadas, UTN regional Concordia, Facultad de Ciencias de la Alimentaci\u00f3n de UNER, Mesa de Gesti\u00f3n Local para la Econom\u00eda Social y Solidaria (MeGLESS), Instituto Nacional de Tecnolog\u00eda Industrial INTI),\u00a0Universidad de Buenos Aires (UBA), Facultad de Ciencia y Tecnolog\u00eda de la UADER, Instituto de Control de Alimentaci\u00f3n y Bromatolog\u00eda (ICAB), la Red de Comercio Justo Pir\u00ed Hu\u00e9 y el Consejo Nacional de Investigaciones Cient\u00edficas y T\u00e9cnicas (CONICET).<\/p>\n<p>&nbsp;<\/p>\n","protected":false},"excerpt":{"rendered":"<p>La Comisi\u00f3n Administradora para el Fondo Especial de Salto Grande (CAFESG) a trav\u00e9s de su \u00e1rea de\u00a0 Desarrollo llevar\u00e1 adelante en la localidad de Chajar\u00ed, siete talleres ambientales sociales enfocados en la tem\u00e1tica de Residuos s\u00f3lidos urbanos,\u00a0 Turismo y Ambiente, Kioscos saludables, Microemprendimientos con productos reciclados reutilizables, Soberan\u00eda Alimentaria, Impacto de los residuos pl\u00e1sticos en [&hellip;]<\/p>\n","protected":false},"author":5,"featured_media":0,"comment_status":"open","ping_status":"open","sticky":false,"template":"","format":"standard","meta":{"footnotes":""},"categories":[15],"tags":[],"class_list":["post-5961","post","type-post","status-publish","format-standard","hentry","category-noticias"],"_links":{"self":[{"href":"https:\/\/cafesg.gob.ar\/cafesg2\/wp-json\/wp\/v2\/posts\/5961","targetHints":{"allow":["GET"]}}],"collection":[{"href":"https:\/\/cafesg.gob.ar\/cafesg2\/wp-json\/wp\/v2\/posts"}],"about":[{"href":"https:\/\/cafesg.gob.ar\/cafesg2\/wp-json\/wp\/v2\/types\/post"}],"author":[{"embeddable":true,"href":"https:\/\/cafesg.gob.ar\/cafesg2\/wp-json\/wp\/v2\/users\/5"}],"replies":[{"embeddable":true,"href":"https:\/\/cafesg.gob.ar\/cafesg2\/wp-json\/wp\/v2\/comments?post=5961"}],"version-history":[{"count":0,"href":"https:\/\/cafesg.gob.ar\/cafesg2\/wp-json\/wp\/v2\/posts\/5961\/revisions"}],"wp:attachment":[{"href":"https:\/\/cafesg.gob.ar\/cafesg2\/wp-json\/wp\/v2\/media?parent=5961"}],"wp:term":[{"taxonomy":"category","embeddable":true,"href":"https:\/\/cafesg.gob.ar\/cafesg2\/wp-json\/wp\/v2\/categories?post=5961"},{"taxonomy":"post_tag","embeddable":true,"href":"https:\/\/cafesg.gob.ar\/cafesg2\/wp-json\/wp\/v2\/tags?post=5961"}],"curies":[{"name":"wp","href":"https:\/\/api.w.org\/{rel}","templated":true}]}}