 {"id":5954,"date":"2018-07-27T19:45:00","date_gmt":"2018-07-27T22:45:00","guid":{"rendered":"http:\/\/www.cafesg.gob.ar\/web\/?p=5954"},"modified":"2018-07-27T19:45:00","modified_gmt":"2018-07-27T22:45:00","slug":"cafesg-le-entrego-al-intendente-de-federal-el-contrato-de-la-obra-a-realizarse-en-esa-ciudad","status":"publish","type":"post","link":"https:\/\/cafesg.gob.ar\/cafesg2\/cafesg-le-entrego-al-intendente-de-federal-el-contrato-de-la-obra-a-realizarse-en-esa-ciudad\/","title":{"rendered":"CAFESG le entreg\u00f3 al intendente de Federal el contrato de la obra a realizarse en esa ciudad"},"content":{"rendered":"<p>El presidente de la Comisi\u00f3n Administradora para el Fondo Especial de Salto Grande, Walter Doronzoro, le hizo entrega al intendente de Federal, Gerardo Chapino del contrato firmado entre CAFESG y la empresa COINAR SRL, adjudicada para ejecutar la obra \u201cCord\u00f3n cuneta y badenes en diversas arterias de la ciudad de Federal\u201d.<\/p>\n<p>La obra, que saliera a licitaci\u00f3n p\u00fablica con el N\u00ba 02\/2018 con un presupuesto oficial de $ 3.183.774, 60 prev\u00e9 la construcci\u00f3n de aproximadamente 1300 metros lineales de cord\u00f3n cuneta y badenes, fue adjudicada a la empresa COINAR SRL que ofert\u00f3 $ 3.115.182,58 para la realizaci\u00f3n de los trabajos. La misma tiene un tiempo de ejecuci\u00f3n de sesenta d\u00edas corridos a partir de la fecha del Acta de replanteo.<\/p>\n<p>Luego de la entrega Doronzoro record\u00f3 que \u201cestas pol\u00edticas activas en beneficio de la gente no ser\u00edan posibles sin la decisi\u00f3n irrestricta del gobernador Gustavo Bordet de permitir que CAFESG siga cumpliendo sus funciones hist\u00f3ricas en la regi\u00f3n, con la coordinaci\u00f3n del ministro Luis Benedetto y el consenso de los intendentes en cuanto a las necesidades de sus comunas esperamos seguir llevando adelante obras como esta\u201d.<\/p>\n<p>\u201cEstas obras \u2013 continu\u00f3 Doronzoro &#8211; se dan en el marco de la planificaci\u00f3n que hici\u00e9ramos con los intendentes en funci\u00f3n del presupuesto que tenemos, y que esperamos poder ampliar si es que Naci\u00f3n nos env\u00eda los excedentes que le corresponden a CAFESG\u201d finaliz\u00f3 el funcionario.<\/p>\n<p>Por su parte, el intendente Chapino agradeci\u00f3 \u201cuna vez m\u00e1s a CAFESG y sus equipos t\u00e9cnicos por estar presentes siempre que los necesitamos, ya sea como en este caso para la realizaci\u00f3n de una obra muy importante para nuestra ciudad, as\u00ed como para la elaboraci\u00f3n de proyectos o asesoramientos que les solicitamos a menudo\u201d.<\/p>\n<p>\u201cEstamos muy contentos de tener este comienzo de obra ya en los pr\u00f3ximos d\u00edas en nuestra ciudad, dando una respuesta a aquellos vecinos que nos presentan sus necesidades y que nosotros intentamos solucionar porque ese es nuestro compromiso de cada d\u00eda\u201d se\u00f1al\u00f3 intendente de Federal.<\/p>\n<p>Por \u00faltimo, el ejecutivo municipal de la ciudad entrerriana remarc\u00f3 \u201cla ayuda y el acompa\u00f1amiento permanente que tenemos del gobierno provincial, en especial de Gustavo Bordet y del ministro Benedetto, que en tema de obras no reparan en el tama\u00f1o de las ciudades sino en las necesidades de sus vecinos\u201d.<\/p>\n<p>Este contrato, se suma al que ya entregara el Gobernador Gustavo Bordet el 9 de Julio al intendente de San Salvador, Fabi\u00e1n Berthet, que pertenece a la adjudicaci\u00f3n de la obra \u201cCord\u00f3n cuneta y badenes barrio ferro Nuevo \u2013 1ra. Etapa\u201d de dicha ciudad a la empresa COINAR SRL por un monto de ejecuci\u00f3n de $ 2.629.751,48. Obra que ten\u00eda como presupuesto oficial $ 2.958.207,82.<\/p>\n<p><a href=\"https:\/\/www.cafesg.gob.ar\/cafesg2\/wp-content\/uploads\/2018\/07\/federal-1-2.jpg\"><img loading=\"lazy\" decoding=\"async\" class=\"alignnone size-medium wp-image-5955\" src=\"https:\/\/www.cafesg.gob.ar\/cafesg2\/wp-content\/uploads\/2018\/07\/federal-1-2-300x200.jpg\" alt=\"federal 1-2\" width=\"300\" height=\"200\" \/><\/a> <a href=\"https:\/\/www.cafesg.gob.ar\/cafesg2\/wp-content\/uploads\/2018\/07\/federal-1-3.jpg\"><img loading=\"lazy\" decoding=\"async\" class=\"alignnone size-medium wp-image-5956\" src=\"https:\/\/www.cafesg.gob.ar\/cafesg2\/wp-content\/uploads\/2018\/07\/federal-1-3-300x200.jpg\" alt=\"federal 1-3\" width=\"300\" height=\"200\" \/><\/a> <a href=\"https:\/\/www.cafesg.gob.ar\/cafesg2\/wp-content\/uploads\/2018\/07\/federal-1-4.jpg\"><img loading=\"lazy\" decoding=\"async\" class=\"alignnone size-medium wp-image-5957\" src=\"https:\/\/www.cafesg.gob.ar\/cafesg2\/wp-content\/uploads\/2018\/07\/federal-1-4-300x200.jpg\" alt=\"federal 1-4\" width=\"300\" height=\"200\" \/><\/a> <a href=\"https:\/\/www.cafesg.gob.ar\/cafesg2\/wp-content\/uploads\/2018\/07\/federal-1-5.jpg\"><img loading=\"lazy\" decoding=\"async\" class=\"alignnone size-medium wp-image-5958\" src=\"https:\/\/www.cafesg.gob.ar\/cafesg2\/wp-content\/uploads\/2018\/07\/federal-1-5-300x200.jpg\" alt=\"federal 1-5\" width=\"300\" height=\"200\" \/><\/a><\/p>\n","protected":false},"excerpt":{"rendered":"<p>El presidente de la Comisi\u00f3n Administradora para el Fondo Especial de Salto Grande, Walter Doronzoro, le hizo entrega al intendente de Federal, Gerardo Chapino del contrato firmado entre CAFESG y la empresa COINAR SRL, adjudicada para ejecutar la obra \u201cCord\u00f3n cuneta y badenes en diversas arterias de la ciudad de Federal\u201d. La obra, que saliera [&hellip;]<\/p>\n","protected":false},"author":5,"featured_media":0,"comment_status":"open","ping_status":"open","sticky":false,"template":"","format":"standard","meta":{"footnotes":""},"categories":[15],"tags":[],"class_list":["post-5954","post","type-post","status-publish","format-standard","hentry","category-noticias"],"_links":{"self":[{"href":"https:\/\/cafesg.gob.ar\/cafesg2\/wp-json\/wp\/v2\/posts\/5954","targetHints":{"allow":["GET"]}}],"collection":[{"href":"https:\/\/cafesg.gob.ar\/cafesg2\/wp-json\/wp\/v2\/posts"}],"about":[{"href":"https:\/\/cafesg.gob.ar\/cafesg2\/wp-json\/wp\/v2\/types\/post"}],"author":[{"embeddable":true,"href":"https:\/\/cafesg.gob.ar\/cafesg2\/wp-json\/wp\/v2\/users\/5"}],"replies":[{"embeddable":true,"href":"https:\/\/cafesg.gob.ar\/cafesg2\/wp-json\/wp\/v2\/comments?post=5954"}],"version-history":[{"count":0,"href":"https:\/\/cafesg.gob.ar\/cafesg2\/wp-json\/wp\/v2\/posts\/5954\/revisions"}],"wp:attachment":[{"href":"https:\/\/cafesg.gob.ar\/cafesg2\/wp-json\/wp\/v2\/media?parent=5954"}],"wp:term":[{"taxonomy":"category","embeddable":true,"href":"https:\/\/cafesg.gob.ar\/cafesg2\/wp-json\/wp\/v2\/categories?post=5954"},{"taxonomy":"post_tag","embeddable":true,"href":"https:\/\/cafesg.gob.ar\/cafesg2\/wp-json\/wp\/v2\/tags?post=5954"}],"curies":[{"name":"wp","href":"https:\/\/api.w.org\/{rel}","templated":true}]}}