 {"id":594,"date":"2010-10-26T09:02:14","date_gmt":"2010-10-26T11:02:14","guid":{"rendered":"http:\/\/cafesg.gov.ar\/web\/?p=594"},"modified":"2010-10-26T09:02:14","modified_gmt":"2010-10-26T11:02:14","slug":"cafesg-ofrecera-capacitacion-en-diseno-y-gestion-de-microemprendimientos","status":"publish","type":"post","link":"https:\/\/cafesg.gob.ar\/cafesg2\/cafesg-ofrecera-capacitacion-en-diseno-y-gestion-de-microemprendimientos\/","title":{"rendered":"CAFESG ofrecer\u00e1 capacitaci\u00f3n en dise\u00f1o y gesti\u00f3n de microemprendimientos"},"content":{"rendered":"<h4><span style=\"color: #808080;\">En el Hogar de Tr\u00e1nsito de Pompeya como fruto del acuerdo celebrado con C\u00e1ritas Diocesana <\/span><\/h4>\n<h3><span style=\"color: #808080;\"><a href=\"https:\/\/cafesg.gov.ar\/web\/wp-content\/uploads\/2010\/10\/Curso-Gestion-Microemprendimientos.jpg\"><img loading=\"lazy\" decoding=\"async\" class=\"alignright size-medium wp-image-596\" style=\"border: 0pt none; margin: 10px;\" title=\"Curso Gestion de Microemprendimientos\" src=\"https:\/\/cafesg.gov.ar\/web\/wp-content\/uploads\/2010\/10\/Curso-Gestion-Microemprendimientos-300x225.jpg\" alt=\"Curso Gestion de Microemprendimientos\" width=\"300\" height=\"225\" \/><\/a><\/span><\/h3>\n<p style=\"text-align: justify;\">Desde el pr\u00f3ximo martes 2 de noviembre, en el Hogar de Tr\u00e1nsito de C\u00e1ritas Pompeya, CAFESG dar\u00e1 continuidad al Programa de Asesoramiento para Microemprendedores de la Regi\u00f3n de Salto Grande 2010, con el dictado de un curso de capacitaci\u00f3n en \u0093Dise\u00f1o y Gesti\u00f3n de Microemprendimientos\u0094.<\/p>\n<p style=\"text-align: justify;\">Esta nueva actividad se enmarca dentro del acuerdo de asistencia y cooperaci\u00f3n celebrado en 2009 entre C\u00e1ritas Diocesana Concordia y CAFESG, cuyo objetivo apunta a llevar adelante acciones de cooperaci\u00f3n y asistencia t\u00e9cnica para la capacitaci\u00f3n laboral en oficios, la promoci\u00f3n social y la contenci\u00f3n familiar de miembros de la comunidad carentes de recursos, promoviendo una salida laboral con inclusi\u00f3n en el medio local.<\/p>\n<p style=\"text-align: justify;\">El curso consiste b\u00e1sicamente en un asesoramiento integral para el dise\u00f1o y la gesti\u00f3n de emprendimientos particulares o conjuntos, y est\u00e1 destinado a aquellas personas que deseen impulsar una propuesta de este tipo o ya tengan una en marcha.<\/p>\n<p style=\"text-align: justify;\">\u0093Esta nueva oferta de formaci\u00f3n forma parte del <strong>Programa de Asesoramiento para Microemprendedores de CAFESG<\/strong> y tiene como objetivo capacitar a los participantes para que puedan gestionar un emprendimiento productivo, individual o colectivo, sostenible y sustentable en el tiempo, mediante el an\u00e1lisis de los obst\u00e1culos que se encuentran en la puesta en marcha de iniciativas de esta naturaleza, y tambi\u00e9n en la b\u00fasqueda de alternativas de soluci\u00f3n viables\u0094, explic\u00f3 la profesora Susana De Ibarra, coordinadora de la actividad por CAFESG.<\/p>\n<p style=\"text-align: right;\"><!--more--><\/p>\n<p style=\"text-align: justify;\">Los contenidos te\u00f3ricos contemplan los aspectos organizativos, econ\u00f3micos, administrativos y comerciales necesarios para la puesta en funcionamiento de un emprendimiento. \u0093Y como este curso se articula con otro programa de CAFESG, el de Apoyo Financiero al Sector de los Potenciales Emprendedores Sujetos de Microcr\u00e9dito de la Regi\u00f3n de Salto Grande, tambi\u00e9n se brindar\u00e1 orientaci\u00f3n y asesoramiento para elaborar proyectos de microemprendimientos plausibles de ser financiados por el Microbanco de Desarrollo\u0094, agreg\u00f3 De Ibarra.<\/p>\n<p style=\"text-align: justify;\">\u0093Los alumnos recibir\u00e1n todos los materiales necesarios para\u00a0 el cursado de la capacitaci\u00f3n; concurrir\u00e1n a dos encuentros\u00a0 semanales de dos horas cada uno, durante dos meses, y deber\u00e1n cumplir con un 80% de asistencia\u0094, complet\u00f3 la coordinadora.<\/p>\n<p style=\"text-align: justify;\">Los interesados se pueden inscribir personalmente en la sede del \u00c1rea de Desarrollo Regional de CAFESG, nuevo edificio de Mitre y Pellegrini segundo piso, en el horario de 8 a 12.30Hs., hasta este viernes 29 inclusive. Por consultas comunicarse telef\u00f3nicamente\u00a0 al 422-7300, interno 214.<strong> <\/strong><\/p>\n<p style=\"text-align: justify;\"><strong><span style=\"text-decoration: underline;\">CAFESG y la promoci\u00f3n social y econ\u00f3mica<\/span><\/strong><\/p>\n<p style=\"text-align: justify;\">A partir de una firme decisi\u00f3n pol\u00edtica de quien fuera su presidente durante el per\u00edodo 2003-2007 \u0096hoy gobernador de la provincia\u0096 Sergio Urribarri, CAFESG asumi\u00f3 el rol de instrumentar una pol\u00edtica p\u00fablica de promoci\u00f3n social y econ\u00f3mica en la Regi\u00f3n, impulsando una l\u00f3gica de trabajo que se complementa con otros actores del Estado, de la sociedad civil y del sector privado.<\/p>\n<p style=\"text-align: justify;\">Desde esta nueva perspectiva, CAFESG comenz\u00f3 a dise\u00f1ar estrategias de intervenci\u00f3n para responder a la necesidad de implementar una plataforma \u00fanica de servicios de apoyo t\u00e9cnico y financiero para las microempresas y los peque\u00f1os productores de la Regi\u00f3n de Salto Grande.<\/p>\n<p style=\"text-align: justify;\">En este sentido, CAFESG viene desarrollando un sinn\u00famero de acciones de apoyo t\u00e9cnico y financiero para trabajadores desocupados, subocupados y peque\u00f1os y medianos emprendedores, acerc\u00e1ndoles herramientas para su crecimiento y reconversi\u00f3n laboral; propiciando as\u00ed su inclusi\u00f3n en los sectores productivos de la Regi\u00f3n, y contribuyendo de esta manera al desarrollo regional con una genuina potenciaci\u00f3n de capacidades y competencias en todos y cada uno de ellos.<\/p>\n<div id=\"_mcePaste\" style=\"position: absolute; left: -10000px; top: 0px; width: 1px; height: 1px; overflow: hidden;\">\n<p><span style=\"font-family: Calibri;\"> <\/span><\/p>\n<p class=\"MsoNormal\" style=\"text-align: center; margin: 0cm 0cm 0pt;\"><strong><span style=\"font-size: 13.5pt;\" lang=\"ES\"><span style=\"font-family: Times New Roman;\">CAFESG ofrecer\u00e1  capacitaci\u00f3n en dise\u00f1o y gesti\u00f3n de microemprendimientos <\/span><\/span><\/strong><\/p>\n<p class=\"MsoNormal\" style=\"margin: 0cm 0cm 0pt;\"><span lang=\"ES\"><span style=\"font-family: Times New Roman;\"> <\/span><\/span><\/p>\n<p class=\"MsoNormal\" style=\"text-align: justify; text-indent: 35.4pt; margin: 0cm 0cm 0pt;\"><span lang=\"ES\"><span style=\"font-family: Times New Roman;\">Desde el pr\u00f3ximo  martes 2 de noviembre, en el Hogar de Tr\u00e1nsito de C\u00e1ritas Pompeya, CAFESG dar\u00e1  continuidad al Programa de Asesoramiento para Microemprendedores de la Regi\u00f3n de  Salto Grande 2010, con el dictado de un curso de capacitaci\u00f3n en \u0093Dise\u00f1o y  Gesti\u00f3n de Microemprendimientos\u0094. <\/span><\/span><\/p>\n<p class=\"MsoNormal\" style=\"text-align: justify; text-indent: 35.4pt; margin: 0cm 0cm 0pt;\"><span lang=\"ES\"><span style=\"font-family: Times New Roman;\">Esta nueva actividad  se enmarca dentro del acuerdo de asistencia y cooperaci\u00f3n celebrado en 2009  entre C\u00e1ritas Diocesana Concordia y CAFESG, cuyo objetivo apunta a llevar  adelante acciones de cooperaci\u00f3n y asistencia t\u00e9cnica para la capacitaci\u00f3n  laboral en oficios, la promoci\u00f3n social y la contenci\u00f3n familiar de miembros de  la comunidad carentes de recursos, promoviendo una salida laboral con inclusi\u00f3n  en el medio local.<\/span><\/span><\/p>\n<p class=\"MsoNormal\" style=\"text-align: justify; text-indent: 35.4pt; margin: 0cm 0cm 0pt;\"><span lang=\"ES\"><span style=\"font-family: Times New Roman;\">El curso consiste  b\u00e1sicamente en un asesoramiento integral para el dise\u00f1o y la gesti\u00f3n de  emprendimientos particulares o conjuntos, y est\u00e1 destinado a aquellas personas  que deseen impulsar una propuesta de este tipo o ya tengan una en  marcha.<\/span><\/span><\/p>\n<p class=\"MsoNormal\" style=\"text-align: justify; text-indent: 35.4pt; margin: 0cm 0cm 0pt;\"><span lang=\"ES\"><span style=\"font-family: Times New Roman;\">\u0093Esta nueva oferta de  formaci\u00f3n forma parte del Programa de Asesoramiento para Microemprendedores de  CAFESG y tiene como objetivo capacitar a los participantes para que puedan  gestionar un emprendimiento productivo, individual o colectivo, sostenible y  sustentable en el tiempo, mediante el an\u00e1lisis de los obst\u00e1culos que se  encuentran en la puesta en marcha de iniciativas de esta naturaleza, y tambi\u00e9n  en la b\u00fasqueda de alternativas de soluci\u00f3n viables\u0094, explic\u00f3 la profesora Susana  De Ibarra, coordinadora de la actividad por CAFESG.<\/span><\/span><\/p>\n<p class=\"MsoNormal\" style=\"text-align: justify; text-indent: 35.4pt; margin: 0cm 0cm 0pt;\"><span lang=\"ES\"><span style=\"font-family: Times New Roman;\">Los contenidos  te\u00f3ricos contemplan los aspectos organizativos, econ\u00f3micos, administrativos y  comerciales necesarios para la puesta en funcionamiento de un emprendimiento. \u0093Y  como este curso se articula con otro programa de CAFESG, el de Apoyo Financiero  al Sector de los Potenciales Emprendedores Sujetos de Microcr\u00e9dito de  la Regi\u00f3n de  Salto Grande, tambi\u00e9n se brindar\u00e1 orientaci\u00f3n y asesoramiento para elaborar  proyectos de microemprendimientos plausibles de ser financiados por el  Microbanco de Desarrollo\u0094, agreg\u00f3 De Ibarra.<\/span><\/span><\/p>\n<p class=\"MsoNormal\" style=\"text-align: justify; text-indent: 35.4pt; margin: 0cm 0cm 0pt;\"><span lang=\"ES\"><span style=\"font-family: Times New Roman;\">\u0093Los alumnos  recibir\u00e1n todos los materiales necesarios para\u00a0 el cursado de la capacitaci\u00f3n;  concurrir\u00e1n a dos encuentros\u00a0  semanales de dos horas cada uno, durante dos meses, y deber\u00e1n cumplir con  un 80% de asistencia\u0094, complet\u00f3 la coordinadora.<\/span><\/span><\/p>\n<p class=\"MsoNormal\" style=\"text-align: justify; text-indent: 35.4pt; margin: 0cm 0cm 0pt;\"><span lang=\"ES\"><span style=\"font-family: Times New Roman;\">Los interesados se  pueden inscribir personalmente en la sede del \u00c1rea de Desarrollo Regional de  CAFESG, nuevo edificio de Mitre y Pellegrini segundo piso, en el horario de  8 a  12.30Hs., hasta este viernes 29 inclusive. Por consultas comunicarse  telef\u00f3nicamente\u00a0 al 422-7300,  interno 214. <\/span><\/span><\/p>\n<p class=\"MsoNormal\" style=\"text-align: justify; margin: 0cm 0cm 0pt;\"><span lang=\"ES\"><span style=\"font-family: Times New Roman;\"> <\/span><\/span><\/p>\n<p class=\"MsoNormal\" style=\"text-align: justify; margin: 0cm 0cm 0pt;\"><strong><span lang=\"ES\"><span style=\"font-family: Times New Roman;\">CAFESG y la promoci\u00f3n social y  econ\u00f3mica<\/span><\/span><\/strong><\/p>\n<p class=\"MsoNormal\" style=\"text-align: justify; text-indent: 35.4pt; margin: 0cm 0cm 0pt;\"><span lang=\"ES\"><span style=\"font-family: Times New Roman;\">A partir de una firme  decisi\u00f3n pol\u00edtica de quien fuera su presidente durante el per\u00edodo 2003-2007 \u0096hoy  gobernador de la provincia\u0096 Sergio Urribarri, CAFESG asumi\u00f3 el rol de  instrumentar una pol\u00edtica p\u00fablica de promoci\u00f3n social y econ\u00f3mica en  la Regi\u00f3n,  impulsando una l\u00f3gica de trabajo que se complementa con otros actores del  Estado, de la sociedad civil y del sector privado. <\/span><\/span><\/p>\n<p class=\"MsoNormal\" style=\"text-align: justify; text-indent: 35.4pt; margin: 0cm 0cm 0pt;\"><span lang=\"ES\"><span style=\"font-family: Times New Roman;\">Desde esta nueva  perspectiva, CAFESG comenz\u00f3 a dise\u00f1ar estrategias de intervenci\u00f3n para responder  a la necesidad de implementar una plataforma \u00fanica de servicios de apoyo t\u00e9cnico  y financiero para las microempresas y los peque\u00f1os productores de  la Regi\u00f3n de  Salto Grande. <\/span><\/span><\/p>\n<p class=\"MsoNormal\" style=\"text-align: justify; text-indent: 35.4pt; margin: 0cm 0cm 0pt;\"><span lang=\"ES\"><span style=\"font-family: Times New Roman;\">En este sentido,  CAFESG viene desarrollando un sinn\u00famero de acciones de apoyo t\u00e9cnico y  financiero para trabajadores desocupados, subocupados y peque\u00f1os y medianos  emprendedores, acerc\u00e1ndoles herramientas para su crecimiento y reconversi\u00f3n  laboral; propiciando as\u00ed su inclusi\u00f3n en los sectores productivos de la Regi\u00f3n,  y contribuyendo de esta manera al desarrollo regional con una genuina  potenciaci\u00f3n de capacidades y competencias en todos y cada uno de  ellos.<\/span><\/span><\/p>\n<\/div>\n","protected":false},"excerpt":{"rendered":"<p>En el Hogar de Tr\u00e1nsito de Pompeya como fruto del acuerdo celebrado con C\u00e1ritas Diocesana Desde el pr\u00f3ximo martes 2 de noviembre, en el Hogar de Tr\u00e1nsito de C\u00e1ritas Pompeya, CAFESG dar\u00e1 continuidad al Programa de Asesoramiento para Microemprendedores de la Regi\u00f3n de Salto Grande 2010, con el dictado de un curso de capacitaci\u00f3n en [&hellip;]<\/p>\n","protected":false},"author":5,"featured_media":0,"comment_status":"open","ping_status":"open","sticky":false,"template":"","format":"standard","meta":{"footnotes":""},"categories":[15],"tags":[35],"class_list":["post-594","post","type-post","status-publish","format-standard","hentry","category-noticias","tag-capacitacion"],"_links":{"self":[{"href":"https:\/\/cafesg.gob.ar\/cafesg2\/wp-json\/wp\/v2\/posts\/594","targetHints":{"allow":["GET"]}}],"collection":[{"href":"https:\/\/cafesg.gob.ar\/cafesg2\/wp-json\/wp\/v2\/posts"}],"about":[{"href":"https:\/\/cafesg.gob.ar\/cafesg2\/wp-json\/wp\/v2\/types\/post"}],"author":[{"embeddable":true,"href":"https:\/\/cafesg.gob.ar\/cafesg2\/wp-json\/wp\/v2\/users\/5"}],"replies":[{"embeddable":true,"href":"https:\/\/cafesg.gob.ar\/cafesg2\/wp-json\/wp\/v2\/comments?post=594"}],"version-history":[{"count":0,"href":"https:\/\/cafesg.gob.ar\/cafesg2\/wp-json\/wp\/v2\/posts\/594\/revisions"}],"wp:attachment":[{"href":"https:\/\/cafesg.gob.ar\/cafesg2\/wp-json\/wp\/v2\/media?parent=594"}],"wp:term":[{"taxonomy":"category","embeddable":true,"href":"https:\/\/cafesg.gob.ar\/cafesg2\/wp-json\/wp\/v2\/categories?post=594"},{"taxonomy":"post_tag","embeddable":true,"href":"https:\/\/cafesg.gob.ar\/cafesg2\/wp-json\/wp\/v2\/tags?post=594"}],"curies":[{"name":"wp","href":"https:\/\/api.w.org\/{rel}","templated":true}]}}