 {"id":5936,"date":"2018-07-15T21:19:59","date_gmt":"2018-07-16T00:19:59","guid":{"rendered":"http:\/\/www.cafesg.gob.ar\/web\/?p=5936"},"modified":"2018-07-15T21:19:59","modified_gmt":"2018-07-16T00:19:59","slug":"cafesg-capacito-en-seguridad-e-higiene-a-mas-de-300-chicos-que-haran-carrozas-este-ano","status":"publish","type":"post","link":"https:\/\/cafesg.gob.ar\/cafesg2\/cafesg-capacito-en-seguridad-e-higiene-a-mas-de-300-chicos-que-haran-carrozas-este-ano\/","title":{"rendered":"CAFESG capacit\u00f3 en seguridad e higiene a m\u00e1s de 300 chicos que har\u00e1n carrozas este a\u00f1o"},"content":{"rendered":"<p>M\u00e1s de trescientos j\u00f3venes pertenecientes a \u00a031 escuelas de Concordia que este a\u00f1o realizar\u00e1n sus carrozas aleg\u00f3ricas y\u00a0 humor\u00edsticas, participaron de los talleres organizados por CAFESG. Es el sexto a\u00f1o consecutivo que el organismo provincial acompa\u00f1a el desarrollo de la fiesta que tendr\u00e1 sus festejos centrales en el mes de septiembre.<\/p>\n<p>La Comisi\u00f3n Administradora para el Fondo Especial de Salto Grande a trav\u00e9s de su \u00c1rea Joven y en el marco del Programa Fortalecimiento\u00a0 de la Fiesta del Estudiante, desarroll\u00f3 en coordinaci\u00f3n con Estudiantes Concordienses Unidos (ECU), el taller de Seguridad e Higiene, con el fin de acompa\u00f1ar\u00a0 y capacitar a los estudiantes en la organizaci\u00f3n de su celebraci\u00f3n anual de la Fiesta del Estudiante.<\/p>\n<p>Durante el lanzamiento de las jornadas, el vocal de CAFESG, Diego Lascurain, les explic\u00f3 a los chicos que \u201cCAFESG tiene como funci\u00f3n el desarrollo de la regi\u00f3n de Salto Grande que son ocho departamentos de la provincia de Entre R\u00edos, en este marco me considero un defensor del \u00e1rea de desarrollo de nuestro organismo, porque entiendo que si bien hacemos muchas obras que son muy \u00fatiles y benefician a miles de vecinos, el concepto de desarrollo es m\u00e1s amplio, e incluye el aspecto humano, que es lo que de alguna manera van a tratar hoy en general bajo la consigna de la seguridad e higiene\u201d.<\/p>\n<p>Luego, al referirse espec\u00edficamente al curso en s\u00ed, Lascurain les manifest\u00f3 que \u201ccuando ampliamos la visi\u00f3n del tema, nos damos cuenta que en el mundo moderno, sobre todo en la vida urbana, estamos sometidos permanentemente a riesgos, la idea es que se puedan ir de estas jornadas con un concepto m\u00e1s amplio de esos riesgos, que signifique tener la idea de lo que es la prevenci\u00f3n, la precauci\u00f3n, la cautela, que nos permita ante un riesgo no conocido tomar la decisi\u00f3n de decir no, hasta que no me informe no hago esto, y que tengan en claro que esos riesgos van a existir, y tratar en alg\u00fan momento de anularlos o achicarlos al m\u00ednimo\u201d.<\/p>\n<p>Soledad Siegrits, a cargo del \u00c1rea Joven de CAFESG inform\u00f3 que durante los encuentros \u201cse brindaron conocimientos b\u00e1sicos en lo que respecta a riesgos el\u00e9ctricos, manipulaci\u00f3n de herramientas, riesgos de incendio, uso de matafuegos, trabajo en altura, elementos de seguridad, evacuaci\u00f3n, entre otros, que les permitir\u00e1n trabajar de forma segura en la construcci\u00f3n de carrozas\u201d.<\/p>\n<p>\u201cLas capacitaciones estuvieron a cargo de la ingeniera Paula Basso, que es una colaboradora integrante del equipo de\u00a0 CAFESG de hace muchos a\u00f1os\u201d relat\u00f3 Siegrist, al tiempo que inform\u00f3 que \u201cse continuar\u00e1n realizando instancias de capacitaci\u00f3n relacionadas con RCP y Primeros Auxilios, Promoci\u00f3n y prevenci\u00f3n de la salud, reciclado, as\u00ed como el acompa\u00f1amiento a las diversas actividades que llevan adelante los j\u00f3venes de Concordia de cara a la tradicional Fiesta del Estudiante\u201d finaliz\u00f3.<\/p>\n<p>En tanto Melania Aguirre, presidente de ECU, agradeci\u00f3 \u201cla presencia de todos los chicos\u201d y, se dijo que desde la organizaci\u00f3n juvenil que nuclea a todos los estudiantes de Concordia \u201cestamos muy agradecidos con CAFESG que nos brinda estas capacitaciones que les sirve a todos los que har\u00e1n carrozas este a\u00f1o\u201d.<\/p>\n<p>Se capacitaron m\u00e1s 300 j\u00f3venes pertenecientes a 32 carrozas aleg\u00f3ricas y humor\u00edsticas de las siguientes escuelas: Comercio N\u00ba 1, Capuchinos, Colegio Nacional Alejandro Carb\u00f3, Jorge Luis Borges, Agrot\u00e9cnica N\u00ba 24, Normal, Itat\u00ed, San Jos\u00e9, Bachillerato Art\u00edstico, Jos\u00e9 Gervasio Artigas, Esteban Zorraqu\u00edn, San Francisco, San Mart\u00edn, Felipe Gardel, San Roque Gonz\u00e1lez, Dami\u00e1n P. Garat, Juana Azurduy, Rep\u00fablica de Entre R\u00edos, Benito Ju\u00e1rez, Augusto Niez, Mariano Moreno, Juana Paula Manso, L\u00f3pez Jord\u00e1n, Principito, Gerardo Yoya, Bachillerato Humanista, Mitre, T\u00e9cnica N\u00ba 1, Comercio N\u00ba 2, Velez Sarsfield y Jes\u00fas Nazareno.<\/p>\n<p><a href=\"https:\/\/www.cafesg.gob.ar\/cafesg2\/wp-content\/uploads\/2018\/07\/seguridad-e-higiene-1.jpg\"><img loading=\"lazy\" decoding=\"async\" class=\"alignnone size-medium wp-image-5937\" src=\"https:\/\/www.cafesg.gob.ar\/cafesg2\/wp-content\/uploads\/2018\/07\/seguridad-e-higiene-1-300x200.jpg\" alt=\"seguridad e higiene 1\" width=\"300\" height=\"200\" \/><\/a> <a href=\"https:\/\/www.cafesg.gob.ar\/cafesg2\/wp-content\/uploads\/2018\/07\/seguridad-e-higiene-2.jpg\"><img loading=\"lazy\" decoding=\"async\" class=\"alignnone size-medium wp-image-5938\" src=\"https:\/\/www.cafesg.gob.ar\/cafesg2\/wp-content\/uploads\/2018\/07\/seguridad-e-higiene-2-300x200.jpg\" alt=\"seguridad e higiene 2\" width=\"300\" height=\"200\" \/><\/a> <a href=\"https:\/\/www.cafesg.gob.ar\/cafesg2\/wp-content\/uploads\/2018\/07\/seguridad-e-higiene-3.jpg\"><img loading=\"lazy\" decoding=\"async\" class=\"alignnone size-medium wp-image-5939\" src=\"https:\/\/www.cafesg.gob.ar\/cafesg2\/wp-content\/uploads\/2018\/07\/seguridad-e-higiene-3-300x200.jpg\" alt=\"seguridad e higiene 3\" width=\"300\" height=\"200\" \/><\/a> <a href=\"https:\/\/www.cafesg.gob.ar\/cafesg2\/wp-content\/uploads\/2018\/07\/seguridad-e-higiene-4.jpg\"><img loading=\"lazy\" decoding=\"async\" class=\"alignnone size-medium wp-image-5940\" src=\"https:\/\/www.cafesg.gob.ar\/cafesg2\/wp-content\/uploads\/2018\/07\/seguridad-e-higiene-4-300x200.jpg\" alt=\"seguridad e higiene 4\" width=\"300\" height=\"200\" \/><\/a> <a href=\"https:\/\/www.cafesg.gob.ar\/cafesg2\/wp-content\/uploads\/2018\/07\/seguridad-e-higiene-5.jpg\"><img loading=\"lazy\" decoding=\"async\" class=\"alignnone size-medium wp-image-5941\" src=\"https:\/\/www.cafesg.gob.ar\/cafesg2\/wp-content\/uploads\/2018\/07\/seguridad-e-higiene-5-300x200.jpg\" alt=\"seguridad e higiene 5\" width=\"300\" height=\"200\" \/><\/a> <a href=\"https:\/\/www.cafesg.gob.ar\/cafesg2\/wp-content\/uploads\/2018\/07\/seguridad-e-higiene-6.jpg\"><img loading=\"lazy\" decoding=\"async\" class=\"alignnone size-medium wp-image-5942\" src=\"https:\/\/www.cafesg.gob.ar\/cafesg2\/wp-content\/uploads\/2018\/07\/seguridad-e-higiene-6-300x200.jpg\" alt=\"seguridad e higiene 6\" width=\"300\" height=\"200\" \/><\/a><\/p>\n","protected":false},"excerpt":{"rendered":"<p>M\u00e1s de trescientos j\u00f3venes pertenecientes a \u00a031 escuelas de Concordia que este a\u00f1o realizar\u00e1n sus carrozas aleg\u00f3ricas y\u00a0 humor\u00edsticas, participaron de los talleres organizados por CAFESG. Es el sexto a\u00f1o consecutivo que el organismo provincial acompa\u00f1a el desarrollo de la fiesta que tendr\u00e1 sus festejos centrales en el mes de septiembre. La Comisi\u00f3n Administradora para [&hellip;]<\/p>\n","protected":false},"author":5,"featured_media":0,"comment_status":"open","ping_status":"open","sticky":false,"template":"","format":"standard","meta":{"footnotes":""},"categories":[15],"tags":[],"class_list":["post-5936","post","type-post","status-publish","format-standard","hentry","category-noticias"],"_links":{"self":[{"href":"https:\/\/cafesg.gob.ar\/cafesg2\/wp-json\/wp\/v2\/posts\/5936","targetHints":{"allow":["GET"]}}],"collection":[{"href":"https:\/\/cafesg.gob.ar\/cafesg2\/wp-json\/wp\/v2\/posts"}],"about":[{"href":"https:\/\/cafesg.gob.ar\/cafesg2\/wp-json\/wp\/v2\/types\/post"}],"author":[{"embeddable":true,"href":"https:\/\/cafesg.gob.ar\/cafesg2\/wp-json\/wp\/v2\/users\/5"}],"replies":[{"embeddable":true,"href":"https:\/\/cafesg.gob.ar\/cafesg2\/wp-json\/wp\/v2\/comments?post=5936"}],"version-history":[{"count":0,"href":"https:\/\/cafesg.gob.ar\/cafesg2\/wp-json\/wp\/v2\/posts\/5936\/revisions"}],"wp:attachment":[{"href":"https:\/\/cafesg.gob.ar\/cafesg2\/wp-json\/wp\/v2\/media?parent=5936"}],"wp:term":[{"taxonomy":"category","embeddable":true,"href":"https:\/\/cafesg.gob.ar\/cafesg2\/wp-json\/wp\/v2\/categories?post=5936"},{"taxonomy":"post_tag","embeddable":true,"href":"https:\/\/cafesg.gob.ar\/cafesg2\/wp-json\/wp\/v2\/tags?post=5936"}],"curies":[{"name":"wp","href":"https:\/\/api.w.org\/{rel}","templated":true}]}}