 {"id":5913,"date":"2018-07-06T20:35:47","date_gmt":"2018-07-06T23:35:47","guid":{"rendered":"http:\/\/www.cafesg.gob.ar\/web\/?p=5913"},"modified":"2018-07-06T20:35:47","modified_gmt":"2018-07-06T23:35:47","slug":"cafesg-y-la-secretaria-de-la-produccion-firmaron-un-convenio-de-colaboracion","status":"publish","type":"post","link":"https:\/\/cafesg.gob.ar\/cafesg2\/cafesg-y-la-secretaria-de-la-produccion-firmaron-un-convenio-de-colaboracion\/","title":{"rendered":"CAFESG y la Secretar\u00eda de la Producci\u00f3n firmaron un Convenio de Colaboraci\u00f3n"},"content":{"rendered":"<p>El 1\u00b0 vocal de \u00a0CAFESG, Walter Doronzoro, y el secretario de la Producci\u00f3n del gobierno entrerriano, \u00c1lvaro Gab\u00e1s, \u00a0rubricaron en la tarde del viernes un convenio de colaboraci\u00f3n con el objetivo de dise\u00f1ar, implementar y coordinar acciones tendientes al desarrollo de pol\u00edticas p\u00fablicas para que los entrerrianos de la regi\u00f3n de Salto Grande tengan mayor acceso a los programas que lleva adelante la Secretar\u00eda provincial.<\/p>\n<p>En este sentido, el titular de la cartera de Producci\u00f3n, manifest\u00f3: \u201cla intenci\u00f3n es profundizar los lazos que tenemos con CAFESG a trav\u00e9s de este convenio marco donde buscamos la promoci\u00f3n de todo lo que tiene que ver con las actividades productivas en la regi\u00f3n de Salto Grande, tambi\u00e9n est\u00e1 la idea de continuar con algunos proyectos de investigaci\u00f3n que se pueden hacer de manera mancomunada, y coadyuvar en todo lo que podamos al desarrollo de acciones que contribuyan a fortalecer los sectores productivos de la regi\u00f3n\u201d.<\/p>\n<p>Por su parte, Walter Doronzoro se\u00f1al\u00f3 que \u201cla vinculaci\u00f3n entre diferentes organismos del Estado a fin de optimizar las pol\u00edticas que le podemos acercar a los entrerrianos, es una manera de trabajo que ha establecido el Gobernador, y as\u00ed lo hemos venido haciendo desde CAFESG, donde trabajamos de manera conjunto con otras reparticiones a trav\u00e9s de diferentes convenios, en este caso, estamos rubricando esa manera de hacer gesti\u00f3n con la Secretar\u00eda de Producci\u00f3n de la provincia\u201d.<\/p>\n<p>\u201cTenemos muy en claro los objetivos establecidos en este convenio y ahora nos queda coordinar y llevarlo adelante para promover de la mejor manera los diferentes programas que tiene el Gobierno provincial para los diferentes sectores de la producci\u00f3n\u201d finaliz\u00f3 el titular de CAFESG.<\/p>\n<p>El senador provincial por Concordia, \u00c1ngel Giano, tambi\u00e9n particip\u00f3 de la firma del convenio entre los dos organismos provinciales y luego del acto expres\u00f3: \u201cme pone muy contento ver que CAFESG genera este tipo de v\u00ednculos, es muy importante no solo por su propia historia, sino por el personal capacitado que tiene este organismo que permite, sin dudas, potenciar los programas que tiene el Gobierno provincial a partir de un aliado estrat\u00e9gico y gubernamental como es CAFESG en la regi\u00f3n de Salto Grande, as\u00ed lo viene haciendo ya con el Ministerio de Desarrollo social y con el de Planeamiento a trav\u00e9s de la elaboraci\u00f3n de proyectos y obras, as\u00ed que no tengo dudas que ser\u00e1 un pleno beneficio tambi\u00e9n para la Secretar\u00eda de la Producci\u00f3n.\u201d<\/p>\n<p>Participaron tambi\u00e9n del acto de firma del convenio, el subsecretario de Comercio, N\u00e9stor Loggio y el coordinador general del Directorio de CAFESG, Roberto Acu\u00f1a.<\/p>\n<p>De esta manera, a trav\u00e9s del acuerdo rubricado se establece que ambos organismos se comprometen a dise\u00f1ar, implementar y coordinar acciones tendientes al desarrollo de las pol\u00edticas p\u00fablicas que lleva adelante el gobierno provincial, a trav\u00e9s de la cartera de producci\u00f3n, trabajando en forma conjunta los siguientes programas: Pescadores artesanales; Frigor\u00edficos\/mataderos para animales menores y pollos de campo; Agricultura y Apicultura; programas PRODERI y PRODAF; programa de Acceso al consumo; programas con el Instituto de Control de Alimentaci\u00f3n y Bromatolog\u00eda; Programa Piloto de saneamiento de tambos.<\/p>\n<p>Adem\u00e1s, se conviene en que los ejes y programas que sean desarrollados en la zona de injerencia de CAFESG contar\u00e1n con el asesoramiento permanente de dicho organismo, pudiendo realizar jornadas, talleres, intervenciones de diversos tipos tales como difusi\u00f3n y convocatoria a los programas, reuniones, asesoramiento t\u00e9cnico y administrativo, seguimiento de los proyectos que se presenten, capacitaciones as\u00ed como toda tarea que sirva de nexo entre la secretar\u00eda de producci\u00f3n y los beneficiarios de los programas.<\/p>\n<p><a href=\"https:\/\/www.cafesg.gob.ar\/cafesg2\/wp-content\/uploads\/2018\/07\/Convenio.jpg\"><img loading=\"lazy\" decoding=\"async\" class=\"alignnone size-medium wp-image-5914\" src=\"https:\/\/www.cafesg.gob.ar\/cafesg2\/wp-content\/uploads\/2018\/07\/Convenio-300x200.jpg\" alt=\"Convenio\" width=\"300\" height=\"200\" \/><\/a> <a href=\"https:\/\/www.cafesg.gob.ar\/cafesg2\/wp-content\/uploads\/2018\/07\/Convenio-2.jpg\"><img loading=\"lazy\" decoding=\"async\" class=\"alignnone size-medium wp-image-5915\" src=\"https:\/\/www.cafesg.gob.ar\/cafesg2\/wp-content\/uploads\/2018\/07\/Convenio-2-300x200.jpg\" alt=\"Convenio-2\" width=\"300\" height=\"200\" \/><\/a> <a href=\"https:\/\/www.cafesg.gob.ar\/cafesg2\/wp-content\/uploads\/2018\/07\/Convenio-3.jpg\"><img loading=\"lazy\" decoding=\"async\" class=\"alignnone size-medium wp-image-5916\" src=\"https:\/\/www.cafesg.gob.ar\/cafesg2\/wp-content\/uploads\/2018\/07\/Convenio-3-300x200.jpg\" alt=\"Convenio-3\" width=\"300\" height=\"200\" \/><\/a> <a href=\"https:\/\/www.cafesg.gob.ar\/cafesg2\/wp-content\/uploads\/2018\/07\/DSC_0853-Grande.jpeg\"><img loading=\"lazy\" decoding=\"async\" class=\"alignnone size-medium wp-image-5917\" src=\"https:\/\/www.cafesg.gob.ar\/cafesg2\/wp-content\/uploads\/2018\/07\/DSC_0853-Grande-300x204.jpeg\" alt=\"DSC_0853 (Grande)\" width=\"300\" height=\"204\" \/><\/a><\/p>\n","protected":false},"excerpt":{"rendered":"<p>El 1\u00b0 vocal de \u00a0CAFESG, Walter Doronzoro, y el secretario de la Producci\u00f3n del gobierno entrerriano, \u00c1lvaro Gab\u00e1s, \u00a0rubricaron en la tarde del viernes un convenio de colaboraci\u00f3n con el objetivo de dise\u00f1ar, implementar y coordinar acciones tendientes al desarrollo de pol\u00edticas p\u00fablicas para que los entrerrianos de la regi\u00f3n de Salto Grande tengan mayor [&hellip;]<\/p>\n","protected":false},"author":5,"featured_media":0,"comment_status":"open","ping_status":"open","sticky":false,"template":"","format":"standard","meta":{"footnotes":""},"categories":[15],"tags":[],"class_list":["post-5913","post","type-post","status-publish","format-standard","hentry","category-noticias"],"_links":{"self":[{"href":"https:\/\/cafesg.gob.ar\/cafesg2\/wp-json\/wp\/v2\/posts\/5913","targetHints":{"allow":["GET"]}}],"collection":[{"href":"https:\/\/cafesg.gob.ar\/cafesg2\/wp-json\/wp\/v2\/posts"}],"about":[{"href":"https:\/\/cafesg.gob.ar\/cafesg2\/wp-json\/wp\/v2\/types\/post"}],"author":[{"embeddable":true,"href":"https:\/\/cafesg.gob.ar\/cafesg2\/wp-json\/wp\/v2\/users\/5"}],"replies":[{"embeddable":true,"href":"https:\/\/cafesg.gob.ar\/cafesg2\/wp-json\/wp\/v2\/comments?post=5913"}],"version-history":[{"count":0,"href":"https:\/\/cafesg.gob.ar\/cafesg2\/wp-json\/wp\/v2\/posts\/5913\/revisions"}],"wp:attachment":[{"href":"https:\/\/cafesg.gob.ar\/cafesg2\/wp-json\/wp\/v2\/media?parent=5913"}],"wp:term":[{"taxonomy":"category","embeddable":true,"href":"https:\/\/cafesg.gob.ar\/cafesg2\/wp-json\/wp\/v2\/categories?post=5913"},{"taxonomy":"post_tag","embeddable":true,"href":"https:\/\/cafesg.gob.ar\/cafesg2\/wp-json\/wp\/v2\/tags?post=5913"}],"curies":[{"name":"wp","href":"https:\/\/api.w.org\/{rel}","templated":true}]}}