 {"id":5868,"date":"2018-06-28T19:48:01","date_gmt":"2018-06-28T22:48:01","guid":{"rendered":"http:\/\/www.cafesg.gob.ar\/web\/?p=5868"},"modified":"2018-06-28T19:48:01","modified_gmt":"2018-06-28T22:48:01","slug":"intendentes-del-departamento-uruguay-en-cafesg","status":"publish","type":"post","link":"https:\/\/cafesg.gob.ar\/cafesg2\/intendentes-del-departamento-uruguay-en-cafesg\/","title":{"rendered":"Intendentes del departamento Uruguay en CAFESG"},"content":{"rendered":"<p>Los intendentes de las localidades de Colonia El\u00eda, \u00a0Ram\u00f3n Barrera; Herrera, Carlos Curuchet, Pronunciamiento, Luis Sandoval; San Justo, Leonardo Cergneux; Santa Anita, Horacio Amavet y Villa Mantero, Jorge Holzman, todos ellos del departamento Concepci\u00f3n del Uruguay, acompa\u00f1ados por el senador provincial Ren\u00e9 Bonato, estuvieron en las oficinas de CAFESG en Concordia gestionando obras para sus respectivas localidades.<\/p>\n<p>En la Comisi\u00f3n Administradora para el Fondo Especial de Salto Grande fueron atendidos por el 1\u00ba vocal del organismo Walter Doronzoro, y por el coordinador general del Directorio, Roberto Acu\u00f1a.<\/p>\n<p>Luego del encuentro, Doronzoro coment\u00f3 sobre el mismo que \u201cal igual que hemos hecho siempre, hoy atendimos a los intendentes que nos vinieron a presentar las necesidades para sus comunidades en lo que a obras se refiere, todo esto dentro de la l\u00ednea de gesti\u00f3n que tiene nuestro gobernador Gustavo Bordet y bajo la premisa que nos diera junto al ministro Luis Benedetto de atender a las obras de infraestructura b\u00e1sica que tienen las peque\u00f1as localidades de nuestra provincia\u201d.<\/p>\n<p>Por \u00faltimo, Doronzoro resalt\u00f3 \u201cla necesidad que tenemos de que el Gobierno Nacional nos remita los fondos excedentes de Salto Grande en forma regular y acorde a lo que corresponda, porque de ellos dependen estas obras y por a\u00f1adidura la mejora en la calidad de vida de miles de vecinos de nuestra provincia\u201d finaliz\u00f3.<\/p>\n<p>Por su parte, Roberto Acu\u00f1a se\u00f1al\u00f3 que \u201cteniendo en cuenta que en nuestro primer plan de obras de este a\u00f1o, por lo escaso de los recursos con que contamos, no pudimos incluir localidades del departamento Uruguay, es que les pedimos a los intendentes y presidentes de juntas de Gobierno que nos acercaran proyectos para ser contemplados dentro del pr\u00f3ximo conjunto de obras de CAFESG\u201d.<\/p>\n<p>El coordinador general del organismo provincial explic\u00f3 tambi\u00e9n que \u201cdicho plan de obras de CAFESG ser\u00e1 presentado en la Secretar\u00eda de Energ\u00eda de la Naci\u00f3n por el ministro Luis Benedetto, que es la manera en la que siempre se autorizan las obras de nuestro organismo, y a medida que ingresen fondos se ir\u00e1n habilitando partidas para concretar las obras\u201d.<\/p>\n<p>En tanto, Leonardo Cergneux de la localidad de San Justo indic\u00f3 en referencia\u00a0 a los proyectos entregados que \u201cson obras que necesitamos en cada uno de nuestros municipios, y CAFESG en esto cumple un rol fundamental ya que el Gobierno Nacional en lo que va de gesti\u00f3n, como somos intendentes del partido opositor, no nos ha dado ninguna obra a las comunidades del interior del departamento Uruguay, somos localidades de de tres mil habitantes y tambi\u00e9n necesitamos obras para mejorar la calidad de vida de nuestros vecinos, que por suerte ahora ser\u00e1 el Gobierno Provincial a trav\u00e9s de CAFESG quien lo haga\u201d.<\/p>\n<p>\u201cEstas obras no solo son importantes para nuestras comunidades por la obra en s\u00ed misma, sino que est\u00e1 establecido en los pliegos que cada empresa debe tomar mano de obra local, y en la actualidad que vivimos esto tambi\u00e9n es de gran ayuda\u201d continu\u00f3 el presidente comunal.<\/p>\n<p>En relaci\u00f3n a los proyectos presentados, Cergneux inform\u00f3 que \u201cla idea siempre fue presentar todos el mismo tipo de obra, que son la construcci\u00f3n de badenes y cord\u00f3n cuneta, que es lo que nos piden nuestros vecinos porque cuando llueve el agua queda estancada y es muy dif\u00edcil desplazarse sin terminar embarrados o mojados\u201d.<\/p>\n<p>Ahora, como informara el coordinador de CAFESG Roberto Acu\u00f1a, los proyectos ser\u00e1n elevados al Ministerio de Planeamiento e Infraestructura de la provincia, para que el ministro Luis Benedetto los presente en el organismo nacional correspondiente y cuando ingresen fondos a la Comisi\u00f3n Administradora para el Fondo Especial de Salto Grande se proceda a las licitaciones correspondientes para la posterior adjudicaci\u00f3n y realizaci\u00f3n de las obras.<\/p>\n<p><a href=\"https:\/\/www.cafesg.gob.ar\/cafesg2\/wp-content\/uploads\/2018\/06\/Intendentes.jpg\"><img loading=\"lazy\" decoding=\"async\" class=\"alignnone size-medium wp-image-5869\" src=\"https:\/\/www.cafesg.gob.ar\/cafesg2\/wp-content\/uploads\/2018\/06\/Intendentes-300x225.jpg\" alt=\"Intendentes\" width=\"300\" height=\"225\" \/><\/a> <a href=\"https:\/\/www.cafesg.gob.ar\/cafesg2\/wp-content\/uploads\/2018\/06\/Intendentes-2.jpg\"><img loading=\"lazy\" decoding=\"async\" class=\"alignnone size-medium wp-image-5870\" src=\"https:\/\/www.cafesg.gob.ar\/cafesg2\/wp-content\/uploads\/2018\/06\/Intendentes-2-300x225.jpg\" alt=\"Intendentes-2\" width=\"300\" height=\"225\" \/><\/a> <a href=\"https:\/\/www.cafesg.gob.ar\/cafesg2\/wp-content\/uploads\/2018\/06\/Intendentes-3.jpg\"><img loading=\"lazy\" decoding=\"async\" class=\"alignnone size-medium wp-image-5871\" src=\"https:\/\/www.cafesg.gob.ar\/cafesg2\/wp-content\/uploads\/2018\/06\/Intendentes-3-300x225.jpg\" alt=\"Intendentes-3\" width=\"300\" height=\"225\" \/><\/a><\/p>\n","protected":false},"excerpt":{"rendered":"<p>Los intendentes de las localidades de Colonia El\u00eda, \u00a0Ram\u00f3n Barrera; Herrera, Carlos Curuchet, Pronunciamiento, Luis Sandoval; San Justo, Leonardo Cergneux; Santa Anita, Horacio Amavet y Villa Mantero, Jorge Holzman, todos ellos del departamento Concepci\u00f3n del Uruguay, acompa\u00f1ados por el senador provincial Ren\u00e9 Bonato, estuvieron en las oficinas de CAFESG en Concordia gestionando obras para sus [&hellip;]<\/p>\n","protected":false},"author":5,"featured_media":0,"comment_status":"open","ping_status":"open","sticky":false,"template":"","format":"standard","meta":{"footnotes":""},"categories":[15],"tags":[],"class_list":["post-5868","post","type-post","status-publish","format-standard","hentry","category-noticias"],"_links":{"self":[{"href":"https:\/\/cafesg.gob.ar\/cafesg2\/wp-json\/wp\/v2\/posts\/5868","targetHints":{"allow":["GET"]}}],"collection":[{"href":"https:\/\/cafesg.gob.ar\/cafesg2\/wp-json\/wp\/v2\/posts"}],"about":[{"href":"https:\/\/cafesg.gob.ar\/cafesg2\/wp-json\/wp\/v2\/types\/post"}],"author":[{"embeddable":true,"href":"https:\/\/cafesg.gob.ar\/cafesg2\/wp-json\/wp\/v2\/users\/5"}],"replies":[{"embeddable":true,"href":"https:\/\/cafesg.gob.ar\/cafesg2\/wp-json\/wp\/v2\/comments?post=5868"}],"version-history":[{"count":0,"href":"https:\/\/cafesg.gob.ar\/cafesg2\/wp-json\/wp\/v2\/posts\/5868\/revisions"}],"wp:attachment":[{"href":"https:\/\/cafesg.gob.ar\/cafesg2\/wp-json\/wp\/v2\/media?parent=5868"}],"wp:term":[{"taxonomy":"category","embeddable":true,"href":"https:\/\/cafesg.gob.ar\/cafesg2\/wp-json\/wp\/v2\/categories?post=5868"},{"taxonomy":"post_tag","embeddable":true,"href":"https:\/\/cafesg.gob.ar\/cafesg2\/wp-json\/wp\/v2\/tags?post=5868"}],"curies":[{"name":"wp","href":"https:\/\/api.w.org\/{rel}","templated":true}]}}