 {"id":5862,"date":"2018-06-26T20:28:44","date_gmt":"2018-06-26T23:28:44","guid":{"rendered":"http:\/\/www.cafesg.gob.ar\/web\/?p=5862"},"modified":"2018-06-26T20:28:44","modified_gmt":"2018-06-26T23:28:44","slug":"cafesg-avanza-con-su-plan-de-obras-para-el-departamento-federacion","status":"publish","type":"post","link":"https:\/\/cafesg.gob.ar\/cafesg2\/cafesg-avanza-con-su-plan-de-obras-para-el-departamento-federacion\/","title":{"rendered":"CAFESG avanza con su plan de obras para el departamento Federaci\u00f3n"},"content":{"rendered":"<p>En la ma\u00f1ana de hoy se realiz\u00f3 el acto de apertura de sobres para conocer las ofertas para la obra prevista en Colonia San Pedro en el departamento Federaci\u00f3n. Con un monto oficial de $ 3.299.452,45 el proyecto contempla el dise\u00f1o de la red de agua corriente, un tanque de provisi\u00f3n de capacidad m\u00ednima de 50.000 litros sustentado en una torre de 15 metros. Asimismo, se prev\u00e9 la perforaci\u00f3n del pozo semisurgente, as\u00ed como la ejecuci\u00f3n de la casilla de comandos para los distintos elementos que lo requieran.<\/p>\n<p>En rigor, se present\u00f3 un oferente, fue la empresa Sucesi\u00f3n de Rafael \u00a0Correa Construcciones, que tas\u00f3 los trabajos a realizar en $ 3.729.351,52.<\/p>\n<p>Rub\u00e9n Rastelli, vocal de CAFESG en representaci\u00f3n del departamento Federaci\u00f3n destac\u00f3 durante el acto de apertura de ofertas \u201cla constancia de nuestro gobernador Gustavo Bordet para gestionar los fondos de CAFESG haciendo prevalecer la ley por sobre todas las cosas, as\u00ed como el trabajo conjunto que venimos realizando con el ministro Benedetto, que nos permiten llevar adelante acciones como las de hoy, donde lo que se busca por sobre todas las cosas es beneficiar a la mayor cantidad de vecinos posible y mejorarles la calidad de vida con cada obra que llevemos adelante\u201d.<\/p>\n<p>\u201cTambi\u00e9n estamos trabajando con los t\u00e9cnicos de nuestro organismo en relevar las necesidades de cada comunidad de nuestro departamento a fin de llevar obras a cada distrito que lo necesite, del mismo modo que tambi\u00e9n estamos trabajando conjuntamente con CTM para proyectar y realizar obras de defensa costeras all\u00ed donde sea necesario\u201d continu\u00f3 Rastelli.<\/p>\n<p>Por \u00faltimo, el vocal federaense de CAFESG indic\u00f3 \u201cla importancia de poder trabajar mancomunadamente con cada intendente y presidente de Junta Vecinal, como en este caso lo hemos hecho, porque eso significa que cuando se planteen obras para una localidad no nos equivoquemos haciendo algo que por ah\u00ed no es necesario, sino que avancemos en funci\u00f3n con lo que las propias comunidades nos plantean, ese es nuestro compromiso con la regi\u00f3n y as\u00ed lo seguiremos haciendo\u201d finaliz\u00f3.<\/p>\n<p>Por su parte, V\u00edctor Croattini, presidente de la Junta de Gobierno de San Pedro manifest\u00f3 que \u201cesta es una obra muy esperada por toda nuestra comunidad, hace a\u00f1os que la necesitamos y hoy damos un paso m\u00e1s para hacerla realidad gracias al ministro Benedetto y a CAFESG una vez m\u00e1s, as\u00ed que estamos muy satisfechos\u201d.<\/p>\n<p>Estuvo presente tambi\u00e9n en San Pedro, el senador del departamento Federaci\u00f3n Miguel Piana, quien mantuviera casi desde el inicio de la gesti\u00f3n una relaci\u00f3n virulenta con CAFESG, llegando a plantear incluso el cierre del organismo. Sin embargo, en esta oportunidad, Piana destac\u00f3 hoy \u201cla excelente relaci\u00f3n que tengo con el ministro Benedetto, porque m\u00e1s all\u00e1 de pertenecer a espacios pol\u00edticos diferentes encontr\u00e9 en \u00e9l una persona con todas las letras, un hombre y se\u00f1or\u201d. \u201cHoy estoy feliz porque no solo se va hacer esto, sino s\u00e9 que tambi\u00e9n van a hacer las defensas costeras, que es para lo que fue creada CAFESG en su momento, para paliar los da\u00f1os hechos por la represa\u201d continu\u00f3 el legislador provincial.<\/p>\n<p>\u201cEstoy seguro que este comienzo de obras marca tambi\u00e9n el comienzo de la felicidad de mucha gente que estaba esperando obras de CAFESG, as\u00ed que gracias por todo lo que hicieron, yo s\u00e9 cu\u00e1nto trabajan, yo siempre lo dije, hay gente que trabaja en la CAFESG, hay gente que elabora proyectos, hay gente que le pone el lomo y que a veces los encasillan con otros que no tienen nada que ver\u201d destac\u00f3 Piana y finaliz\u00f3 diciendo \u201csabemos cu\u00e1nto esfuerzo le ponen los que est\u00e1n trabajando en esto, as\u00ed que yo les agradezco y estoy feliz, cr\u00e9anme que estoy feliz\u201d.<\/p>\n<p>Estuvo presente tambi\u00e9n en la sede de la Junta Vecinal de San Pedro el otro vocal de CAFESG que representa a la minor\u00eda en el Directorio, Cambiemos en este caso, Horacio Giorgio.<\/p>\n<p>Toda la documentaci\u00f3n incluida en los sobres que conten\u00edan las propuestas econ\u00f3micas para la obra, ser\u00e1 analizada por una comisi\u00f3n evaluadora conformada por profesionales de CAFESG, la cual aconsejar\u00e1 la adjudicaci\u00f3n al Directorio del organismo provincial, en un plazo perentorio.<\/p>\n<p><a href=\"https:\/\/www.cafesg.gob.ar\/cafesg2\/wp-content\/uploads\/2018\/06\/San-Pedro.jpg\"><img loading=\"lazy\" decoding=\"async\" class=\"alignnone size-medium wp-image-5863\" src=\"https:\/\/www.cafesg.gob.ar\/cafesg2\/wp-content\/uploads\/2018\/06\/San-Pedro-300x200.jpg\" alt=\"San Pedro\" width=\"300\" height=\"200\" \/><\/a> <a href=\"https:\/\/www.cafesg.gob.ar\/cafesg2\/wp-content\/uploads\/2018\/06\/San-Pedro_-2.jpg\"><img loading=\"lazy\" decoding=\"async\" class=\"alignnone size-medium wp-image-5864\" src=\"https:\/\/www.cafesg.gob.ar\/cafesg2\/wp-content\/uploads\/2018\/06\/San-Pedro_-2-300x200.jpg\" alt=\"San Pedro_-2\" width=\"300\" height=\"200\" \/><\/a> <a href=\"https:\/\/www.cafesg.gob.ar\/cafesg2\/wp-content\/uploads\/2018\/06\/San-Pedro_-3.jpg\"><img loading=\"lazy\" decoding=\"async\" class=\"alignnone size-medium wp-image-5865\" src=\"https:\/\/www.cafesg.gob.ar\/cafesg2\/wp-content\/uploads\/2018\/06\/San-Pedro_-3-300x200.jpg\" alt=\"San Pedro_-3\" width=\"300\" height=\"200\" \/><\/a> <a href=\"https:\/\/www.cafesg.gob.ar\/cafesg2\/wp-content\/uploads\/2018\/06\/San-Pedro_-4.jpg\"><img loading=\"lazy\" decoding=\"async\" class=\"alignnone size-medium wp-image-5866\" src=\"https:\/\/www.cafesg.gob.ar\/cafesg2\/wp-content\/uploads\/2018\/06\/San-Pedro_-4-300x200.jpg\" alt=\"San Pedro_-4\" width=\"300\" height=\"200\" \/><\/a><\/p>\n","protected":false},"excerpt":{"rendered":"<p>En la ma\u00f1ana de hoy se realiz\u00f3 el acto de apertura de sobres para conocer las ofertas para la obra prevista en Colonia San Pedro en el departamento Federaci\u00f3n. Con un monto oficial de $ 3.299.452,45 el proyecto contempla el dise\u00f1o de la red de agua corriente, un tanque de provisi\u00f3n de capacidad m\u00ednima de [&hellip;]<\/p>\n","protected":false},"author":5,"featured_media":0,"comment_status":"open","ping_status":"open","sticky":false,"template":"","format":"standard","meta":{"footnotes":""},"categories":[15],"tags":[],"class_list":["post-5862","post","type-post","status-publish","format-standard","hentry","category-noticias"],"_links":{"self":[{"href":"https:\/\/cafesg.gob.ar\/cafesg2\/wp-json\/wp\/v2\/posts\/5862","targetHints":{"allow":["GET"]}}],"collection":[{"href":"https:\/\/cafesg.gob.ar\/cafesg2\/wp-json\/wp\/v2\/posts"}],"about":[{"href":"https:\/\/cafesg.gob.ar\/cafesg2\/wp-json\/wp\/v2\/types\/post"}],"author":[{"embeddable":true,"href":"https:\/\/cafesg.gob.ar\/cafesg2\/wp-json\/wp\/v2\/users\/5"}],"replies":[{"embeddable":true,"href":"https:\/\/cafesg.gob.ar\/cafesg2\/wp-json\/wp\/v2\/comments?post=5862"}],"version-history":[{"count":0,"href":"https:\/\/cafesg.gob.ar\/cafesg2\/wp-json\/wp\/v2\/posts\/5862\/revisions"}],"wp:attachment":[{"href":"https:\/\/cafesg.gob.ar\/cafesg2\/wp-json\/wp\/v2\/media?parent=5862"}],"wp:term":[{"taxonomy":"category","embeddable":true,"href":"https:\/\/cafesg.gob.ar\/cafesg2\/wp-json\/wp\/v2\/categories?post=5862"},{"taxonomy":"post_tag","embeddable":true,"href":"https:\/\/cafesg.gob.ar\/cafesg2\/wp-json\/wp\/v2\/tags?post=5862"}],"curies":[{"name":"wp","href":"https:\/\/api.w.org\/{rel}","templated":true}]}}