 {"id":5830,"date":"2018-06-21T20:12:16","date_gmt":"2018-06-21T23:12:16","guid":{"rendered":"http:\/\/www.cafesg.gob.ar\/web\/?p=5830"},"modified":"2018-06-21T20:12:16","modified_gmt":"2018-06-21T23:12:16","slug":"cafesg-presento-el-anteproyecto-de-puesta-en-valor-del-teatro-auditorium-concordia","status":"publish","type":"post","link":"https:\/\/cafesg.gob.ar\/cafesg2\/cafesg-presento-el-anteproyecto-de-puesta-en-valor-del-teatro-auditorium-concordia\/","title":{"rendered":"CAFESG present\u00f3 el anteproyecto de puesta en valor del Teatro Auditorium Concordia"},"content":{"rendered":"<p>En la ma\u00f1ana del jueves, el Directorio y personal t\u00e9cnico de la Comisi\u00f3n Administradora para el Fondo Especial de Salto Grande le presentaron e hicieron entrega al intendente Enrique Cresto del ante proyecto para la puesta en valor y refuncionalizaci\u00f3n del Teatro Auditorium de la ciudad de Concordia.<\/p>\n<p>Durante la presentaci\u00f3n, realizada con im\u00e1genes 3D de c\u00f3mo quedar\u00eda el edifico luego de la reformas, los t\u00e9cnicos de CAFESG hicieron una descripci\u00f3n bastante pormenorizada de lo que ser\u00eda necesario modificar para convertir al actual teatro en un lugar moderno acorde a los est\u00e1ndares actuales en este tipo de estructuras.<\/p>\n<p>Luego de presenciar la exposici\u00f3n de los t\u00e9cnicos que trabajaron en el ante proyecto, el intendente Enrique Cresto manifest\u00f3 que \u201cdesde el inicio de la gesti\u00f3n tenemos una relaci\u00f3n de mucho acompa\u00f1amiento y muchos proyectos conjuntos con CAFESG que tienen que ver con el desarrollo de Concordia, en este caso encaramos un viejo anhelo relacionado con la cultura, que es el de recuperar\u00a0 y refuncionalizar el cine teatro Auditorium, as\u00ed nos pusimos a trabajar y hoy tenemos ya este ante proyecto realizado\u201d.<\/p>\n<p>\u201cAhora queda el siguiente paso que es buscar el financiamiento para hacer realidad un proyecto muy beneficioso para toda la comunidad, sobre todo porque hablamos de un espacio por el que han pasado todas las expresiones culturales de la ciudad y la regi\u00f3n, y que de alguna manera no ha acompa\u00f1ado el crecimiento y el desarrollo de Concordia\u201d continu\u00f3 el presidente municipal.<\/p>\n<p>Por \u00faltimo, Cresto explic\u00f3 que se da una situaci\u00f3n muy particular con el edificio y su uso ya que al inicio de su gesti\u00f3n se ha \u201cfirmado un convenio con el Obispado de Concordia, ya que es la Iglesia la que tiene la propiedad del Auditorium, y en esa renovaci\u00f3n planteamos la posibilidad de que esa renovaci\u00f3n sea por los a\u00f1os suficientes como para acompa\u00f1ar la inversi\u00f3n que vamos a realizar\u201d finaliz\u00f3.<\/p>\n<p>Por su parte, Diego Lascurain, vocal del directorio de CAFESG, agradeci\u00f3 la presencia del intendente Cresto y del director de Cultura del municipio C\u00e9sar Tisocco, y expres\u00f3 que \u201cuna vez m\u00e1s Cafesg est\u00e1 cumpliendo sus funciones con la regi\u00f3n y sobre todo con Concordia que es la ciudad donde tenemos sede, y siguiendo el mandato del gobernador Bordet estamos siempre presentes a pesar de las dificultades que se nos plantean en t\u00e9rminos de financiamiento por decisi\u00f3n del gobierno nacional, y como siempre decimos lo mejor que tiene nuestro organismo es su gente, sus equipos t\u00e9cnicos que siempre est\u00e1n a la altura de los requerimientos y \u00e9sta no ha sido la excepci\u00f3n\u201d.<\/p>\n<p>C\u00e9sar Tisocco, director de Cultura de la ciudad de Concordia destac\u00f3 la importancia del proyecto en \u201cel car\u00e1cter simb\u00f3lico m\u00e1s que art\u00edstico y cultural que tiene el espacio, ya que es la sala por excelencia del pueblo, al menos as\u00ed lo entendemos la gente de la cultura\u201d.<\/p>\n<p>\u201cEste es un gran comienzo, con una mano enorme de los t\u00e9cnicos y directivos de CAFESG, ahora queda gestionar los fondos y so\u00f1ar con ver construida esta nueva sala\u201d finaliz\u00f3 el funcionario municipal.<\/p>\n<p>Cabe destacar que el ante proyecto abarca una modificaci\u00f3n integral del edificio actual, donde se plantean entre otras cosas un cambio de su fachada, as\u00ed como del foyer y los ba\u00f1os, u cambio en los materiales utilizados predominando la madera y el porcelanato con iluminaciones led indirectas otorgando esto una ambiente c\u00e1lido y acogedor. En el interior se plantea continuar con paneles a modo de marcos en madera, con butacas renovadas, piso de madera, y un escenario tambi\u00e9n renovado, todo tambi\u00e9n acompa\u00f1ado con iluminaci\u00f3n indirecta para otorgarle a la sala una sensaci\u00f3n de calidez a la hora de presenciar cualquier tipo de espect\u00e1culos.<\/p>\n<p>El proyecto estuvo a cargo de los profesionales t\u00e9cnicos de CAFESG, Carlos Perillo, Maximiliano Cardozo, Gast\u00f3n Boggia, Gustavo Fern\u00e1ndez y Eduardo Paredes (h).<\/p>\n<p>En la presentaci\u00f3n estuvieron presentes adem\u00e1s de los funcionarios y t\u00e9cnicos mencionados, los vocales de CAFESG Walter Doronzoro, Oscar Colombo y Horacio Giorgio, as\u00ed como el coordinador general del organismo Roberto Acu\u00f1a.<\/p>\n<p><a href=\"https:\/\/www.cafesg.gob.ar\/cafesg2\/wp-content\/uploads\/2018\/06\/Auditorium-1.jpeg\"><img loading=\"lazy\" decoding=\"async\" class=\"alignnone size-medium wp-image-5831\" src=\"https:\/\/www.cafesg.gob.ar\/cafesg2\/wp-content\/uploads\/2018\/06\/Auditorium-1-300x199.jpeg\" alt=\"Auditorium 1\" width=\"300\" height=\"199\" \/><\/a> <a href=\"https:\/\/www.cafesg.gob.ar\/cafesg2\/wp-content\/uploads\/2018\/06\/Auditorium-2.jpeg\"><img loading=\"lazy\" decoding=\"async\" class=\"alignnone size-medium wp-image-5832\" src=\"https:\/\/www.cafesg.gob.ar\/cafesg2\/wp-content\/uploads\/2018\/06\/Auditorium-2-300x300.jpeg\" alt=\"Auditorium 2\" width=\"300\" height=\"300\" \/><\/a> <a href=\"https:\/\/www.cafesg.gob.ar\/cafesg2\/wp-content\/uploads\/2018\/06\/Auditorium-5.jpg\"><img loading=\"lazy\" decoding=\"async\" class=\"alignnone size-medium wp-image-5833\" src=\"https:\/\/www.cafesg.gob.ar\/cafesg2\/wp-content\/uploads\/2018\/06\/Auditorium-5-300x225.jpg\" alt=\"Auditorium 5\" width=\"300\" height=\"225\" \/><\/a> <a href=\"https:\/\/www.cafesg.gob.ar\/cafesg2\/wp-content\/uploads\/2018\/06\/Auditorium-6.jpg\"><img loading=\"lazy\" decoding=\"async\" class=\"alignnone size-medium wp-image-5834\" src=\"https:\/\/www.cafesg.gob.ar\/cafesg2\/wp-content\/uploads\/2018\/06\/Auditorium-6-300x225.jpg\" alt=\"Auditorium 6\" width=\"300\" height=\"225\" \/><\/a> <a href=\"https:\/\/www.cafesg.gob.ar\/cafesg2\/wp-content\/uploads\/2018\/06\/Auditorium-8.jpg\"><img loading=\"lazy\" decoding=\"async\" class=\"alignnone size-medium wp-image-5835\" src=\"https:\/\/www.cafesg.gob.ar\/cafesg2\/wp-content\/uploads\/2018\/06\/Auditorium-8-300x180.jpg\" alt=\"Auditorium 8\" width=\"300\" height=\"180\" \/><\/a> <a href=\"https:\/\/www.cafesg.gob.ar\/cafesg2\/wp-content\/uploads\/2018\/06\/Auditorium-9.jpg\"><img loading=\"lazy\" decoding=\"async\" class=\"alignnone size-medium wp-image-5836\" src=\"https:\/\/www.cafesg.gob.ar\/cafesg2\/wp-content\/uploads\/2018\/06\/Auditorium-9-300x180.jpg\" alt=\"Auditorium 9\" width=\"300\" height=\"180\" \/><\/a><\/p>\n","protected":false},"excerpt":{"rendered":"<p>En la ma\u00f1ana del jueves, el Directorio y personal t\u00e9cnico de la Comisi\u00f3n Administradora para el Fondo Especial de Salto Grande le presentaron e hicieron entrega al intendente Enrique Cresto del ante proyecto para la puesta en valor y refuncionalizaci\u00f3n del Teatro Auditorium de la ciudad de Concordia. Durante la presentaci\u00f3n, realizada con im\u00e1genes 3D [&hellip;]<\/p>\n","protected":false},"author":5,"featured_media":0,"comment_status":"open","ping_status":"open","sticky":false,"template":"","format":"standard","meta":{"footnotes":""},"categories":[15],"tags":[],"class_list":["post-5830","post","type-post","status-publish","format-standard","hentry","category-noticias"],"_links":{"self":[{"href":"https:\/\/cafesg.gob.ar\/cafesg2\/wp-json\/wp\/v2\/posts\/5830","targetHints":{"allow":["GET"]}}],"collection":[{"href":"https:\/\/cafesg.gob.ar\/cafesg2\/wp-json\/wp\/v2\/posts"}],"about":[{"href":"https:\/\/cafesg.gob.ar\/cafesg2\/wp-json\/wp\/v2\/types\/post"}],"author":[{"embeddable":true,"href":"https:\/\/cafesg.gob.ar\/cafesg2\/wp-json\/wp\/v2\/users\/5"}],"replies":[{"embeddable":true,"href":"https:\/\/cafesg.gob.ar\/cafesg2\/wp-json\/wp\/v2\/comments?post=5830"}],"version-history":[{"count":0,"href":"https:\/\/cafesg.gob.ar\/cafesg2\/wp-json\/wp\/v2\/posts\/5830\/revisions"}],"wp:attachment":[{"href":"https:\/\/cafesg.gob.ar\/cafesg2\/wp-json\/wp\/v2\/media?parent=5830"}],"wp:term":[{"taxonomy":"category","embeddable":true,"href":"https:\/\/cafesg.gob.ar\/cafesg2\/wp-json\/wp\/v2\/categories?post=5830"},{"taxonomy":"post_tag","embeddable":true,"href":"https:\/\/cafesg.gob.ar\/cafesg2\/wp-json\/wp\/v2\/tags?post=5830"}],"curies":[{"name":"wp","href":"https:\/\/api.w.org\/{rel}","templated":true}]}}