 {"id":5825,"date":"2018-06-14T20:14:11","date_gmt":"2018-06-14T23:14:11","guid":{"rendered":"http:\/\/www.cafesg.gob.ar\/web\/?p=5825"},"modified":"2018-06-14T20:14:11","modified_gmt":"2018-06-14T23:14:11","slug":"el-directorio-de-cafesg-se-traslado-a-federacion","status":"publish","type":"post","link":"https:\/\/cafesg.gob.ar\/cafesg2\/el-directorio-de-cafesg-se-traslado-a-federacion\/","title":{"rendered":"El Directorio de CAFESG se traslad\u00f3 a Federaci\u00f3n"},"content":{"rendered":"<p>A fin de tener una mayor apertura y acercamiento a las comunidades en las que tiene su \u00e1rea de influencia, el Directorio de la Comisi\u00f3n Administradora para el Fondo Especial de Salto Grande inaugur\u00f3 esta nueva modalidad este jueves cuando realiz\u00f3 su reuni\u00f3n semanal en la ciudad de Federaci\u00f3n.<\/p>\n<p>Adem\u00e1s de la orden del d\u00eda previsto, el 1\u00ba Vocal del organismo Walter Doronzoro explic\u00f3 que \u201cla idea es reunirnos con el personal de CAFESG en Federaci\u00f3n a fin de interiorizarlos y evaluar juntos la posibilidad de que esta sede tambi\u00e9n vaya tomando el rumbo que venimos aplicando hace un tiempo, que consiste en vincularnos y articular esfuerzos con otras \u00e1reas del Gobierno Provincial y en este caso la iniciativa tambi\u00e9n incluye a la Municipalidad de Federaci\u00f3n para aprovechar y ofrecer los conocimientos y la experiencia de los recursos humanos con los que contamos y que son muy reconocidos a nivel regional y provincial\u201d.<\/p>\n<p>\u201cEsto mismo es lo que venimos haciendo, siguiendo las directivas de nuestro gobernador Gustavo Bordet, con el Ministerio de Planeamiento y estamos trabajando para lograr la misma articulaci\u00f3n con el Ministerio de Desarrollo Social, la Secretaria de Turismo, la Secretaria de la Producci\u00f3n y el BID, es decir que es la impronta que le queremos dar a esta nueva forma de vincular a CAFESG con otros organismos\u201d agreg\u00f3 Doronzoro.<\/p>\n<p>Por \u00faltimo, el vocal de CAFESG se\u00f1al\u00f3 que \u201cadem\u00e1s, siempre es muy satisfactorio poder visitar esta querida ciudad de Federaci\u00f3n, una comunidad en la que hemos hecho tantas obras y con la que siempre hemos trabajado perfectamente coordinados, y lo estamos haciendo actualmente con el llamado a licitaci\u00f3n p\u00fablica que hicimos hace una semana para la presentaci\u00f3n de ofertas y posterior adjudicaci\u00f3n y ejecuci\u00f3n de las obras de cord\u00f3n cuneta y badenes en el barrio San Cayetano de la ciudad de Federaci\u00f3n y la red de agua corriente y tanque de provisi\u00f3n en San Pedro que es una localidad de este \u00a0Departamento\u201d.<\/p>\n<p>Por su parte, el representante por la minor\u00eda en el Directorio de CAFESG y oriundo de Federaci\u00f3n, Rub\u00e9n Rastelli remarc\u00f3 que \u201csiempre es positivo cuando las instituciones se acercan a las comunidades donde desarrollan sus tareas y acciones, nosotros estamos muy presentes, tanto en lo personal como los empleados de nuestro organismo aqu\u00ed en la ciudad, pero que el resto del Directorio pueda acceder a cierta informaci\u00f3n e interactuar con dicho personal de primera mano permite tener un acercamiento m\u00e1s certero de las realidades, en este caso de nuestro Departamento\u201d.<\/p>\n<p>Sobre las obras que salieron a licitaci\u00f3n Rastelli expres\u00f3 que \u201cahora hay que esperar al 26 de junio y al 2 de julio que es cuando son las aperturas de las ofertas, confiar en que haya oferentes y luego que la comisi\u00f3n evaluadora decida la adjudicaci\u00f3n y as\u00ed poder hacer realidad nuevamente la presencia de CAFESG en Federaci\u00f3n y la zona con obras de infraestructura, esperanzados en que sea el puntapi\u00e9 inicial para otras que puedan venir en el futuro y seguir cambiando la realidad de muchos vecinos\u201d finaliz\u00f3 el funcionario.<\/p>\n<p>En lo que a la reuni\u00f3n se refiere, de la que participaron los vocales oficialistas Walter Doronzoro, Diego Lascurain, Oscar Colombo, los representantes de la oposici\u00f3n y tambi\u00e9n vocales en el Directorio, Rub\u00e9n Rastelli y Horacio Giorgio, as\u00ed como el coordinador en Federaci\u00f3n Juan Carlos Romero y el coordinador general de CAFESG Roberto Acu\u00f1a, fue este \u00faltimo quien elev\u00f3 un informe detallado de las acciones realizadas recientemente en lo referido a obras y desarrollo.<\/p>\n<p>Dentro de los temas informados se destacan las acciones llevadas adelante junto a la DACTM donde se ha avanzado con los an\u00e1lisis de variantes para comenzar los proyectos y estimar un plan de obras de defensas costeras; adem\u00e1s, se analizaron las gestiones realizadas a fin de articular con otros organismos del Estado provincial, en este sentido se destac\u00f3 el convenio de colaboraci\u00f3n con el Ministerio de Desarrollo Social firmado recientemente y las acciones con las secretar\u00edas de Turismo y de Producci\u00f3n tendientes a lograr los mismos acuerdos de cooperaci\u00f3n.<\/p>\n<p>Asimismo se informaron y analizaron las reuniones llevadas adelante con las misiones del Banco Interamericano de Desarrollo que estuvieron en nuestra ciudad, en lo referido al \u00e1rea de obras de CAFESG se les present\u00f3 a los t\u00e9cnicos del BID, junto al secretario de planeamiento de la provincia Marcelo Richard, el proyecto de refuncionalizaci\u00f3n y construcci\u00f3n de plantas de tratamiento de l\u00edquidos cloacales que impulsa el gobernador Bordet para sanear el r\u00edo Uruguay aguas debajo de la represa de Salto Grande. Se espera una nueva misi\u00f3n ya oficial del BID para mediados de Julio a efectos de continuar las evaluaciones.<\/p>\n<p>En lo concerniente al \u00e1rea de desarrollo de CAFESG y su reuni\u00f3n con personal del BID, se record\u00f3 que la misma fue solicitada por el consultor Roberto De Groote con el fin de conocer el equipo de trabajo de la CAFESG para considerar la incorporaci\u00f3n del mismo en el proyecto de desarrollo productivo y de servicios tur\u00edsticos. El consultor hizo distintas consideraciones, v\u00e1lidas para continuar con el proyecto y la evaluaci\u00f3n e implementar un plan de mejoras. Adem\u00e1s, Se consider\u00f3 al \u00e1rea t\u00e9cnica para participar en gestiones y preparaci\u00f3n de pliegos en los llamados a concurso de proyecto de la terminal y de la pista del nuevo aeropuerto de Concordia.<\/p>\n<p>El Directorio evalu\u00f3 como muy positivos estos encuentros ya que es de suma importancia que un organismo internacional con est\u00e1ndares de calidad de trabajo muy altos como el BID destaque la estructura y la calidad de los recursos humanos con que cuenta CAFESG, tanto en su \u00e1rea t\u00e9cnica como de desarrollo regional.<\/p>\n<p>El Directorio tiene pensado seguir con esta modalidad, y es probable, seg\u00fan informaron, que la pr\u00f3xima reuni\u00f3n fuera de concordia, sea en el departamento de Concepci\u00f3n del Uruguay.<\/p>\n<p><a href=\"https:\/\/www.cafesg.gob.ar\/cafesg2\/wp-content\/uploads\/2018\/06\/Directorio-1.jpg\"><img loading=\"lazy\" decoding=\"async\" class=\"alignnone size-medium wp-image-5826\" src=\"https:\/\/www.cafesg.gob.ar\/cafesg2\/wp-content\/uploads\/2018\/06\/Directorio-1-300x200.jpg\" alt=\"Directorio 1\" width=\"300\" height=\"200\" \/><\/a> <a href=\"https:\/\/www.cafesg.gob.ar\/cafesg2\/wp-content\/uploads\/2018\/06\/Directorio-2.jpg\"><img loading=\"lazy\" decoding=\"async\" class=\"alignnone size-medium wp-image-5827\" src=\"https:\/\/www.cafesg.gob.ar\/cafesg2\/wp-content\/uploads\/2018\/06\/Directorio-2-300x200.jpg\" alt=\"Directorio 2\" width=\"300\" height=\"200\" \/><\/a> <a href=\"https:\/\/www.cafesg.gob.ar\/cafesg2\/wp-content\/uploads\/2018\/06\/Directorio-3.jpg\"><img loading=\"lazy\" decoding=\"async\" class=\"alignnone size-medium wp-image-5828\" src=\"https:\/\/www.cafesg.gob.ar\/cafesg2\/wp-content\/uploads\/2018\/06\/Directorio-3-300x200.jpg\" alt=\"Directorio 3\" width=\"300\" height=\"200\" \/><\/a><\/p>\n","protected":false},"excerpt":{"rendered":"<p>A fin de tener una mayor apertura y acercamiento a las comunidades en las que tiene su \u00e1rea de influencia, el Directorio de la Comisi\u00f3n Administradora para el Fondo Especial de Salto Grande inaugur\u00f3 esta nueva modalidad este jueves cuando realiz\u00f3 su reuni\u00f3n semanal en la ciudad de Federaci\u00f3n. Adem\u00e1s de la orden del d\u00eda [&hellip;]<\/p>\n","protected":false},"author":5,"featured_media":0,"comment_status":"open","ping_status":"open","sticky":false,"template":"","format":"standard","meta":{"footnotes":""},"categories":[15],"tags":[],"class_list":["post-5825","post","type-post","status-publish","format-standard","hentry","category-noticias"],"_links":{"self":[{"href":"https:\/\/cafesg.gob.ar\/cafesg2\/wp-json\/wp\/v2\/posts\/5825","targetHints":{"allow":["GET"]}}],"collection":[{"href":"https:\/\/cafesg.gob.ar\/cafesg2\/wp-json\/wp\/v2\/posts"}],"about":[{"href":"https:\/\/cafesg.gob.ar\/cafesg2\/wp-json\/wp\/v2\/types\/post"}],"author":[{"embeddable":true,"href":"https:\/\/cafesg.gob.ar\/cafesg2\/wp-json\/wp\/v2\/users\/5"}],"replies":[{"embeddable":true,"href":"https:\/\/cafesg.gob.ar\/cafesg2\/wp-json\/wp\/v2\/comments?post=5825"}],"version-history":[{"count":0,"href":"https:\/\/cafesg.gob.ar\/cafesg2\/wp-json\/wp\/v2\/posts\/5825\/revisions"}],"wp:attachment":[{"href":"https:\/\/cafesg.gob.ar\/cafesg2\/wp-json\/wp\/v2\/media?parent=5825"}],"wp:term":[{"taxonomy":"category","embeddable":true,"href":"https:\/\/cafesg.gob.ar\/cafesg2\/wp-json\/wp\/v2\/categories?post=5825"},{"taxonomy":"post_tag","embeddable":true,"href":"https:\/\/cafesg.gob.ar\/cafesg2\/wp-json\/wp\/v2\/tags?post=5825"}],"curies":[{"name":"wp","href":"https:\/\/api.w.org\/{rel}","templated":true}]}}