 {"id":5809,"date":"2018-06-03T20:00:58","date_gmt":"2018-06-03T23:00:58","guid":{"rendered":"http:\/\/www.cafesg.gob.ar\/web\/?p=5809"},"modified":"2018-06-03T20:00:58","modified_gmt":"2018-06-03T23:00:58","slug":"cafesg-licita-obras-por-mas-de-seis-millones-de-pesos-en-el-departamento-federacion","status":"publish","type":"post","link":"https:\/\/cafesg.gob.ar\/cafesg2\/cafesg-licita-obras-por-mas-de-seis-millones-de-pesos-en-el-departamento-federacion\/","title":{"rendered":"CAFESG licita obras por m\u00e1s de seis millones de pesos en el departamento Federaci\u00f3n"},"content":{"rendered":"<p>La Comisi\u00f3n Administradora para el Fondo Especial de Salto Grande llam\u00f3 a licitaci\u00f3n p\u00fablica para la presentaci\u00f3n de ofertas y posterior adjudicaci\u00f3n y ejecuci\u00f3n de las obras de cord\u00f3n cuneta y badenes en el barrio San Cayetano de la ciudad de Federaci\u00f3n y la red de agua corriente y tanque de provisi\u00f3n en San Pedro, localidad de dicho Departamento.<\/p>\n<p>Para la denominada <strong>Licitaci\u00f3n P\u00fablica N\u00ba 04\/2018<\/strong>, que comprende la ejecuci\u00f3n de la obra prevista en San Pedro, departamento Federaci\u00f3n, la apertura de ofertas est\u00e1 prevista para el martes 26 de junio a las 11,00 horas en la sede de la Junta de Gobierno de San Pedro. La venta de pliegos se realizar\u00e1 del 5 al 19 de Junio inclusive.<\/p>\n<p>Asimismo, para la <strong>Licitaci\u00f3n P\u00fablica N\u00ba 07\/2018<\/strong>, que comprende la ejecuci\u00f3n de la obra prevista para la ciudad de Federaci\u00f3n, la apertura de ofertas est\u00e1 prevista para el lunes 2 de julio a las 10,30 horas en las oficinas de CAFESG ubicadas en Av. Entre R\u00edos 66 de dicha localidad. La venta de pliegos se realizar\u00e1 del 5 al 19 de Junio inclusive.<\/p>\n<p>Para el coordinador general de CAFESG, Roberto Acu\u00f1a, \u201cvolver a licitar obras en el departamento Federaci\u00f3n es un anhelo que hoy vemos concretado; debido a la realidad que atraviesa nuestro organismo, hace m\u00e1s de dos a\u00f1os que no pod\u00edamos hacerlo, y si bien no son obras de las dimensiones o en la cantidad con la que nos gustar\u00eda tener presencia en cada departamento en los que trabaja CAFESG, s\u00ed son obras que necesita la gente y es muy satisfactorio poder llevarlas adelante\u201d.<\/p>\n<p>\u201cEstas son obras de infraestructura b\u00e1sica que lleva adelante CAFESG en el marco de las prioridades que ha trazado el gobernador Bordet de llegar tanto a las ciudades como a las peque\u00f1as comunidades, as\u00ed lo hemos planificado con el ministro Benedetto y as\u00ed estamos tratando de convertirlo en realidad\u201d continu\u00f3 Acu\u00f1a.<\/p>\n<p>Por \u00faltimo, y en relaci\u00f3n a la actualidad de CAFESG Acu\u00f1a manifest\u00f3 que \u201cesta es una nueva etapa, por suerte mejor que los dos a\u00f1os anteriores, pero sin dudas que a\u00fan muy distante de lo que deber\u00eda ser si los excedentes de Salto Grande comienzan a venir nuevamente como corresponde, los vecinos en las comunidades medianas y peque\u00f1as son los que m\u00e1s necesitan obras b\u00e1sicas como las que licitamos ahora, y esperamos poder darles continuidad, pero para eso necesitamos que la Naci\u00f3n nos env\u00ede el dinero que le corresponde a toda la regi\u00f3n, teniendo en cuenta adem\u00e1s que ya hemos comenzado a trabajar en forma conjunta con CTM a fin de planificar obras de defensa costeras a lo largo del r\u00edo Uruguay, incluido el departamento Federaci\u00f3n\u201d finaliz\u00f3 el funcionario.<\/p>\n<p>&nbsp;<\/p>\n<p><strong>Las obras<\/strong><\/p>\n<p><em>Construcci\u00f3n de cordones cunetas y badenes en Barrio San Cayetano ciudad de Federaci\u00f3n<\/em><\/p>\n<p>Con un presupuesto oficial de $ 3.152.154,73 la obra responde a la necesidad de realizar cord\u00f3n cuneta y badenes para mejorar los escurrimientos pluviales y de esta forma mitigar los procesos erosivos en las calles, facilitando el mantenimiento en las mismas.<\/p>\n<p>Esta obra se realizar\u00e1 dentro del radio urbano de la ciudad de Federaci\u00f3n, buscando evitar la presencia de aguas estancadas en badenes, focos de probables infecciones, y contribuyendo al mantenimiento \u00f3ptimo de las calles.<\/p>\n<p>El plazo de ejecuci\u00f3n de la misma es de sesenta d\u00edas a partir de la fecha de realizado el acta de replanteo.<\/p>\n<p>&nbsp;<\/p>\n<p><em>Red de agua corriente y tanque de provisi\u00f3n en San Pedro, departamento Federaci\u00f3n<\/em><\/p>\n<p>Con un presupuesto oficial de $ 3.299.452,45 la obra contempla el dise\u00f1o de la red de agua corriente, conformada por ca\u00f1er\u00eda de PVC, y un tanque de provisi\u00f3n de capacidad m\u00ednima de 50.000 litros y de altura de torre de 15 metros. Se contempla adem\u00e1s la \u00a0perforaci\u00f3n del pozo semisurgente, as\u00ed como la ejecuci\u00f3n de la casilla de comandos para los distintos elementos que lo requieran.<\/p>\n<p>Como condicionantes de proyecto, y respondiendo a solicitudes de la Junta de Gobierno, es que se tuvo en consideraci\u00f3n que la ubicaci\u00f3n del tanque tome como prioridad la provisi\u00f3n de agua potable para la escuela n\u00ba 26 \u201cFalucho\u201d.<\/p>\n<p><a href=\"https:\/\/www.cafesg.gob.ar\/cafesg2\/wp-content\/uploads\/2018\/04\/frente-CAFESG-3.jpeg\"><img loading=\"lazy\" decoding=\"async\" class=\"alignnone size-medium wp-image-5731\" src=\"https:\/\/www.cafesg.gob.ar\/cafesg2\/wp-content\/uploads\/2018\/04\/frente-CAFESG-3-300x199.jpeg\" alt=\"frente CAFESG 3\" width=\"300\" height=\"199\" \/><\/a><\/p>\n","protected":false},"excerpt":{"rendered":"<p>La Comisi\u00f3n Administradora para el Fondo Especial de Salto Grande llam\u00f3 a licitaci\u00f3n p\u00fablica para la presentaci\u00f3n de ofertas y posterior adjudicaci\u00f3n y ejecuci\u00f3n de las obras de cord\u00f3n cuneta y badenes en el barrio San Cayetano de la ciudad de Federaci\u00f3n y la red de agua corriente y tanque de provisi\u00f3n en San Pedro, [&hellip;]<\/p>\n","protected":false},"author":5,"featured_media":0,"comment_status":"open","ping_status":"open","sticky":false,"template":"","format":"standard","meta":{"footnotes":""},"categories":[15],"tags":[],"class_list":["post-5809","post","type-post","status-publish","format-standard","hentry","category-noticias"],"_links":{"self":[{"href":"https:\/\/cafesg.gob.ar\/cafesg2\/wp-json\/wp\/v2\/posts\/5809","targetHints":{"allow":["GET"]}}],"collection":[{"href":"https:\/\/cafesg.gob.ar\/cafesg2\/wp-json\/wp\/v2\/posts"}],"about":[{"href":"https:\/\/cafesg.gob.ar\/cafesg2\/wp-json\/wp\/v2\/types\/post"}],"author":[{"embeddable":true,"href":"https:\/\/cafesg.gob.ar\/cafesg2\/wp-json\/wp\/v2\/users\/5"}],"replies":[{"embeddable":true,"href":"https:\/\/cafesg.gob.ar\/cafesg2\/wp-json\/wp\/v2\/comments?post=5809"}],"version-history":[{"count":0,"href":"https:\/\/cafesg.gob.ar\/cafesg2\/wp-json\/wp\/v2\/posts\/5809\/revisions"}],"wp:attachment":[{"href":"https:\/\/cafesg.gob.ar\/cafesg2\/wp-json\/wp\/v2\/media?parent=5809"}],"wp:term":[{"taxonomy":"category","embeddable":true,"href":"https:\/\/cafesg.gob.ar\/cafesg2\/wp-json\/wp\/v2\/categories?post=5809"},{"taxonomy":"post_tag","embeddable":true,"href":"https:\/\/cafesg.gob.ar\/cafesg2\/wp-json\/wp\/v2\/tags?post=5809"}],"curies":[{"name":"wp","href":"https:\/\/api.w.org\/{rel}","templated":true}]}}