 {"id":5802,"date":"2018-05-30T21:55:50","date_gmt":"2018-05-31T00:55:50","guid":{"rendered":"http:\/\/www.cafesg.gob.ar\/web\/?p=5802"},"modified":"2018-05-30T21:55:50","modified_gmt":"2018-05-31T00:55:50","slug":"cafesg-y-el-bid-se-vinculan-para-el-desarrollo-de-la-region-de-salto-grande","status":"publish","type":"post","link":"https:\/\/cafesg.gob.ar\/cafesg2\/cafesg-y-el-bid-se-vinculan-para-el-desarrollo-de-la-region-de-salto-grande\/","title":{"rendered":"CAFESG y el BID se vinculan para el desarrollo de la regi\u00f3n de Salto Grande"},"content":{"rendered":"<p>En el marco del Programa de integraci\u00f3n binacional Concordia-Salto que incluye la ampliaci\u00f3n y readecuaci\u00f3n del Aeropuerto de Concordia, el \u00e1rea de Desarrollo de la Comisi\u00f3n Administradora para el Fondo Especial de Salto Grande y t\u00e9cnicos del Banco Interamericano de Desarrollo tuvieron este mi\u00e9rcoles una reuni\u00f3n de pre-identificaci\u00f3n a fin de evaluar y aproximar est\u00e1ndares de trabajo que les permitan en un futuro pr\u00f3ximo realizar tareas conjuntas.<\/p>\n<p>El mencionado Programa cuenta con tres componentes, uno productivo y de desarrollo de servicios tur\u00edsticos, otro es la rehabilitaci\u00f3n del aeropuerto de Concordia para recibir vuelos comerciales y un tercer componente que tiene que ver con mejorar el funcionamiento de la frontera Concordia-Salto tanto para las personas locales como de los turistas.<\/p>\n<p>Dentro del componente productivo y de servicio tur\u00edstico, \u201clo que se busca es ver de qu\u00e9 forma se puede apoyar el desarrollo de los actores de cada sector, en ese marco los t\u00e9cnicos del BID se encontraron con una instituci\u00f3n como CAFESG que tiene un \u00e1rea de desarrollo que viene trabajando hace muchos a\u00f1os en la regi\u00f3n de Salto Grande y podr\u00eda ser quien apoye en la implementaci\u00f3n de estos servicios, tanto a nivel empresarial como tur\u00edstico\u201d explic\u00f3 el coordinador general de CAFESG Roberto Acu\u00f1a.<\/p>\n<p>Adem\u00e1s, el funcionario del organismo provincial valor\u00f3 que \u201clo importante es que por lo general en este tipo de programas hay que generar una institucionalidad nueva para poder llevar adelante esta clase de intervenciones, y en este caso CAFESG ya cuenta con esa estructura localizada en el \u00e1rea de influencia del programa de integraci\u00f3n, lo que facilita mucho la implementaci\u00f3n de los programas\u00a0 porque ya conoce la regi\u00f3n, conoce los actores de los diferentes sectores y ya ha trabajado en vinculaci\u00f3n con muchos de ellos\u201d.<\/p>\n<p>\u201cEs un \u00e1rea de CAFESG que ha ido en permanente evoluci\u00f3n a lo largo de los a\u00f1os, que conoce muy bien los sectores productivos, que ha tenido resultados positivos en muchos casos de vinculaci\u00f3n mutua, y que siempre ha mantenido los cuatro pilares que se consideran fundamentales en este tipo de tareas que son la parte p\u00fablica, la parte privada, la parte tecnol\u00f3gica y la parte acad\u00e9mica, algo muy bien valorado por los t\u00e9cnicos del BID\u201d explic\u00f3 por \u00faltimo Acu\u00f1a.<\/p>\n<p>Estuvieron presentes en la reuni\u00f3n el Especialista en Integraci\u00f3n y Comercio Ignacio Est\u00e9vez y el consultor chileno Roberto de Groote, ambos como parte de la misi\u00f3n del BID, el coordinador general de CAFESG Roberto Acu\u00f1a, la coordinadora del \u00e1rea de desarrollo de dicho organismo Gisela Huber y dem\u00e1s personal de la instituci\u00f3n provincial.<\/p>\n<p><a href=\"https:\/\/www.cafesg.gob.ar\/cafesg2\/wp-content\/uploads\/2018\/05\/BID-y-Desarrollo.jpg\"><img loading=\"lazy\" decoding=\"async\" class=\"alignnone size-medium wp-image-5803\" src=\"https:\/\/www.cafesg.gob.ar\/cafesg2\/wp-content\/uploads\/2018\/05\/BID-y-Desarrollo-300x200.jpg\" alt=\"BID y Desarrollo\" width=\"300\" height=\"200\" \/><\/a> <a href=\"https:\/\/www.cafesg.gob.ar\/cafesg2\/wp-content\/uploads\/2018\/05\/BID-y-Desarrollo2.jpg\"><img loading=\"lazy\" decoding=\"async\" class=\"alignnone size-medium wp-image-5804\" src=\"https:\/\/www.cafesg.gob.ar\/cafesg2\/wp-content\/uploads\/2018\/05\/BID-y-Desarrollo2-300x200.jpg\" alt=\"BID y Desarrollo2\" width=\"300\" height=\"200\" \/><\/a> <a href=\"https:\/\/www.cafesg.gob.ar\/cafesg2\/wp-content\/uploads\/2018\/05\/BID-y-Desarrollo3.jpg\"><img loading=\"lazy\" decoding=\"async\" class=\"alignnone size-medium wp-image-5805\" src=\"https:\/\/www.cafesg.gob.ar\/cafesg2\/wp-content\/uploads\/2018\/05\/BID-y-Desarrollo3-300x200.jpg\" alt=\"BID y Desarrollo3\" width=\"300\" height=\"200\" \/><\/a> <a href=\"https:\/\/www.cafesg.gob.ar\/cafesg2\/wp-content\/uploads\/2018\/05\/BID-y-Desarrollo4.jpg\"><img loading=\"lazy\" decoding=\"async\" class=\"alignnone size-medium wp-image-5806\" src=\"https:\/\/www.cafesg.gob.ar\/cafesg2\/wp-content\/uploads\/2018\/05\/BID-y-Desarrollo4-300x200.jpg\" alt=\"BID y Desarrollo4\" width=\"300\" height=\"200\" \/><\/a> <a href=\"https:\/\/www.cafesg.gob.ar\/cafesg2\/wp-content\/uploads\/2018\/05\/BID-y-Desarrollo5.jpg\"><img loading=\"lazy\" decoding=\"async\" class=\"alignnone size-medium wp-image-5807\" src=\"https:\/\/www.cafesg.gob.ar\/cafesg2\/wp-content\/uploads\/2018\/05\/BID-y-Desarrollo5-300x200.jpg\" alt=\"BID y Desarrollo5\" width=\"300\" height=\"200\" \/><\/a><\/p>\n","protected":false},"excerpt":{"rendered":"<p>En el marco del Programa de integraci\u00f3n binacional Concordia-Salto que incluye la ampliaci\u00f3n y readecuaci\u00f3n del Aeropuerto de Concordia, el \u00e1rea de Desarrollo de la Comisi\u00f3n Administradora para el Fondo Especial de Salto Grande y t\u00e9cnicos del Banco Interamericano de Desarrollo tuvieron este mi\u00e9rcoles una reuni\u00f3n de pre-identificaci\u00f3n a fin de evaluar y aproximar est\u00e1ndares [&hellip;]<\/p>\n","protected":false},"author":5,"featured_media":0,"comment_status":"open","ping_status":"open","sticky":false,"template":"","format":"standard","meta":{"footnotes":""},"categories":[15],"tags":[],"class_list":["post-5802","post","type-post","status-publish","format-standard","hentry","category-noticias"],"_links":{"self":[{"href":"https:\/\/cafesg.gob.ar\/cafesg2\/wp-json\/wp\/v2\/posts\/5802","targetHints":{"allow":["GET"]}}],"collection":[{"href":"https:\/\/cafesg.gob.ar\/cafesg2\/wp-json\/wp\/v2\/posts"}],"about":[{"href":"https:\/\/cafesg.gob.ar\/cafesg2\/wp-json\/wp\/v2\/types\/post"}],"author":[{"embeddable":true,"href":"https:\/\/cafesg.gob.ar\/cafesg2\/wp-json\/wp\/v2\/users\/5"}],"replies":[{"embeddable":true,"href":"https:\/\/cafesg.gob.ar\/cafesg2\/wp-json\/wp\/v2\/comments?post=5802"}],"version-history":[{"count":0,"href":"https:\/\/cafesg.gob.ar\/cafesg2\/wp-json\/wp\/v2\/posts\/5802\/revisions"}],"wp:attachment":[{"href":"https:\/\/cafesg.gob.ar\/cafesg2\/wp-json\/wp\/v2\/media?parent=5802"}],"wp:term":[{"taxonomy":"category","embeddable":true,"href":"https:\/\/cafesg.gob.ar\/cafesg2\/wp-json\/wp\/v2\/categories?post=5802"},{"taxonomy":"post_tag","embeddable":true,"href":"https:\/\/cafesg.gob.ar\/cafesg2\/wp-json\/wp\/v2\/tags?post=5802"}],"curies":[{"name":"wp","href":"https:\/\/api.w.org\/{rel}","templated":true}]}}