 {"id":5755,"date":"2018-04-24T21:18:38","date_gmt":"2018-04-25T00:18:38","guid":{"rendered":"http:\/\/www.cafesg.gob.ar\/web\/?p=5755"},"modified":"2018-04-24T21:18:38","modified_gmt":"2018-04-25T00:18:38","slug":"cafesg-siete-oferentes-para-la-ampliacion-de-la-red-colectora-en-villa-clara","status":"publish","type":"post","link":"https:\/\/cafesg.gob.ar\/cafesg2\/cafesg-siete-oferentes-para-la-ampliacion-de-la-red-colectora-en-villa-clara\/","title":{"rendered":"CAFESG: siete oferentes para la ampliaci\u00f3n de la red colectora en Villa Clara"},"content":{"rendered":"<p><em>La obra prev\u00e9 la colocaci\u00f3n de m\u00e1s de mil novecientos metros de ca\u00f1er\u00edas, la construcci\u00f3n de diecisiete bocas de registro y las acometidas domiciliarias. El plazo de ejecuci\u00f3n de la misma es de noventa d\u00edas corridos a partir de su adjudicaci\u00f3n. Se invertir\u00e1n m\u00e1s de dos millones de pesos.<\/em><\/p>\n<p>En el Sal\u00f3n de Usos M\u00faltiples de la localidad de Villa Clara, departamento Villaguay, se concret\u00f3 este martes la apertura de sobres con las ofertas de las empresas interesadas en la ejecuci\u00f3n de la obra prevista para esta localidad por la Comisi\u00f3n Administradora para el Fondo Especial de Salto Grande (CAFESG), cuyo presupuesto oficial es de $ 2.508.517,21.<\/p>\n<p>El acto fue presidido por el ministro de Planeamiento, Infraestructura y Servicios de la provincia, Luis Benedetto, la intendenta local Silvina Dome, el vocal de CAFESG Diego Lascurain, y el Escribano Mayor de Gobierno Alejandro Santana, \u00a0a quienes acompa\u00f1aron el coordinador general y de control de proyectos de CAFESG, Roberto Acu\u00f1a y Gustavo Larenze respectivamente, y la asesora legal de dicho organismo Vanessa Mroczek.<\/p>\n<p>La obra, que tiene como objetivo dotar del servicio de red cloacal a un loteo urbano destinado a la construcci\u00f3n de viviendas sociales adem\u00e1s de realizar el completamiento en dos sectores de la ciudad, despert\u00f3 el inter\u00e9s de siete empresas: GODOY S.R.L., que cotiz\u00f3 la obra en $2.331.982,35.-; COINAR S.R.L., que ofert\u00f3 $2.783.164.-; GALVANI CONSTRUCTORA, que tas\u00f3 los trabajos a realizar en $3.004.664,61.-; Suc. de Rafael \u00a0Correa Construcciones, que fij\u00f3 valor en $2.473.494,37.-; GRINAC movimientos de suelo, que ofreci\u00f3 $2.252.195,40.-; VIOBRAS S.R.L., que valu\u00f3 la obra en $2.569.070,40.-; y VERCO S.A., que la cotiz\u00f3 en $2.956.397,70-.<\/p>\n<p>Durante el acto de apertura el ministro Bendetto expres\u00f3 su satisfacci\u00f3n por estar en Villa Clara, en primer lugar porque \u201cdentro de los objetivos que nuestro gobernador nos ha impuesto desde el primer d\u00eda es darle valor a las obras de infraestructura b\u00e1sica que necesitan los municipios, y en ese sentido ya hemos podido ayudar a la intendenta con la obra de iluminaci\u00f3n de acceso a la ciudad que nos pidiera al inicio de la gesti\u00f3n, y ahora damos un paso m\u00e1s en su otro pedido, que es esta obra de ampliaci\u00f3n de la red colectora cloacal\u201d.<\/p>\n<p>\u201cMediante un convenio que tiene el Ministerio de Planeamiento con CAFESG empezamos a trabajar en diversos proyectos, este era uno de ellos, y cuando tuvimos los recursos que comenz\u00f3 a recibir la Comisi\u00f3n Administradora para el Fondo Especial de Salto Grande para la realizaci\u00f3n de obras de acuerdo a la ley existente, se seleccion\u00f3 a Villa Clara como una de las primeras para su concreci\u00f3n\u201d relat\u00f3 el ministro.<\/p>\n<p>Por \u00faltimo, Luis Benedetto al referirse a la actualidad de CAFESG manifest\u00f3 que esta \u201ces una nueva etapa por suerte, que esperamos poder darle continuidad, para lo que necesitamos que los excedentes de Salto Grande comiencen a venir nuevamente para poder realizar obras en las comunidades medianas y peque\u00f1as que son las que m\u00e1s necesitan y que nuestro gobernador ha trazado como prioritarias\u201d finaliz\u00f3.<\/p>\n<p>Por su parte la intendenta de Villa Clara, Silvina Dome, confes\u00f3 su alegr\u00eda por la obra pero confes\u00f3 sentirse \u201cm\u00e1s contenta a\u00fan porque es la primera obra que CAFESG realiza en esta gesti\u00f3n de gobierno con fondos propios, y ser nosotros los beneficiarios me llena de orgullo y no tengo m\u00e1s que palabras de agradecimiento para el organismo y para el ministro Benedetto y todo el Gobierno provincial\u201d.<\/p>\n<p>En tanto, Roberto Acu\u00f1a, coordinador de CAFESG cont\u00f3 que Silvina Dome, fue \u201cla primera intendenta en esta gesti\u00f3n en ir a pedir una obra a nuestro organismo, y cuando el ministro Benedetto nos consult\u00f3 obras pendientes se la pudimos presentar y la eligi\u00f3 como una de las prioritarias por lo que significa el servicio de cloacas en cualquier comunidad\u201d.<\/p>\n<p>\u201cEs una satisfacci\u00f3n abrir las ofertas de esta primera obra dentro de un plan importante que tenemos pensado para la regi\u00f3n de Salto Grande, que implica una inversi\u00f3n de m\u00e1s de treinta millones de pesos y no pod\u00edamos lanzar por falta de fondos\u201d finaliz\u00f3 el funcionario.<\/p>\n<p>Toda la documentaci\u00f3n incluida en los sobres que conten\u00edan las propuestas econ\u00f3micas para la obra, ser\u00e1 analizada por una comisi\u00f3n evaluadora conformada por profesionales de CAFESG, la cual aconsejar\u00e1 la adjudicaci\u00f3n al Directorio del organismo provincial, en un plazo perentorio.<\/p>\n<p>Este mi\u00e9rcoles se estar\u00e1n conociendo las ofertas para la ejecuci\u00f3n de la obra <strong>cord\u00f3n cuneta y badenes en diversas arterias de la ciudad de Federal; y el jueves se har\u00e1 lo propio con la obra de similares caracter\u00edsticas para barrio Ferro Nuevo de la\u00a0ciudad de San Salvador.<\/strong><\/p>\n<p><a href=\"https:\/\/www.cafesg.gob.ar\/cafesg2\/wp-content\/uploads\/2018\/04\/Ofertas-Villa-Clara-1.jpeg\"><img loading=\"lazy\" decoding=\"async\" class=\"alignnone size-medium wp-image-5756\" src=\"https:\/\/www.cafesg.gob.ar\/cafesg2\/wp-content\/uploads\/2018\/04\/Ofertas-Villa-Clara-1-300x200.jpeg\" alt=\"Ofertas Villa Clara 1\" width=\"300\" height=\"200\" \/><\/a> <a href=\"https:\/\/www.cafesg.gob.ar\/cafesg2\/wp-content\/uploads\/2018\/04\/Ofertas-Villa-Clara-2.jpeg\"><img loading=\"lazy\" decoding=\"async\" class=\"alignnone size-medium wp-image-5757\" src=\"https:\/\/www.cafesg.gob.ar\/cafesg2\/wp-content\/uploads\/2018\/04\/Ofertas-Villa-Clara-2-300x200.jpeg\" alt=\"Ofertas Villa Clara 2\" width=\"300\" height=\"200\" \/><\/a> <a href=\"https:\/\/www.cafesg.gob.ar\/cafesg2\/wp-content\/uploads\/2018\/04\/Ofertas-Villa-Clara-3.jpeg\"><img loading=\"lazy\" decoding=\"async\" class=\"alignnone size-medium wp-image-5758\" src=\"https:\/\/www.cafesg.gob.ar\/cafesg2\/wp-content\/uploads\/2018\/04\/Ofertas-Villa-Clara-3-300x200.jpeg\" alt=\"Ofertas Villa Clara 3\" width=\"300\" height=\"200\" \/><\/a> <a href=\"https:\/\/www.cafesg.gob.ar\/cafesg2\/wp-content\/uploads\/2018\/04\/Ofertas-Villa-Clara-4.jpeg\"><img loading=\"lazy\" decoding=\"async\" class=\"alignnone size-medium wp-image-5759\" src=\"https:\/\/www.cafesg.gob.ar\/cafesg2\/wp-content\/uploads\/2018\/04\/Ofertas-Villa-Clara-4-300x200.jpeg\" alt=\"Ofertas Villa Clara 4\" width=\"300\" height=\"200\" \/><\/a> <a href=\"https:\/\/www.cafesg.gob.ar\/cafesg2\/wp-content\/uploads\/2018\/04\/Ofertas-Villa-Clara-5.jpeg\"><img loading=\"lazy\" decoding=\"async\" class=\"alignnone size-medium wp-image-5760\" src=\"https:\/\/www.cafesg.gob.ar\/cafesg2\/wp-content\/uploads\/2018\/04\/Ofertas-Villa-Clara-5-300x200.jpeg\" alt=\"Ofertas Villa Clara 5\" width=\"300\" height=\"200\" \/><\/a> <a href=\"https:\/\/www.cafesg.gob.ar\/cafesg2\/wp-content\/uploads\/2018\/04\/Ofertas-Villa-Clara-6.jpeg\"><img loading=\"lazy\" decoding=\"async\" class=\"alignnone size-medium wp-image-5761\" src=\"https:\/\/www.cafesg.gob.ar\/cafesg2\/wp-content\/uploads\/2018\/04\/Ofertas-Villa-Clara-6-300x200.jpeg\" alt=\"Ofertas Villa Clara 6\" width=\"300\" height=\"200\" \/><\/a><\/p>\n","protected":false},"excerpt":{"rendered":"<p>La obra prev\u00e9 la colocaci\u00f3n de m\u00e1s de mil novecientos metros de ca\u00f1er\u00edas, la construcci\u00f3n de diecisiete bocas de registro y las acometidas domiciliarias. El plazo de ejecuci\u00f3n de la misma es de noventa d\u00edas corridos a partir de su adjudicaci\u00f3n. Se invertir\u00e1n m\u00e1s de dos millones de pesos. En el Sal\u00f3n de Usos M\u00faltiples [&hellip;]<\/p>\n","protected":false},"author":5,"featured_media":0,"comment_status":"open","ping_status":"open","sticky":false,"template":"","format":"standard","meta":{"footnotes":""},"categories":[15],"tags":[],"class_list":["post-5755","post","type-post","status-publish","format-standard","hentry","category-noticias"],"_links":{"self":[{"href":"https:\/\/cafesg.gob.ar\/cafesg2\/wp-json\/wp\/v2\/posts\/5755","targetHints":{"allow":["GET"]}}],"collection":[{"href":"https:\/\/cafesg.gob.ar\/cafesg2\/wp-json\/wp\/v2\/posts"}],"about":[{"href":"https:\/\/cafesg.gob.ar\/cafesg2\/wp-json\/wp\/v2\/types\/post"}],"author":[{"embeddable":true,"href":"https:\/\/cafesg.gob.ar\/cafesg2\/wp-json\/wp\/v2\/users\/5"}],"replies":[{"embeddable":true,"href":"https:\/\/cafesg.gob.ar\/cafesg2\/wp-json\/wp\/v2\/comments?post=5755"}],"version-history":[{"count":0,"href":"https:\/\/cafesg.gob.ar\/cafesg2\/wp-json\/wp\/v2\/posts\/5755\/revisions"}],"wp:attachment":[{"href":"https:\/\/cafesg.gob.ar\/cafesg2\/wp-json\/wp\/v2\/media?parent=5755"}],"wp:term":[{"taxonomy":"category","embeddable":true,"href":"https:\/\/cafesg.gob.ar\/cafesg2\/wp-json\/wp\/v2\/categories?post=5755"},{"taxonomy":"post_tag","embeddable":true,"href":"https:\/\/cafesg.gob.ar\/cafesg2\/wp-json\/wp\/v2\/tags?post=5755"}],"curies":[{"name":"wp","href":"https:\/\/api.w.org\/{rel}","templated":true}]}}