 {"id":5708,"date":"2018-04-06T18:27:43","date_gmt":"2018-04-06T21:27:43","guid":{"rendered":"http:\/\/www.cafesg.gob.ar\/web\/?p=5708"},"modified":"2018-04-06T18:27:43","modified_gmt":"2018-04-06T21:27:43","slug":"autoridades-de-cafesg-y-salto-grande-concretaron-su-primera-reunion-conjunta","status":"publish","type":"post","link":"https:\/\/cafesg.gob.ar\/cafesg2\/autoridades-de-cafesg-y-salto-grande-concretaron-su-primera-reunion-conjunta\/","title":{"rendered":"Autoridades de CAFESG y Salto Grande concretaron su primera reuni\u00f3n conjunta"},"content":{"rendered":"<p><em>Gestiones \u00a0para lograr una mejor tarifa por la generaci\u00f3n de energ\u00eda para Salto Grande, \u00a0definir en conjunto las obras\u00a0 de defensas costeras en la regi\u00f3n y\u00a0 el aval de la Delegaci\u00f3n a la continuidad de la Ley de CAFESG,\u00a0 fueron algunos de los t\u00f3picos tratados en el encuentro.<\/em><\/p>\n<p>&nbsp;<\/p>\n<p>Con la presencia del ministro de Planeamiento de la provincia de Entre R\u00edos, Luis Benedetto, el Directorio de la Comisi\u00f3n Administradora para el Fondo Especial de Salto Grande y la Delegaci\u00f3n Argentina ante la Comisi\u00f3n T\u00e9cnica Mixta de Salto Grande se reunieron este viernes por primera vez con el objeto de abrir un canal de di\u00e1logo que permita aunar criterios y avanzar en la b\u00fasqueda de objetivos que beneficien a los vecinos de la regi\u00f3n de Salto Grande.<\/p>\n<p>En el encuentro se dialog\u00f3 sobre la necesidad de mejorar la tarifa de lo que recibe Salto Grande por la generaci\u00f3n de energ\u00eda. En ese sentido el Presidente de la Delegaci\u00f3n Argentina ante la Comisi\u00f3n T\u00e9cnica Mixta de Salto Grande, Roberto Niez se\u00f1al\u00f3: \u201cestamos trabajando en di\u00e1logo permanente con la Secretar\u00eda de Energ\u00eda y confiamos que podremos obtener una mejora en la tarifa lo que\u00a0 traer\u00eda un \u00a0incremento en los excedentes para CAFESG. Aspiramos que cuando ese dinero llegue se puedan concretar las defensas costeras de las ciudades aguas arriba y abajo de la represa\u201d.<\/p>\n<p>Es importante destacar que la Delegaci\u00f3n Argentina ante la CTM pondr\u00e1 a disposici\u00f3n de los t\u00e9cnicos de CAFESG el estudio de las costas con los puntos sensibles que ellos ya tienen relevados para comenzar a proyectar un programa de obras a futuro en este sentido.<\/p>\n<p>Asimismo, desde el organismo provincial, valoraron positivamente el aval expresado por los miembros de la Delegaci\u00f3n Argentina a la continuidad de la Ley de CAFESG, reconociendo de esta manera la lucha de toda la regi\u00f3n que deriv\u00f3 en la sanci\u00f3n de la misma.<\/p>\n<p>Por su parte, el ministro Benedetto luego de la reuni\u00f3n expres\u00f3 que \u201cestamos todos en el mismo camino, tratando de conseguir una mejor tarifa que es la que permitir\u00eda tener m\u00e1s excedentes y a partir de all\u00ed poder programar para adelante que es lo que podemos y vamos a hacer, nuestro Gobernador hoy se lo iba a plantear al presidente Macri y al ministro Aranguren en Misiones como uno de los temas principales para la regi\u00f3n\u201d. \u201cUna vez que resolvamos este punto, que nosotros consideramos el principal, podremos empezar a resolver los otros problemas, como son las obras y el desarrollo regional\u201d manifest\u00f3 el ministro.<\/p>\n<p>En materia de obras se\u00f1al\u00f3 que ambas partes est\u00e1n \u201cparticularmente interesadas en avanzar en la defensa de las costas de la regi\u00f3n de Salto Grande que se ven erosionadas por la operaci\u00f3n de la represa, para lo cual se ha acordado que trabajen de manera articulada las \u00e1reas t\u00e9cnicas de ambos organismos, pero siempre, \u00a0sujetos a que se generen y remitan los excedentes a CAFESG en tiempo y forma, de otra manera ser\u00e1 dif\u00edcil encarar nuevas obras\u201d.<\/p>\n<p>El Ministro Benedetto aclar\u00f3 por \u00faltimo, \u00a0que de los excedentes que vengan \u201cun porcentaje ser\u00eda destinado a las obras de defensas costeras y otro ser\u00eda destinado a obras en aquellos municipios que no son costeros y que tambi\u00e9n est\u00e1n en la regi\u00f3n de Salto Grande y necesitan obras de infraestructura\u201d finaliz\u00f3.<\/p>\n<p>La reuni\u00f3n se llev\u00f3 a cabo en las instalaciones de la DACTM y participaron de la misma el ministro de Planeamiento, Infraestructura y Servicios de la provincia, Luis Benedetto, el presidente de la Delegaci\u00f3n Argentina ante la Comisi\u00f3n T\u00e9cnica Mixta de Salto Grande, Roberto Niez, acompa\u00f1ado por el Vicepresidente \u00a0Ra\u00fal Bobillo, el Delegado,\u00a0 Julio Fochesatto,\u00a0 y el Secretario Hugo Mayer. En tanto, por parte de CAFESG estuvieron los vocales del Directorio Walter Doronzoro, Diego Lascurain, Horacio Giorgio y Rub\u00e9n Rastelli, junto al coordinador general del organismo Roberto Acu\u00f1a.<\/p>\n<p><a href=\"https:\/\/www.cafesg.gob.ar\/cafesg2\/wp-content\/uploads\/2018\/04\/CAFESG-CTM-1.jpeg\"><img loading=\"lazy\" decoding=\"async\" class=\"alignnone size-medium wp-image-5709\" src=\"https:\/\/www.cafesg.gob.ar\/cafesg2\/wp-content\/uploads\/2018\/04\/CAFESG-CTM-1-300x199.jpeg\" alt=\"CAFESG CTM 1\" width=\"300\" height=\"199\" \/><\/a> <a href=\"https:\/\/www.cafesg.gob.ar\/cafesg2\/wp-content\/uploads\/2018\/04\/CAFESG-CTM-2.jpeg\"><img loading=\"lazy\" decoding=\"async\" class=\"alignnone size-medium wp-image-5710\" src=\"https:\/\/www.cafesg.gob.ar\/cafesg2\/wp-content\/uploads\/2018\/04\/CAFESG-CTM-2-300x205.jpeg\" alt=\"CAFESG CTM 2\" width=\"300\" height=\"205\" \/><\/a> <a href=\"https:\/\/www.cafesg.gob.ar\/cafesg2\/wp-content\/uploads\/2018\/04\/CAFESG-CTM-3.jpeg\"><img loading=\"lazy\" decoding=\"async\" class=\"alignnone size-medium wp-image-5711\" src=\"https:\/\/www.cafesg.gob.ar\/cafesg2\/wp-content\/uploads\/2018\/04\/CAFESG-CTM-3-300x196.jpeg\" alt=\"CAFESG CTM 3\" width=\"300\" height=\"196\" \/><\/a> <a href=\"https:\/\/www.cafesg.gob.ar\/cafesg2\/wp-content\/uploads\/2018\/04\/CAFESG-CTM-4.jpeg\"><img loading=\"lazy\" decoding=\"async\" class=\"alignnone size-medium wp-image-5712\" src=\"https:\/\/www.cafesg.gob.ar\/cafesg2\/wp-content\/uploads\/2018\/04\/CAFESG-CTM-4-300x199.jpeg\" alt=\"CAFESG CTM 4\" width=\"300\" height=\"199\" \/><\/a> <a href=\"https:\/\/www.cafesg.gob.ar\/cafesg2\/wp-content\/uploads\/2018\/04\/CAFESG-CTM-5.jpeg\"><img loading=\"lazy\" decoding=\"async\" class=\"alignnone size-medium wp-image-5713\" src=\"https:\/\/www.cafesg.gob.ar\/cafesg2\/wp-content\/uploads\/2018\/04\/CAFESG-CTM-5-300x216.jpeg\" alt=\"CAFESG CTM 5\" width=\"300\" height=\"216\" \/><\/a><\/p>\n","protected":false},"excerpt":{"rendered":"<p>Gestiones \u00a0para lograr una mejor tarifa por la generaci\u00f3n de energ\u00eda para Salto Grande, \u00a0definir en conjunto las obras\u00a0 de defensas costeras en la regi\u00f3n y\u00a0 el aval de la Delegaci\u00f3n a la continuidad de la Ley de CAFESG,\u00a0 fueron algunos de los t\u00f3picos tratados en el encuentro. &nbsp; Con la presencia del ministro de [&hellip;]<\/p>\n","protected":false},"author":5,"featured_media":0,"comment_status":"open","ping_status":"open","sticky":false,"template":"","format":"standard","meta":{"footnotes":""},"categories":[15],"tags":[],"class_list":["post-5708","post","type-post","status-publish","format-standard","hentry","category-noticias"],"_links":{"self":[{"href":"https:\/\/cafesg.gob.ar\/cafesg2\/wp-json\/wp\/v2\/posts\/5708","targetHints":{"allow":["GET"]}}],"collection":[{"href":"https:\/\/cafesg.gob.ar\/cafesg2\/wp-json\/wp\/v2\/posts"}],"about":[{"href":"https:\/\/cafesg.gob.ar\/cafesg2\/wp-json\/wp\/v2\/types\/post"}],"author":[{"embeddable":true,"href":"https:\/\/cafesg.gob.ar\/cafesg2\/wp-json\/wp\/v2\/users\/5"}],"replies":[{"embeddable":true,"href":"https:\/\/cafesg.gob.ar\/cafesg2\/wp-json\/wp\/v2\/comments?post=5708"}],"version-history":[{"count":0,"href":"https:\/\/cafesg.gob.ar\/cafesg2\/wp-json\/wp\/v2\/posts\/5708\/revisions"}],"wp:attachment":[{"href":"https:\/\/cafesg.gob.ar\/cafesg2\/wp-json\/wp\/v2\/media?parent=5708"}],"wp:term":[{"taxonomy":"category","embeddable":true,"href":"https:\/\/cafesg.gob.ar\/cafesg2\/wp-json\/wp\/v2\/categories?post=5708"},{"taxonomy":"post_tag","embeddable":true,"href":"https:\/\/cafesg.gob.ar\/cafesg2\/wp-json\/wp\/v2\/tags?post=5708"}],"curies":[{"name":"wp","href":"https:\/\/api.w.org\/{rel}","templated":true}]}}