 {"id":5665,"date":"2018-03-09T19:45:59","date_gmt":"2018-03-09T22:45:59","guid":{"rendered":"http:\/\/www.cafesg.gob.ar\/web\/?p=5665"},"modified":"2018-03-09T19:45:59","modified_gmt":"2018-03-09T22:45:59","slug":"cafesg-inspecciona-obras-en-la-provincia","status":"publish","type":"post","link":"https:\/\/cafesg.gob.ar\/cafesg2\/cafesg-inspecciona-obras-en-la-provincia\/","title":{"rendered":"CAFESG inspecciona obras en la provincia"},"content":{"rendered":"<p>En el marco del convenio firmado entre la Comisi\u00f3n Administradora para el Fondo Especial de Salto Grande y el Ministerio de Planeamiento a cargo de Luis Benedetto, que dispone entre otros puntos que se brinden asistencias t\u00e9cnicas desde CAFESG a los diferentes Entes Provinciales, el organismo con sede central en Concordia aporta personal t\u00e9cnico para la inspecci\u00f3n de obras en diferentes puntos de la provincia.<\/p>\n<p>Cumplimentando el mencionado convenio CAFESG ha designado inspectores t\u00e9cnicos en cada localidad donde se realizan las obras, teniendo como preferencia que sean profesionales con residencia en el lugar a fin de optimizar la presencia en obra. Cabe destacar que cada uno de ellos tiene vasta experiencia y han sido consensuados con otros organismos provinciales.<\/p>\n<p>Adem\u00e1s de las obras en Concordia &#8211; Nueva Planta Potabilizadora de agua y la obra de Impulsi\u00f3n, Almacenamiento, acueducto Colonia Roca -, CAFESG inspecciona obras en las localidades de Col\u00f3n, Concepci\u00f3n del Uruguay y Villaguay. En estas dos primeras ciudades se hizo presente esta semana el coordinador del Directorio del organismo, arquitecto Roberto Acu\u00f1a, a fin de constatar in situ el avance de las mismas y recibir un informe personalizado por parte de los inspectores a cargo de CAFESG.<\/p>\n<p>En la ciudad de Col\u00f3n CAFESG inpecciona la obra denominada <em>Optimizaci\u00f3n de la provisi\u00f3n de agua potable<\/em>, en tanto en la Hist\u00f3rica, el organismo realiza tareas de inspecci\u00f3n en la construcci\u00f3n del nuevo edificio de la Escuela de Educaci\u00f3n T\u00e9cnica N\u00b0 3 \u201cDr. Sergio Marsiglia\u201d y en la Usina Central Caseros cuyos edificios est\u00e1n siendo refuncionalizados para convertirlos en un centro cultural para la ciudad.<\/p>\n<p>Luego de las recorridas Acu\u00f1a expres\u00f3 su \u201csatisfacci\u00f3n por el trabajo realizado hasta ahora por los inspectores que hemos designado, que son profesionales que en su mayor\u00eda ya hab\u00edan trabajado para nuestro organismos de manera muy eficiente, en este punto quiero hacer un especial agradecimiento al gobernador Bordet y al ministro Benedetto que nos han dado el marco para que los recursos humanos con los que contamos y que han acumulado una gran experiencia y profesionalizaci\u00f3n a los largo de los a\u00f1os, hoy pueda ser incorporado al important\u00edsimo plan de obras que el Gobierno Provincial desarrolla a lo largo y ancho de Entre R\u00edos\u201d.<\/p>\n<p>En lo referido espec\u00edficamente a las obras, le coordinador de CAFESG se\u00f1al\u00f3 que \u201ctodo se desarrolla con normalidad, algunas est\u00e1n en sus etapas iniciales, otras m\u00e1s avanzadas, pero en l\u00edneas generales todas van cumpliendo con los requerimientos de los pliegos, de todas maneras de manera permanente se elevan informes sobre el avance a los organismos involucrados directamente con las obras\u201d.<\/p>\n<p>&nbsp;<\/p>\n<p>&nbsp;<\/p>\n<p>&nbsp;<\/p>\n<p><strong>Las obras<\/strong><\/p>\n<p>&nbsp;<\/p>\n<p>Optimizaci\u00f3n de la provisi\u00f3n de agua potable en la ciudad de Col\u00f3n<\/p>\n<p>El servicio de agua potable de la ciudad de Col\u00f3n, que actualmente cuenta con veintisiete mil habitantes, cubre pr\u00e1cticamente el 100% de la zona urbana pero es absolutamente obsoleto e ineficiente con graves problemas de suministro, lo cual motiv\u00f3 la necesidad de optimizar el servicio.<\/p>\n<p>La obra consiste en aumentar la producci\u00f3n de agua potable para la localidad, mediante la construcci\u00f3n de una nueva Toma de Agua cruda del r\u00edo Uruguay y la instalaci\u00f3n de dos M\u00f3dulos de Planta Compacta para tratar un total de 120m3\/hs. Los cuales se localizar\u00e1n en el predio Municipal de la Planta Potabilizadora existente.<\/p>\n<p>La Cisterna de agua cruda, se construir\u00e1 aleda\u00f1a a la toma existente, donde se instalar\u00e1n dos equipos de bombeo.<\/p>\n<p>Los trabajos a realizar son excavaci\u00f3n con equipos, relleno y compactaci\u00f3n de zanjas, provisi\u00f3n y colocaci\u00f3n de ca\u00f1er\u00eda y piezas especiales, Polipasto el\u00e9ctrico deslizante, para la extracci\u00f3n de las bombas, montaje de M\u00f3dulo de Planta potabilizadora completo, instalaciones el\u00e9ctricas y mec\u00e1nicas, provisi\u00f3n y colocaci\u00f3n de electrobombas con tableros, y todas las interconexiones necesarias para la puesta en funcionamiento del mismo. Los cuales emplear\u00e1n mano de obra calificada y alrededor de 15 operarios.<\/p>\n<p>&nbsp;<\/p>\n<p>Construcci\u00f3n nuevo edificio escuela Educaci\u00f3n T\u00e9cnica N\u00ba 3 en C. del Uruguay<\/p>\n<p>El nuevo edificio para la Escuela de Educaci\u00f3n T\u00e9cnica N\u00b0 3 \u201cDr. Sergio Marsiglia\u201d (ex Escuela de Aprendices) se situar\u00e1 en la zona sur oeste de la ciudad, m\u00e1s precisamente en el Barrio Lomas Sur, sector hist\u00f3ricamente habitado pero al que se sumaron recientemente 682 viviendas, por lo cual la construcci\u00f3n de este nuevo edificio viene a saldar una necesidad del lugar.<\/p>\n<p>Contar\u00e1 con dos plantas que incluir\u00e1n aulas, talleres, oficina t\u00e9cnica, laboratorios y dep\u00f3sitos, Sal\u00f3n de Usos M\u00faltiples, play\u00f3n deportivo, biblioteca, \u00e1rea para Centro de Estudiantes, sala de proyecto, entre otros sectores. El nuevo edificio tendr\u00e1 capacidad para 400 estudiantes, mientras que el anterior solo pod\u00eda albergar 88 alumnos.<\/p>\n<p>Una vez habilitado el nuevo edificio, la oferta educativa ser\u00e1 de T\u00e9cnico en Automotores y formaci\u00f3n profesional de auxiliar en instalaciones el\u00e9ctricas, herrero, auxiliar carpintero, mec\u00e1nico de automotores de combusti\u00f3n interna, mec\u00e1nico de transmisiones, mec\u00e1nico en sistema de suspensi\u00f3n y direcci\u00f3n del automotor. Adem\u00e1s se dictar\u00e1 una formaci\u00f3n superior no universitaria de T\u00e9cnico Superior en Mantenimiento Industrial.<\/p>\n<p>&nbsp;<\/p>\n<p>Refuncionalizaci\u00f3n Usina Central Caseros \u2013 nuevo Centro Cultural, C. del Uruguay<\/p>\n<p>La Usina \u201cCentral Caseros\u201d data de la d\u00e9cada del 1920 y se encuentra ubicada contigua a la Planta Potabilizadora de Agua, sobre calle Artusi y a una cuadra del Puerto de la Ciudad de Concepci\u00f3n del Uruguay. En dicho edificio funcionaba la primera generadora de corriente continua en manos de empresas de origen Anglo-Argentinas y cuya arquitectura es de tipo industrial.<\/p>\n<p>Es normal que la vida material de los edificios trascienda la funci\u00f3n que les dio origen, dando lugar al reciclaje de los mismos y es por esto es que surge la necesidad de revalorizar y refuncionalizar\u00a0 dicho edificio para un uso social acorde a sus caracter\u00edsticas arquitect\u00f3nicas y emplazamiento urbano.<\/p>\n<p>La Obra comprende la recuperaci\u00f3n y reconversi\u00f3n de un edificio de servicios de gran identidad, transform\u00e1ndolo en un espacio p\u00fablico para el arte y la cultura, donde se podr\u00e1n congregar espect\u00e1culos de las m\u00e1s diversas disciplinas y el desarrollo de eventos, foros culturales y conferencias.<\/p>\n<p>Adem\u00e1s el proyecto pretende revertir el deterioro del \u00e1rea transformando, revitalizando y generando un sector urbano convocante para la comunidad y para fomentar el turismo de la ciudad.<\/p>\n<p>Al tratarse de un edificio de valor hist\u00f3rico y patrimonial se mantendr\u00e1 y preservar\u00e1 la fachada exterior en su totalidad.<\/p>\n<p>La inversi\u00f3n y secuencia constructiva planificada plantea la recuperaci\u00f3n de 2570 m2 de superficie cubierta, dentro del edificio principal, en varios niveles, que albergar\u00e1, una\u00a0 Sala de Exposici\u00f3n, el Museo de Dibujo y Grabado \u201cArtemio Alisio\u201d, el Museo \u201cGuaman Poma\u201d\u00a0 y un Teatro de proscenio o Teatro a la Italiana apto para la actuaci\u00f3n de \u00a0Orquestas Sinf\u00f3nicas y de C\u00e1mara, Obras Teatrales y de Revista, con una capacidad de 565 espectadores aproximadamente, incluyendo las \u00e1reas de apoyo del complejo<\/p>\n<p>Contiguo a este edificio principal, se refuncionalizar\u00e1n los antiguos talleres y el viejo almac\u00e9n para conformar un sector que albergar\u00e1 las \u00e1reas de aulas y talleres de arte con los servicios y administraci\u00f3n correspondientes.<\/p>\n<p><a href=\"https:\/\/www.cafesg.gob.ar\/cafesg2\/wp-content\/uploads\/2018\/03\/Centro-cultural-uruguay-1.jpeg\"><img loading=\"lazy\" decoding=\"async\" class=\"alignnone size-medium wp-image-5666\" src=\"https:\/\/www.cafesg.gob.ar\/cafesg2\/wp-content\/uploads\/2018\/03\/Centro-cultural-uruguay-1-300x199.jpeg\" alt=\"Centro cultural uruguay (1)\" width=\"300\" height=\"199\" \/><\/a> <a href=\"https:\/\/www.cafesg.gob.ar\/cafesg2\/wp-content\/uploads\/2018\/03\/Centro-cultural-uruguay-2.jpeg\"><img loading=\"lazy\" decoding=\"async\" class=\"alignnone size-medium wp-image-5667\" src=\"https:\/\/www.cafesg.gob.ar\/cafesg2\/wp-content\/uploads\/2018\/03\/Centro-cultural-uruguay-2-300x199.jpeg\" alt=\"Centro cultural uruguay (2)\" width=\"300\" height=\"199\" \/><\/a> <a href=\"https:\/\/www.cafesg.gob.ar\/cafesg2\/wp-content\/uploads\/2018\/03\/Centro-cultural-uruguay-3.jpeg\"><img loading=\"lazy\" decoding=\"async\" class=\"alignnone size-medium wp-image-5668\" src=\"https:\/\/www.cafesg.gob.ar\/cafesg2\/wp-content\/uploads\/2018\/03\/Centro-cultural-uruguay-3-300x199.jpeg\" alt=\"Centro cultural uruguay (3)\" width=\"300\" height=\"199\" \/><\/a> <a href=\"https:\/\/www.cafesg.gob.ar\/cafesg2\/wp-content\/uploads\/2018\/03\/Escuela-T\u00e9cnica-3-uruguay-1.jpeg\"><img loading=\"lazy\" decoding=\"async\" class=\"alignnone size-medium wp-image-5669\" src=\"https:\/\/www.cafesg.gob.ar\/cafesg2\/wp-content\/uploads\/2018\/03\/Escuela-T\u00e9cnica-3-uruguay-1-300x199.jpeg\" alt=\"Escuela T\u00e9cnica 3 uruguay (1)\" width=\"300\" height=\"199\" \/><\/a> <a href=\"https:\/\/www.cafesg.gob.ar\/cafesg2\/wp-content\/uploads\/2018\/03\/Escuela-T\u00e9cnica-3-uruguay-2.jpeg\"><img loading=\"lazy\" decoding=\"async\" class=\"alignnone size-medium wp-image-5670\" src=\"https:\/\/www.cafesg.gob.ar\/cafesg2\/wp-content\/uploads\/2018\/03\/Escuela-T\u00e9cnica-3-uruguay-2-300x199.jpeg\" alt=\"Escuela T\u00e9cnica 3 uruguay (2)\" width=\"300\" height=\"199\" \/><\/a> <a href=\"https:\/\/www.cafesg.gob.ar\/cafesg2\/wp-content\/uploads\/2018\/03\/Escuela-T\u00e9cnica-3-uruguay-3.jpeg\"><img loading=\"lazy\" decoding=\"async\" class=\"alignnone size-medium wp-image-5671\" src=\"https:\/\/www.cafesg.gob.ar\/cafesg2\/wp-content\/uploads\/2018\/03\/Escuela-T\u00e9cnica-3-uruguay-3-300x199.jpeg\" alt=\"Escuela T\u00e9cnica 3 uruguay (3)\" width=\"300\" height=\"199\" \/><\/a> <a href=\"https:\/\/www.cafesg.gob.ar\/cafesg2\/wp-content\/uploads\/2018\/03\/Planta-Agua-Col\u00f3n-1.jpeg\"><img loading=\"lazy\" decoding=\"async\" class=\"alignnone size-medium wp-image-5672\" src=\"https:\/\/www.cafesg.gob.ar\/cafesg2\/wp-content\/uploads\/2018\/03\/Planta-Agua-Col\u00f3n-1-300x199.jpeg\" alt=\"Planta Agua Col\u00f3n 1\" width=\"300\" height=\"199\" \/><\/a> <a href=\"https:\/\/www.cafesg.gob.ar\/cafesg2\/wp-content\/uploads\/2018\/03\/Planta-Agua-Col\u00f3n-2.jpeg\"><img loading=\"lazy\" decoding=\"async\" class=\"alignnone size-medium wp-image-5673\" src=\"https:\/\/www.cafesg.gob.ar\/cafesg2\/wp-content\/uploads\/2018\/03\/Planta-Agua-Col\u00f3n-2-300x199.jpeg\" alt=\"Planta Agua Col\u00f3n 2\" width=\"300\" height=\"199\" \/><\/a> <a href=\"https:\/\/www.cafesg.gob.ar\/cafesg2\/wp-content\/uploads\/2018\/03\/Planta-Agua-Col\u00f3n-3.jpeg\"><img loading=\"lazy\" decoding=\"async\" class=\"alignnone size-medium wp-image-5674\" src=\"https:\/\/www.cafesg.gob.ar\/cafesg2\/wp-content\/uploads\/2018\/03\/Planta-Agua-Col\u00f3n-3-300x199.jpeg\" alt=\"Planta Agua Col\u00f3n 3\" width=\"300\" height=\"199\" \/><\/a> <a href=\"https:\/\/www.cafesg.gob.ar\/cafesg2\/wp-content\/uploads\/2018\/03\/Planta-Agua-Col\u00f3n-4.jpeg\"><img loading=\"lazy\" decoding=\"async\" class=\"alignnone size-medium wp-image-5675\" src=\"https:\/\/www.cafesg.gob.ar\/cafesg2\/wp-content\/uploads\/2018\/03\/Planta-Agua-Col\u00f3n-4-300x199.jpeg\" alt=\"Planta Agua Col\u00f3n 4\" width=\"300\" height=\"199\" \/><\/a><\/p>\n","protected":false},"excerpt":{"rendered":"<p>En el marco del convenio firmado entre la Comisi\u00f3n Administradora para el Fondo Especial de Salto Grande y el Ministerio de Planeamiento a cargo de Luis Benedetto, que dispone entre otros puntos que se brinden asistencias t\u00e9cnicas desde CAFESG a los diferentes Entes Provinciales, el organismo con sede central en Concordia aporta personal t\u00e9cnico para [&hellip;]<\/p>\n","protected":false},"author":5,"featured_media":0,"comment_status":"open","ping_status":"open","sticky":false,"template":"","format":"standard","meta":{"footnotes":""},"categories":[15],"tags":[],"class_list":["post-5665","post","type-post","status-publish","format-standard","hentry","category-noticias"],"_links":{"self":[{"href":"https:\/\/cafesg.gob.ar\/cafesg2\/wp-json\/wp\/v2\/posts\/5665","targetHints":{"allow":["GET"]}}],"collection":[{"href":"https:\/\/cafesg.gob.ar\/cafesg2\/wp-json\/wp\/v2\/posts"}],"about":[{"href":"https:\/\/cafesg.gob.ar\/cafesg2\/wp-json\/wp\/v2\/types\/post"}],"author":[{"embeddable":true,"href":"https:\/\/cafesg.gob.ar\/cafesg2\/wp-json\/wp\/v2\/users\/5"}],"replies":[{"embeddable":true,"href":"https:\/\/cafesg.gob.ar\/cafesg2\/wp-json\/wp\/v2\/comments?post=5665"}],"version-history":[{"count":0,"href":"https:\/\/cafesg.gob.ar\/cafesg2\/wp-json\/wp\/v2\/posts\/5665\/revisions"}],"wp:attachment":[{"href":"https:\/\/cafesg.gob.ar\/cafesg2\/wp-json\/wp\/v2\/media?parent=5665"}],"wp:term":[{"taxonomy":"category","embeddable":true,"href":"https:\/\/cafesg.gob.ar\/cafesg2\/wp-json\/wp\/v2\/categories?post=5665"},{"taxonomy":"post_tag","embeddable":true,"href":"https:\/\/cafesg.gob.ar\/cafesg2\/wp-json\/wp\/v2\/tags?post=5665"}],"curies":[{"name":"wp","href":"https:\/\/api.w.org\/{rel}","templated":true}]}}