 {"id":5656,"date":"2018-03-04T18:54:36","date_gmt":"2018-03-04T21:54:36","guid":{"rendered":"http:\/\/www.cafesg.gob.ar\/web\/?p=5656"},"modified":"2018-03-04T18:54:36","modified_gmt":"2018-03-04T21:54:36","slug":"cafesg-entrego-el-proyecto-para-el-rescate-y-puesta-en-valor-del-historico-campamento-del-cala","status":"publish","type":"post","link":"https:\/\/cafesg.gob.ar\/cafesg2\/cafesg-entrego-el-proyecto-para-el-rescate-y-puesta-en-valor-del-historico-campamento-del-cala\/","title":{"rendered":"CAFESG entreg\u00f3 el proyecto para el rescate y puesta en valor del hist\u00f3rico Campamento del Cal\u00e1"},"content":{"rendered":"<p>El coordinador del Directorio de la Comisi\u00f3n Administradora para el Fondo Especial de Salto Grande, Roberto Acu\u00f1a, hizo entrega este viernes a representantes de la Asociaci\u00f3n Amigos del Cal\u00e1, del proyecto para el \u201cRescate, puesta en valor y conservaci\u00f3n del polvor\u00edn y el uso p\u00fablico del entorno del Campamento del Cal\u00e1\u201d que fuera elaborado por personal t\u00e9cnico del mencionado organismo provincial.<\/p>\n<p>La entrega se realiz\u00f3 en las instalaciones de CAFESG con la presencia de Gast\u00f3n Buet, Luis F\u00e9lix Quir\u00f3z y Sergio Barbiero, presidente, vicepresidente y miembro respectivamente de la Asociaci\u00f3n Amigos del Cal\u00e1.<\/p>\n<p>Luego del encuentro Acu\u00f1a destac\u00f3 que \u201ceste proyecto que acabamos de entregar es resultado de la continuidad que viene teniendo CAFESG, tanto desde su \u00e1rea de Desarrollo Regional como t\u00e9cnica, casi desde la gestaci\u00f3n de la idea por parte de vecinos de Rocamora de poner en valor el Campamento del Cal\u00e1\u201d.<\/p>\n<p>Efectivamente este proyecto recibi\u00f3 un r\u00e1pido respaldo por parte de la Comisi\u00f3n Administradora para el Fondo Especial de Salto Grande (CAFESG), a trav\u00e9s de su \u00c1rea de Desarrollo Regional, que \u2013entre otros objetivos\u2013 tiene por finalidad promocionar y consolidar la actividad tur\u00edstica en peque\u00f1as comunas y municipios de la Regi\u00f3n de Salto Grande, a trav\u00e9s de su Programa de Fortalecimiento del Turismo en los Gobiernos Locales.<\/p>\n<p>El equipo t\u00e9cnico de profesionales en turismo de CAFESG abocado al Programa, acompa\u00f1\u00f3 y estimul\u00f3 esta propuesta de rescate, puesta en valor, conservaci\u00f3n y uso p\u00fablico de las ruinas y el entorno del Campamento del Cal\u00e1, que est\u00e1 rodeado por una espesa y \u00fanica vegetaci\u00f3n.<\/p>\n<p>El coordinador del Directorio de CAFESG, Roberto Acu\u00f1a, fue enf\u00e1tico al aclarar que \u201ceste proyecto tiene un presupuesto oficial de m\u00e1s de dos millones de pesos, pero que quede claro que no lo haremos desde nuestro organismo, sino que ser\u00e1n los miembros de la Asociaci\u00f3n Amigos del Cal\u00e1 quienes deban gestionar y conseguir la financiaci\u00f3n para la realizaci\u00f3n del mismo\u201d finaliz\u00f3.<\/p>\n<p>En tanto Gast\u00f3n Buet, presidente de la asociaci\u00f3n que nuclea la iniciativa, se\u00f1al\u00f3 luego de la reuni\u00f3n que \u201ceste es un proyecto que ven\u00edamos trabajando con CAFESG hace m\u00e1s de un a\u00f1o, y felizmente hoy lo recibimos, ahora deberemos conseguir los fondos para hacerlo realidad pero sin dudas este es un gran paso hacia nuestro objetivo que es preservar la historia\u201d.<\/p>\n<p>El profesor, miembro fundador de la Asociaci\u00f3n de Amigos del Campamento del Cal\u00e1 y principal impulsor de esta recuperaci\u00f3n hist\u00f3rica manifest\u00f3 que \u201cla idea del sitio hist\u00f3rico a futuro tiene varias aristas, por un lado recuperar la historia de la entrerrian\u00eda remarcando la importancia de Urquiza en ella, por otro lado y por su cercan\u00eda al Palacio San Jos\u00e9, incluirlo en un circuito hist\u00f3rico de lo que fue mediados del siglo diecinueve en la historia entrerriana y nacional, y finalmente con un fin social apuntar a que la gente del lugar recupere identidad\u201d.<\/p>\n<p>&nbsp;<\/p>\n<p><strong>Importancia hist\u00f3rica<\/strong><\/p>\n<p>El establecimiento se encuentra ubicado en la ciudad de Rocamora, en el departamento de Concepci\u00f3n del Uruguay, actualmente funciona como lugar tur\u00edstico denominado Ruinas del polvor\u00edn.<\/p>\n<p>Su importancia hist\u00f3rica reside en que en 1818 el General Francisco Ram\u00edrez reuni\u00f3 en Cal\u00e1 su primer ej\u00e9rcito, y luego acamp\u00f3 el General Urquiza con el \u201cEj\u00e9rcito de Operaciones en campa\u00f1a contra los salvajes unitarios\u201d. Ah\u00ed estuvo su campamento permanente, donde reuni\u00f3 a las caballer\u00edas entrerrianas que combatieron en la batalla de Caseros. All\u00ed tambi\u00e9n confluyeron los soldados que debieron participar en la guerra contra el Paraguay.<\/p>\n<p>Urquiza hizo construir varias piezas y galpones de techo pajizo destinados a habitaciones y oficinas militares, hospital, herrer\u00eda, residencia de jefes y capell\u00e1n, jaboner\u00eda, barracas y pulper\u00edas.<\/p>\n<p>Es importante destacar que el Campamento del Cal\u00e1 es uno de los doce monumentos y lugares que se encuentran identificados por la Comisi\u00f3n Nacional de Museos y de Monumentos y Lugares Hist\u00f3ricos, en este caso por el Decreto N\u00ba 2840 de fecha 1 de octubre de 1983.<\/p>\n<p><strong>\u00a0<\/strong><\/p>\n<p><strong>El proyecto<\/strong><\/p>\n<p>El presente proyecto elaborado por CAFESG prev\u00e9 un techo de chapa galvanizada que cubrir\u00eda el total de las dimensiones de la excavaci\u00f3n existente del polvor\u00edn, unos 15&#215;27 metros aproximadamente.<\/p>\n<p>Adem\u00e1s, un sector destinado a servicios con columnas de hormig\u00f3n armado y mamposter\u00edas de ladrillos huecos con aberturas de aluminio. Se incluye tambi\u00e9n las instalaciones completas de sanitarios e iluminaci\u00f3n, contempl\u00e1ndose el suministro de agua por la perforaci\u00f3n de un pozo para extracci\u00f3n de la misma, y sus desag\u00fces cloacales de acuerdo al sitio donde se implantar\u00e1 dicha construcci\u00f3n.<\/p>\n<p>El presente proyecto tiene un presupuesto oficial que ronda los dos millones doscientos mil pesos, que deber\u00e1n ser gestionados por la Asociaci\u00f3n Amigos del Cal\u00e1.<\/p>\n<p><a href=\"https:\/\/www.cafesg.gob.ar\/cafesg2\/wp-content\/uploads\/2018\/03\/Entrega-proyecto-Cal\u00e1-1.jpeg\"><img loading=\"lazy\" decoding=\"async\" class=\"alignnone size-medium wp-image-5657\" src=\"https:\/\/www.cafesg.gob.ar\/cafesg2\/wp-content\/uploads\/2018\/03\/Entrega-proyecto-Cal\u00e1-1-300x225.jpeg\" alt=\"Entrega proyecto Cal\u00e1 1\" width=\"300\" height=\"225\" \/><\/a> <a href=\"https:\/\/www.cafesg.gob.ar\/cafesg2\/wp-content\/uploads\/2018\/03\/Entrega-proyecto-Cal\u00e1-2.jpeg\"><img loading=\"lazy\" decoding=\"async\" class=\"alignnone size-medium wp-image-5658\" src=\"https:\/\/www.cafesg.gob.ar\/cafesg2\/wp-content\/uploads\/2018\/03\/Entrega-proyecto-Cal\u00e1-2-300x225.jpeg\" alt=\"Entrega proyecto Cal\u00e1 2\" width=\"300\" height=\"225\" \/><\/a> <a href=\"https:\/\/www.cafesg.gob.ar\/cafesg2\/wp-content\/uploads\/2018\/03\/Entrega-proyecto-Cal\u00e1-3.jpeg\"><img loading=\"lazy\" decoding=\"async\" class=\"alignnone size-medium wp-image-5659\" src=\"https:\/\/www.cafesg.gob.ar\/cafesg2\/wp-content\/uploads\/2018\/03\/Entrega-proyecto-Cal\u00e1-3-300x225.jpeg\" alt=\"Entrega proyecto Cal\u00e1 3\" width=\"300\" height=\"225\" \/><\/a><\/p>\n","protected":false},"excerpt":{"rendered":"<p>El coordinador del Directorio de la Comisi\u00f3n Administradora para el Fondo Especial de Salto Grande, Roberto Acu\u00f1a, hizo entrega este viernes a representantes de la Asociaci\u00f3n Amigos del Cal\u00e1, del proyecto para el \u201cRescate, puesta en valor y conservaci\u00f3n del polvor\u00edn y el uso p\u00fablico del entorno del Campamento del Cal\u00e1\u201d que fuera elaborado por [&hellip;]<\/p>\n","protected":false},"author":5,"featured_media":0,"comment_status":"open","ping_status":"open","sticky":false,"template":"","format":"standard","meta":{"footnotes":""},"categories":[15],"tags":[],"class_list":["post-5656","post","type-post","status-publish","format-standard","hentry","category-noticias"],"_links":{"self":[{"href":"https:\/\/cafesg.gob.ar\/cafesg2\/wp-json\/wp\/v2\/posts\/5656","targetHints":{"allow":["GET"]}}],"collection":[{"href":"https:\/\/cafesg.gob.ar\/cafesg2\/wp-json\/wp\/v2\/posts"}],"about":[{"href":"https:\/\/cafesg.gob.ar\/cafesg2\/wp-json\/wp\/v2\/types\/post"}],"author":[{"embeddable":true,"href":"https:\/\/cafesg.gob.ar\/cafesg2\/wp-json\/wp\/v2\/users\/5"}],"replies":[{"embeddable":true,"href":"https:\/\/cafesg.gob.ar\/cafesg2\/wp-json\/wp\/v2\/comments?post=5656"}],"version-history":[{"count":0,"href":"https:\/\/cafesg.gob.ar\/cafesg2\/wp-json\/wp\/v2\/posts\/5656\/revisions"}],"wp:attachment":[{"href":"https:\/\/cafesg.gob.ar\/cafesg2\/wp-json\/wp\/v2\/media?parent=5656"}],"wp:term":[{"taxonomy":"category","embeddable":true,"href":"https:\/\/cafesg.gob.ar\/cafesg2\/wp-json\/wp\/v2\/categories?post=5656"},{"taxonomy":"post_tag","embeddable":true,"href":"https:\/\/cafesg.gob.ar\/cafesg2\/wp-json\/wp\/v2\/tags?post=5656"}],"curies":[{"name":"wp","href":"https:\/\/api.w.org\/{rel}","templated":true}]}}