 {"id":5637,"date":"2018-01-18T18:15:36","date_gmt":"2018-01-18T21:15:36","guid":{"rendered":"http:\/\/www.cafesg.gob.ar\/web\/?p=5637"},"modified":"2018-01-18T18:15:36","modified_gmt":"2018-01-18T21:15:36","slug":"cafesg-programa-obras-para-siete-localidades-de-la-region-de-salto-grande","status":"publish","type":"post","link":"https:\/\/cafesg.gob.ar\/cafesg2\/cafesg-programa-obras-para-siete-localidades-de-la-region-de-salto-grande\/","title":{"rendered":"CAFESG programa obras para siete localidades de la regi\u00f3n de Salto Grande"},"content":{"rendered":"<p>La Comisi\u00f3n Administradora para el Fondo Especial de Salto Grande (CAFESG) tiene en carpeta para los primeros meses de este 2018, un plan de obras con fondos propios, que ronda los 20 millones de pesos y beneficiar\u00e1 a vecinos de las localidades de Feliciano, Colonia Ayu\u00ed, La Criolla, Federal, San Salvador, Villa Dom\u00ednguez y Villa Clara.<br \/>\nEl mencionado plan, fue coordinado desde el Ministerio de Planeamiento de la provincia a cargo de Luis Benedetto, y consensuado con CAFESG y los intendentes y presidentes de Juntas de Gobierno de cada localidad, quienes demandaron inicialmente dichas obras.<br \/>\nA partir de all\u00ed, equipos t\u00e9cnicos de CAFESG comenzaron a recepcionar los proyectos y a elaborar o completar aquellos que lo requer\u00edan, tal y como lo ha venido haciendo el \u00faltimo a\u00f1o.<br \/>\nEl titular de la Unidad Ejecutora Provincial, Marcelo Richard, destac\u00f3 \u201cla decisi\u00f3n pol\u00edtica de nuestro gobernador, Gustavo Bordet, de priorizar la necesidad de hacer obras en estas localidades para que CAFESG poco a poco pueda volver a ser lo que fue para la regi\u00f3n de Salto Grande, confiando siempre en que el Gobierno nacional remita los excedentes al organismo tal y como lo establece la ley\u201d.<br \/>\nEn lo referido espec\u00edficamente al plan de obras, el coordinador del Directorio de CAFESG, arquitecto Roberto Acu\u00f1a, se mostr\u00f3 confiado en que \u201csi todo se desarrolla con normalidad esperamos estar llamando a licitaci\u00f3n de alguna obra antes de que finalice el mes de febrero, pero m\u00e1s all\u00e1 de eso, lo importante es que las obras se van a hacer y ya se cuenta con el dinero para ello\u201d.<\/p>\n<p>Las obras<br \/>\n\tCONSTRUCCI\u00d3N PERFORACI\u00d3N SUMERGIBLE PARA LA DISTRIBUCI\u00d3N DE AGUA POTABLE \u2013 VILLA DOMINGUEZ \u2013 VILLAGUAY: nueva perforaci\u00f3n a 65 metros de profundidad para producir 35m3 por hora, en rigor son 170m de ca\u00f1er\u00eda de impulsi\u00f3n que se extender\u00e1n hasta el  tanque existente.<br \/>\n\tEXTENSI\u00d3N DE RED COLECTORA DE L\u00cdQUIDOS CLOACALES EN LA PLANTA URBANA \u2013 VILLA CLARA \u2013 VILLAGUAY: se realizaran 3800 metros de cloaca en distintas arterias de la ciudad con sus respectivas bocas de registros y una sala de bombeo.<br \/>\n\tILUMINACI\u00d3N URBANA DE LED EN SAN JOSE DE FELICIANO: se iluminar\u00e1n varias calles dentro de la planta urbana, colocando un total de 121 luminarias de sistema LED con una potencia de 83w, columnas de alumbrado de 7 metros libres y acometida subterr\u00e1nea.<br \/>\n\tCORDON CUNETA Y BADENES \u2013 BARRIO FERRO NUEVO \u2013 SAN SALVADOR: se construir\u00e1n seis cuadras de cord\u00f3n cuneta y badenes en el radio urbano de San Salvador, m\u00e1s precisamente en Barrio Ferro Nuevo.<br \/>\nDESAG\u00dcES PLUVIALES Y CORD\u00d3N CUNETA \u2013 FEDERAL: Esta obra se realizar\u00e1 dentro del radio urbano de la localidad de Federal y se ejecutaran 4 cuadras sobre Calle Antelo (entre Calle Buenos Aires y Calle Lavalle) y 1 cuadra sobre Calle Paran\u00e1 (entre Calle Antelo y Calle 9 de Julio); realiz\u00e1ndose aproximadamente 1.300 metros lineales ce cord\u00f3n cuneta.<br \/>\nOBRAS DE REDES CLOACALES, CONEXIONES DOMICILIARIAS Y REACONDICIONAMIENTO DE ESTACI\u00d3N DE BOMBEO \u2013 COLONIA AYUI: Se ampliar\u00e1n redes cloacales en dos sectores, uno al norte en la zona de calles Av. Roma Norte-San Ram\u00f3n-Los Naranjos y Calle P\u00fablica, y la otra al sur en la Av. Pr\u00f3spero Bovino entre el Municipio y Calle P\u00fablica puesto que se est\u00e1 dando un incremento en las edificaciones y loteos, tambi\u00e9n y ante las numerosas deficiencias hist\u00f3ricas en el funcionamiento de la estaci\u00f3n de bombeo de l\u00edquidos cloacales se requiere de un reemplazo total de la ca\u00f1er\u00eda de impulsi\u00f3n para cubrir una demanda estimada para la zona a desaguar de 2700 habitantes. A tal fin se reemplazar\u00e1 el actual sistema, juntamente con todas las v\u00e1lvulas de retenci\u00f3n y exclusa, como as\u00ed tambi\u00e9n gu\u00edas, ca\u00f1er\u00edas entre bombas y c\u00e1mara de v\u00e1lvulas, tablero el\u00e9ctrico y todo otro accesorio necesario.<br \/>\nTANQUE DE AGUA  &#8211; PERFORACION  \u2013 LA CRIOLLA: se realizar\u00e1 una perforaci\u00f3n y colocaci\u00f3n de tanque de PRFV de 5000 litros que permita un mejor servicio a la comunidad en lo que a suministro de agua potable se refiere.<br \/>\nEn tanto, en Federaci\u00f3n, CAFESG, representado por el vocal de su Directorio oriundo de dicha ciudad, Rub\u00e9n Rastelli, se encuentra trabajando en forma conjunta con el municipio local y otros organismos provinciales en diversos proyectos.<br \/>\nVale mencionar por ejemplo el nuevo edificio de la UADER, contemplando tambi\u00e9n obras de cord\u00f3n cuneta en las manzanas aleda\u00f1as al lugar en que se emplazar\u00e1 dicho edificio, ya que estas viviendas, dado el crecimiento urban\u00edstico de la zona, han quedado ubicadas en el propio centro de la ciudad.<br \/>\nAdem\u00e1s, por pedido del propio Rastelli, se trabaja en la b\u00fasqueda de una soluci\u00f3n definitiva para un problema hist\u00f3rico como es los que se generan en la Calle Porteiro de Flores cuando se ocasionan lluvias intensas contemplando adem\u00e1s  la continuidad de las obras con los desag\u00fces adecuados hasta la terminal de \u00f3mnibus.<\/p>\n","protected":false},"excerpt":{"rendered":"<p>La Comisi\u00f3n Administradora para el Fondo Especial de Salto Grande (CAFESG) tiene en carpeta para los primeros meses de este 2018, un plan de obras con fondos propios, que ronda los 20 millones de pesos y beneficiar\u00e1 a vecinos de las localidades de Feliciano, Colonia Ayu\u00ed, La Criolla, Federal, San Salvador, Villa Dom\u00ednguez y Villa [&hellip;]<\/p>\n","protected":false},"author":5,"featured_media":0,"comment_status":"open","ping_status":"open","sticky":false,"template":"","format":"standard","meta":{"footnotes":""},"categories":[15],"tags":[],"class_list":["post-5637","post","type-post","status-publish","format-standard","hentry","category-noticias"],"_links":{"self":[{"href":"https:\/\/cafesg.gob.ar\/cafesg2\/wp-json\/wp\/v2\/posts\/5637","targetHints":{"allow":["GET"]}}],"collection":[{"href":"https:\/\/cafesg.gob.ar\/cafesg2\/wp-json\/wp\/v2\/posts"}],"about":[{"href":"https:\/\/cafesg.gob.ar\/cafesg2\/wp-json\/wp\/v2\/types\/post"}],"author":[{"embeddable":true,"href":"https:\/\/cafesg.gob.ar\/cafesg2\/wp-json\/wp\/v2\/users\/5"}],"replies":[{"embeddable":true,"href":"https:\/\/cafesg.gob.ar\/cafesg2\/wp-json\/wp\/v2\/comments?post=5637"}],"version-history":[{"count":0,"href":"https:\/\/cafesg.gob.ar\/cafesg2\/wp-json\/wp\/v2\/posts\/5637\/revisions"}],"wp:attachment":[{"href":"https:\/\/cafesg.gob.ar\/cafesg2\/wp-json\/wp\/v2\/media?parent=5637"}],"wp:term":[{"taxonomy":"category","embeddable":true,"href":"https:\/\/cafesg.gob.ar\/cafesg2\/wp-json\/wp\/v2\/categories?post=5637"},{"taxonomy":"post_tag","embeddable":true,"href":"https:\/\/cafesg.gob.ar\/cafesg2\/wp-json\/wp\/v2\/tags?post=5637"}],"curies":[{"name":"wp","href":"https:\/\/api.w.org\/{rel}","templated":true}]}}