 {"id":5633,"date":"2017-12-26T14:32:00","date_gmt":"2017-12-26T17:32:00","guid":{"rendered":"http:\/\/www.cafesg.gob.ar\/web\/?p=5633"},"modified":"2017-12-26T14:32:00","modified_gmt":"2017-12-26T17:32:00","slug":"cafesg-puso-a-disposicion-de-los-charruas-el-tren-turistico-ahora-el-intendente-panozzo-zenere-debera-ponerlo-en-marcha","status":"publish","type":"post","link":"https:\/\/cafesg.gob.ar\/cafesg2\/cafesg-puso-a-disposicion-de-los-charruas-el-tren-turistico-ahora-el-intendente-panozzo-zenere-debera-ponerlo-en-marcha\/","title":{"rendered":"CAFESG puso a disposici\u00f3n de Los Charr\u00faas el Tren Tur\u00edstico, ahora el intendente Panozzo Z\u00e9nere deber\u00e1 ponerlo en marcha"},"content":{"rendered":"<p>La Comisi\u00f3n Administradora para el Fondo Especial de Salto Grande (CAFESG), en el marco de su Programa \u201cFortalecimiento del Turismo en los Gobiernos Locales de la Regi\u00f3n de Salto Grande\u201d, mediante la firma de un Comodato que fue refrendado por el intendente de Los Charr\u00faas, Ariel Panozzo Z\u00e9nere, puso a disposici\u00f3n de esa localidad el primer \u201ctrencito\u201d destinado a incentivar, promocionar y fortalecer el atractivo tur\u00edstico local a partir del patrimonio natural y cultural, as\u00ed como tambi\u00e9n, hacer hincapi\u00e9 en la puesta en valor y aprovechamiento del patrimonio ferroviario existente.<\/p>\n<p>La firma del Comodato se realiz\u00f3 en la ma\u00f1ana de este martes en las instalaciones de CAFESG y participaron de la misma los vocales del Directorio del organismo, Walter Doronzoro, Diego Lascurain y Horacio Giorgio; el intendente de Los Charr\u00faas, Ariel Panozzo Z\u00e9nere, el coordinador general y del coordinador de desarrollo de CAEFSG, Roberto Acu\u00f1a y Eduardo Gutierrez respectivamente. Es importante destacar que Panozzo Zennere se compromet\u00ed\u00f3 a retirar el trencito en el transcurso de esta semana y poner todo en marcha para su puesta en funcionamiento cuanto antes.<\/p>\n<p>El Comodato, establece entre otros puntos un pr\u00e9stamo de uso por dos a\u00f1os, quedando en CAFESG la potestad de su renovaci\u00f3n o no, asimismo estipula que el trencito tur\u00edstico sea conducido por un maquinista habilitado m\u00e1s un acompa\u00f1ante, que la velocidad no sea superior a 20km\/h, que los ni\u00f1os deben viajar acompa\u00f1ados de adultos, que se contrate un seguro, que se mantenga en las condiciones en que fue entregado, entre otras cosas.<\/p>\n<p>Vale la pena recordar que en 2016, con motivo del festejo del 75 Aniversario de Los Charr\u00faas, CAFESG realiz\u00f3 una prueba piloto, poniendo sobre las v\u00edas y en funcionamiento el tren tur\u00edstico, jornada en la cual muchos vecinos pudieron hacer viajes de unos muy simb\u00f3licos cientos de metros, ya que el ferrocarril con su estaci\u00f3n ocupan un lugar preponderante en la historia de la comunidad, debido a que la misma fue el moj\u00f3n alrededor del cual creciera luego la localidad.<\/p>\n<p>En aquella jornada, que anticipaba de alg\u00fan modo la firma de este Comodato de uso, el vocal de CAFESG, Diego Lascurain, tambi\u00e9n presente este martes, dec\u00eda que \u201cfue muy movilizador ver que un tren volvi\u00f3 a llenar la estaci\u00f3n de Los Charr\u00faas, y mucho m\u00e1s presenciar y compartir con los vecinos un viaje muy simb\u00f3lico por lo que representa para la comunidad y para nosotros que so\u00f1\u00e1bamos con este momento, poder brindarle a estos pueblos, desde CAFESG, una herramienta para potenciar el turismo local nos llena de orgullo y satisfacci\u00f3n ya que la g\u00e9nesis del organismo es precisamente ese, fomentar el desarrollo y bienestar de los vecinos de toda la Regi\u00f3n de Salto Grande\u201d.<\/p>\n<p>Los Charr\u00faas, que en 2016 cumpli\u00f3 75 a\u00f1os de vida, naci\u00f3 en el a\u00f1o 1941 a partir de una resoluci\u00f3n del entonces gobernador Enrique Miura, donde se aprobaba el trazado y la creaci\u00f3n de un pueblo en la estaci\u00f3n Los Charr\u00faas del Ferrocarril del Este y que, al no tener nombre propuesto, se le asignaba al poblado el mismo nombre que la estaci\u00f3n. Es f\u00e1cil de imaginar la importancia, desde lo simb\u00f3lico y lo hist\u00f3rico, de que la comunidad hoy cuente con la posibilidad de enriquecer su oferta tur\u00edstica con una herramienta de este tipo.<\/p>\n<p>CAFESG, en forma conjunta con funcionarios de Los Charr\u00faas, pudo en su momento, corroborar que la estaci\u00f3n con sus galpones, espacios verdes y los apeaderos son realmente parte de la historia y la identidad local. Y, por otro lado, se tom\u00f3 contacto con productores locales interesados en recibir visitas tur\u00edsticas en sus establecimientos. Con estos argumentos se elabor\u00f3 una propuesta cultural, recreativa y tur\u00edstica, que da finalmente inicio a esta nueva etapa en la que el intendente deber\u00e1 disponer todo para que los vecinos de los Charr\u00faas puedan explotar el trencito tur\u00edstico.<\/p>\n<p><a href=\"https:\/\/www.cafesg.gob.ar\/cafesg2\/wp-content\/uploads\/2017\/12\/Firma-comodato-tren-Charr\u00faas.jpeg\"><img loading=\"lazy\" decoding=\"async\" class=\"alignnone size-medium wp-image-5634\" src=\"https:\/\/www.cafesg.gob.ar\/cafesg2\/wp-content\/uploads\/2017\/12\/Firma-comodato-tren-Charr\u00faas-300x225.jpeg\" alt=\"Firma comodato tren Charr\u00faas\" width=\"300\" height=\"225\" \/><\/a><\/p>\n","protected":false},"excerpt":{"rendered":"<p>La Comisi\u00f3n Administradora para el Fondo Especial de Salto Grande (CAFESG), en el marco de su Programa \u201cFortalecimiento del Turismo en los Gobiernos Locales de la Regi\u00f3n de Salto Grande\u201d, mediante la firma de un Comodato que fue refrendado por el intendente de Los Charr\u00faas, Ariel Panozzo Z\u00e9nere, puso a disposici\u00f3n de esa localidad el [&hellip;]<\/p>\n","protected":false},"author":5,"featured_media":0,"comment_status":"open","ping_status":"open","sticky":false,"template":"","format":"standard","meta":{"footnotes":""},"categories":[15],"tags":[],"class_list":["post-5633","post","type-post","status-publish","format-standard","hentry","category-noticias"],"_links":{"self":[{"href":"https:\/\/cafesg.gob.ar\/cafesg2\/wp-json\/wp\/v2\/posts\/5633","targetHints":{"allow":["GET"]}}],"collection":[{"href":"https:\/\/cafesg.gob.ar\/cafesg2\/wp-json\/wp\/v2\/posts"}],"about":[{"href":"https:\/\/cafesg.gob.ar\/cafesg2\/wp-json\/wp\/v2\/types\/post"}],"author":[{"embeddable":true,"href":"https:\/\/cafesg.gob.ar\/cafesg2\/wp-json\/wp\/v2\/users\/5"}],"replies":[{"embeddable":true,"href":"https:\/\/cafesg.gob.ar\/cafesg2\/wp-json\/wp\/v2\/comments?post=5633"}],"version-history":[{"count":0,"href":"https:\/\/cafesg.gob.ar\/cafesg2\/wp-json\/wp\/v2\/posts\/5633\/revisions"}],"wp:attachment":[{"href":"https:\/\/cafesg.gob.ar\/cafesg2\/wp-json\/wp\/v2\/media?parent=5633"}],"wp:term":[{"taxonomy":"category","embeddable":true,"href":"https:\/\/cafesg.gob.ar\/cafesg2\/wp-json\/wp\/v2\/categories?post=5633"},{"taxonomy":"post_tag","embeddable":true,"href":"https:\/\/cafesg.gob.ar\/cafesg2\/wp-json\/wp\/v2\/tags?post=5633"}],"curies":[{"name":"wp","href":"https:\/\/api.w.org\/{rel}","templated":true}]}}