 {"id":5623,"date":"2017-12-05T20:37:02","date_gmt":"2017-12-05T23:37:02","guid":{"rendered":"http:\/\/www.cafesg.gob.ar\/web\/?p=5623"},"modified":"2017-12-05T20:37:02","modified_gmt":"2017-12-05T23:37:02","slug":"el-directorio-de-cafesg-reconocio-a-deportistas-especiales-de-su-escuelita-de-bochas","status":"publish","type":"post","link":"https:\/\/cafesg.gob.ar\/cafesg2\/el-directorio-de-cafesg-reconocio-a-deportistas-especiales-de-su-escuelita-de-bochas\/","title":{"rendered":"El Directorio de CAFESG reconoci\u00f3 a deportistas especiales de su Escuelita de Bochas"},"content":{"rendered":"<p>En la ma\u00f1ana del martes en el sal\u00f3n de actos de la Comisi\u00f3n Administradora para el Fondo Especial de Salto Grande (CAFESG) el Directorio del organismo entreg\u00f3 distinciones a cuatro boch\u00f3filos con capacidades especiales, que se consagraron en el Campeonato Argentino de R\u00edo Negro disputado los primeros d\u00edas de este mes y podr\u00edan llegar al mundial de Arabia en 2019 si les dan los cupos.<\/p>\n<p>Los cuatro deportistas destacados, Alejandro Silveira, Mar\u00eda Itat\u00ed \u201cTati\u201d Etcheverry (dupla Campeona) y Pablo Carmona, Cristian Rodr\u00edguez (dupla Subcampeona) pertenecen a la Escuelita de Bochas que lleva adelante CAFESG y que cuenta como entrenador a quien es adem\u00e1s el coordinador de discapacidad del mencionado organismo, Ricardo Lagra\u00f1a.<\/p>\n<p>Los miembros del Directorio de CAFESG, Walter Doronzoro, Diego Lascurain, Oscar Colombo, Horacio Giorgio y Rub\u00e9n Rastelli hicieron entrega simb\u00f3lica de trofeos a los deportistas, quienes luc\u00edan con orgullo en sus pechos las medallas logradas en la competici\u00f3n Nacional.<\/p>\n<p>La Escuelita de Bochas, que funciona en el Club Alumni gracias a la gentileza de su Comisi\u00f3n Directiva, especialmente el se\u00f1or Dario Morilla que no solo brind\u00f3 las instalaciones sino que en un principio tambi\u00e9n ced\u00eda las bochas de entrenamiento, se lleva adelante con la colaboraci\u00f3n de Olimp\u00edadas Especiales Argentina, entidad con la que CAFESG ha realizado numerosas actividades para personas con capacidades diferentes y que tiene a Luis Vel\u00e1zquez como su representante en Concordia.<\/p>\n<p>Alejandro Silveira, uno de los deportistas distinguidos, manifest\u00f3 sentirse \u201cmuy orgulloso\u201d por el logro conseguido, y explic\u00f3 que en el torneo \u201ceran siete grupos de tres equipos cada uno y la final se la ganamos a Neuqu\u00e9n y salimos campeones\u201d, adem\u00e1s confes\u00f3 sentirse \u201cmuy tranquilo durante el torneo y con una gran alegr\u00eda luego de ganarlo\u201d.<\/p>\n<p>Alejandro relat\u00f3 que \u201cdespu\u00e9s de haber jugado en torneos comerciales, hace tres meses el profesor Ricardo Lagra\u00f1a me cit\u00f3 y empezamos a entrenar, y ahora ya sal\u00ed campe\u00f3n nacional y estamos esperando Arabia en el a\u00f1o 2019 cu\u00e1ntos cupos van a dar para ir al mundial, que tenemos muchas ganas de ir\u201d finaliz\u00f3 el boch\u00f3filo campe\u00f3n nacional.<\/p>\n<p>Por su parte, en el acto de entrega, el vocal de CAFESG, Diego Lascurain, destac\u00f3 la labor de quienes llevan adelante la escuelita de Bochas y reconoci\u00f3 adem\u00e1s \u201cel acompa\u00f1amiento de las familias, un pilar fundamental cuando se trata de personas con capacidades diferentes\u201d.<\/p>\n<p>Lascurain se\u00f1al\u00f3 adem\u00e1s que \u201cestos logros siempre contagian y animan a m\u00e1s personas a participar, por lo cu\u00e1l es mi deseo personal y el de todo CAFESG, que podamos seguir haciendo este tipo de reconocimientos y que cada vez sean m\u00e1s los premiados, aunque el valor fundamental de esto ya est\u00e1 impl\u00edcito en el hecho de realizar una tarea, en este caso un deporte, en grupo, que les da vida social e integraci\u00f3n\u201d.<\/p>\n<p>Ricardo Lagra\u00f1a, coordinador de discapacidad de CAFESG, es tambi\u00e9n el instructor de la escuela de bochas a la que asisten los chicos, respecto al surgimiento de la misma relat\u00f3 que \u201cCAFESG tiene un acuerdo con Olimp\u00edadas Especiales Argentina, instituci\u00f3n con la cual hemos realizado muchas actividades, como la liga de f\u00fatbol y una mini olimpiada de atletismo entre otras, todo para chicos especiales de la regi\u00f3n de Salto Grande, pero nos faltaba algo para aquellos chicos que no pueden correr mucho ni tener desgaste f\u00edsico, as\u00ed que surgi\u00f3 la escuela de bochas, la iniciamos hace tres meses, en su mayor\u00eda con chicos de AIADRES, una instituci\u00f3n de nuestra ciudad para chicos especiales\u201d.<\/p>\n<p>\u201cEmpezamos fuerte con eso\u201d continu\u00f3 Lagra\u00f1a, \u201chicimos torneos locales, y al poco tiempo nos lleg\u00f3 la invitaci\u00f3n para el nacional que se hac\u00eda en R\u00edo Negro, los chicos se entusiasmaron mucho porque hac\u00eda poco que hab\u00edamos empezado y ya pod\u00edamos ir a competir a otro nivel, as\u00ed que se trabaj\u00f3 con ese fin y pudieron viajar las dos parejas que hab\u00edan clasificado de nuestro torneo local, tristemente no los pude acompa\u00f1ar por compromisos institucionales, pero fueron con el profesor Luis Vel\u00e1zquez de Olimp\u00edadas Especiales Argentina\u201d.<\/p>\n<p>Lagra\u00f1a confes\u00f3 sentise \u201cmuy contento por los chicos y esperamos tener cada vez m\u00e1s practicando estas actividades en el pr\u00f3ximo a\u00f1o\u201d.<\/p>\n<p>Por \u00faltimo expres\u00f3 un \u201cagradecimiento especial al Directorio de CAFESG, porque cada vez que he venido con una inquietud o una iniciativa he recibido respuestas favorables y sin ese apoyo es muy dif\u00edcil conseguir que estas cosas funcionen y permanezcan en el tiempo\u201d finaliz\u00f3 Lagra\u00f1a.<\/p>\n<p><a href=\"https:\/\/www.cafesg.gob.ar\/cafesg2\/wp-content\/uploads\/2017\/12\/Bochas-1.jpeg\"><img loading=\"lazy\" decoding=\"async\" class=\"alignnone size-medium wp-image-5624\" src=\"https:\/\/www.cafesg.gob.ar\/cafesg2\/wp-content\/uploads\/2017\/12\/Bochas-1-300x225.jpeg\" alt=\"Bochas 1\" width=\"300\" height=\"225\" \/><\/a> <a href=\"https:\/\/www.cafesg.gob.ar\/cafesg2\/wp-content\/uploads\/2017\/12\/Bochas-2.jpeg\"><img loading=\"lazy\" decoding=\"async\" class=\"alignnone size-medium wp-image-5625\" src=\"https:\/\/www.cafesg.gob.ar\/cafesg2\/wp-content\/uploads\/2017\/12\/Bochas-2-300x225.jpeg\" alt=\"Bochas 2\" width=\"300\" height=\"225\" \/><\/a> <a href=\"https:\/\/www.cafesg.gob.ar\/cafesg2\/wp-content\/uploads\/2017\/12\/Bochas-3.jpeg\"><img loading=\"lazy\" decoding=\"async\" class=\"alignnone size-medium wp-image-5626\" src=\"https:\/\/www.cafesg.gob.ar\/cafesg2\/wp-content\/uploads\/2017\/12\/Bochas-3-300x225.jpeg\" alt=\"Bochas 3\" width=\"300\" height=\"225\" \/><\/a> <a href=\"https:\/\/www.cafesg.gob.ar\/cafesg2\/wp-content\/uploads\/2017\/12\/Bochas-4.jpeg\"><img loading=\"lazy\" decoding=\"async\" class=\"alignnone size-medium wp-image-5627\" src=\"https:\/\/www.cafesg.gob.ar\/cafesg2\/wp-content\/uploads\/2017\/12\/Bochas-4-225x300.jpeg\" alt=\"Bochas 4\" width=\"225\" height=\"300\" \/><\/a> <a href=\"https:\/\/www.cafesg.gob.ar\/cafesg2\/wp-content\/uploads\/2017\/12\/Bochas-5.jpeg\"><img loading=\"lazy\" decoding=\"async\" class=\"alignnone size-medium wp-image-5628\" src=\"https:\/\/www.cafesg.gob.ar\/cafesg2\/wp-content\/uploads\/2017\/12\/Bochas-5-225x300.jpeg\" alt=\"Bochas 5\" width=\"225\" height=\"300\" \/><\/a> <a href=\"https:\/\/www.cafesg.gob.ar\/cafesg2\/wp-content\/uploads\/2017\/12\/Bochas-6.jpeg\"><img loading=\"lazy\" decoding=\"async\" class=\"alignnone size-medium wp-image-5629\" src=\"https:\/\/www.cafesg.gob.ar\/cafesg2\/wp-content\/uploads\/2017\/12\/Bochas-6-225x300.jpeg\" alt=\"Bochas 6\" width=\"225\" height=\"300\" \/><\/a> <a href=\"https:\/\/www.cafesg.gob.ar\/cafesg2\/wp-content\/uploads\/2017\/12\/Bochas-7.jpeg\"><img loading=\"lazy\" decoding=\"async\" class=\"alignnone size-medium wp-image-5630\" src=\"https:\/\/www.cafesg.gob.ar\/cafesg2\/wp-content\/uploads\/2017\/12\/Bochas-7-225x300.jpeg\" alt=\"Bochas 7\" width=\"225\" height=\"300\" \/><\/a><\/p>\n","protected":false},"excerpt":{"rendered":"<p>En la ma\u00f1ana del martes en el sal\u00f3n de actos de la Comisi\u00f3n Administradora para el Fondo Especial de Salto Grande (CAFESG) el Directorio del organismo entreg\u00f3 distinciones a cuatro boch\u00f3filos con capacidades especiales, que se consagraron en el Campeonato Argentino de R\u00edo Negro disputado los primeros d\u00edas de este mes y podr\u00edan llegar al [&hellip;]<\/p>\n","protected":false},"author":5,"featured_media":0,"comment_status":"open","ping_status":"open","sticky":false,"template":"","format":"standard","meta":{"footnotes":""},"categories":[15],"tags":[],"class_list":["post-5623","post","type-post","status-publish","format-standard","hentry","category-noticias"],"_links":{"self":[{"href":"https:\/\/cafesg.gob.ar\/cafesg2\/wp-json\/wp\/v2\/posts\/5623","targetHints":{"allow":["GET"]}}],"collection":[{"href":"https:\/\/cafesg.gob.ar\/cafesg2\/wp-json\/wp\/v2\/posts"}],"about":[{"href":"https:\/\/cafesg.gob.ar\/cafesg2\/wp-json\/wp\/v2\/types\/post"}],"author":[{"embeddable":true,"href":"https:\/\/cafesg.gob.ar\/cafesg2\/wp-json\/wp\/v2\/users\/5"}],"replies":[{"embeddable":true,"href":"https:\/\/cafesg.gob.ar\/cafesg2\/wp-json\/wp\/v2\/comments?post=5623"}],"version-history":[{"count":0,"href":"https:\/\/cafesg.gob.ar\/cafesg2\/wp-json\/wp\/v2\/posts\/5623\/revisions"}],"wp:attachment":[{"href":"https:\/\/cafesg.gob.ar\/cafesg2\/wp-json\/wp\/v2\/media?parent=5623"}],"wp:term":[{"taxonomy":"category","embeddable":true,"href":"https:\/\/cafesg.gob.ar\/cafesg2\/wp-json\/wp\/v2\/categories?post=5623"},{"taxonomy":"post_tag","embeddable":true,"href":"https:\/\/cafesg.gob.ar\/cafesg2\/wp-json\/wp\/v2\/tags?post=5623"}],"curies":[{"name":"wp","href":"https:\/\/api.w.org\/{rel}","templated":true}]}}