 {"id":5618,"date":"2017-11-30T21:02:03","date_gmt":"2017-12-01T00:02:03","guid":{"rendered":"http:\/\/www.cafesg.gob.ar\/web\/?p=5618"},"modified":"2017-11-30T21:02:03","modified_gmt":"2017-12-01T00:02:03","slug":"cafesg-dio-a-conocer-el-cronograma-de-ferias-itinerantes-de-la-megless-para-diciembre","status":"publish","type":"post","link":"https:\/\/cafesg.gob.ar\/cafesg2\/cafesg-dio-a-conocer-el-cronograma-de-ferias-itinerantes-de-la-megless-para-diciembre\/","title":{"rendered":"CAFESG dio a conocer el cronograma de Ferias Itinerantes de la MeGLESS para Diciembre"},"content":{"rendered":"<p><em>Es un espacio de gesti\u00f3n y coordinaci\u00f3n de pol\u00edticas p\u00fablicas que fomenta la cooperaci\u00f3n\u00a0<\/em><\/p>\n<p>La MeGLESS cuenta con m\u00e1s de 5 a\u00f1os de trabajo ininterrumpido y consiste es un espacio de gesti\u00f3n y coordinaci\u00f3n de pol\u00edticas p\u00fablicas llevado adelante por t\u00e9cnicos de instituciones con presencia en la Regi\u00f3n: la Comisi\u00f3n Administradora para el Fondo Especial de Salto Grande (CAFESG), la Municipalidad de Concordia, el Instituto de Control de Alimentaci\u00f3n y Bromatolog\u00eda (ICAB), el Instituto Nacional de Tecnolog\u00eda Agropecuaria (INTA), el Instituto Nacional de Tecnolog\u00eda Industrial (INTI) y la Secretar\u00eda de Agricultura Familiar de la Naci\u00f3n (SAF).<\/p>\n<p>El objetivo de la Mesa es fortalecer y acompa\u00f1ar las experiencias de la econom\u00eda popular para la promoci\u00f3n de la econom\u00eda social y solidaria, que se diferencia de la econom\u00eda mercantilista o capitalista por ser un movimiento socioecon\u00f3mico basado en valores y principios, orientado hacia la construcci\u00f3n de una econom\u00eda centrada en las personas, su desarrollo integral y el fomento de pr\u00e1cticas de cooperaci\u00f3n y solidaridad.<\/p>\n<p>En este marco, durante todo el a\u00f1o se llevan adelante diferentes Ferias Itinerantes que buscan fomentar la venta de productos alimenticios locales as\u00ed como productos de la econom\u00eda social como son artesan\u00edas, textiles, plantas, etc.<\/p>\n<p>A continuaci\u00f3n se detalla el cronograma de Ferias, con sus d\u00edas, horarios y lugares durante el mes de diciembre.<\/p>\n<p><strong>Martes 05\/12 (1\u00ba martes del mes): <\/strong><\/p>\n<p>Feria itinerante de producci\u00f3n local de alimentos (frutas y verduras frescas de estaci\u00f3n, huevos de campo, pescados de r\u00edo, panificados, miel, especias, plantas arom\u00e1ticas y ornamentales).<\/p>\n<p>Lugar: <strong>Barrio San Agustin \/ Luz y fuerza<\/strong>. Plazoleta Smith, Calles Chabrillon esquina\u00a0 Chajar\u00ed.<\/p>\n<p>Horario: de 8:30 a 12:30 hs.<\/p>\n<p>&nbsp;<\/p>\n<p><strong>S\u00e1bado 09\/12 (2\u00ba s\u00e1bado del mes):<\/strong><\/p>\n<p>Feria popular de la econom\u00eda social (todos los rubros: Alimentos, \u00a0artesan\u00edas, manualidades, textiles, etc.).<\/p>\n<p>Lugar: <strong>Peatonal \u201cPaseo del Bicentenario<\/strong>\u201d en frente a la Plaza 25 de Mayo x calle Mitre).<\/p>\n<p>Horario: de 9 a 20 hs.<\/p>\n<p>&nbsp;<\/p>\n<p><strong>Martes 12\/12 (2\u00ba martes del mes): <\/strong><\/p>\n<p>Feria itinerante de producci\u00f3n local de alimentos (frutas y verduras frescas de estaci\u00f3n, huevos de campo, pescados de r\u00edo, panificados, miel, especias, plantas arom\u00e1ticas y ornamentales).<\/p>\n<p>Lugar: <strong>Barrio Constituci\u00f3n<\/strong>. Centro de Salud, Calle 2 de abril 2029.<\/p>\n<p>Horario: de 8:30 a 12:30 hs.<\/p>\n<p>&nbsp;<\/p>\n<p><strong>Martes 19\/12 (todos los 19 de cada mes):<\/strong><\/p>\n<p>Feria popular de la econom\u00eda social (todos los rubros: Alimentos, \u00a0artesan\u00edas, manualidades, textiles, etc.).<\/p>\n<p>Lugar: <strong>Plaza Espa\u00f1a<\/strong>, (sobre calle Alvear).<\/p>\n<p>Horario: de 9 a 20 hs.<\/p>\n<p>&nbsp;<\/p>\n<p><strong>Martes 19\/12 (3\u00ba martes del mes): <\/strong><\/p>\n<p>Feria itinerante de producci\u00f3n local de alimentos (frutas y verduras frescas de estaci\u00f3n, huevos de campo, pescados de r\u00edo, panificados, miel, especias, plantas arom\u00e1ticas y ornamentales).<\/p>\n<p>Lugar: <strong>Barrio Lezca,<\/strong> Plaza Zorraquin. (sobre calle Damian P. Garat).<\/p>\n<p>Horario: de 8:30 a 12:30 hs.<\/p>\n<p>&nbsp;<\/p>\n<p><strong>Martes 26\/12 (4\u00ba martes del mes):<\/strong><\/p>\n<p>Feria itinerante de producci\u00f3n local de alimentos (frutas y verduras frescas de estaci\u00f3n, huevos de campo, pescados de r\u00edo, panificados, miel, especias, plantas arom\u00e1ticas y ornamentales).<\/p>\n<p>Lugar: <strong>Barrio Pompeya<\/strong>, Parque Ferr\u00e9. (sobre calle Velez Sarsfield).<\/p>\n<p>Horario: de 8:30 a 12:30 hs.<\/p>\n<p><a href=\"https:\/\/www.cafesg.gob.ar\/cafesg2\/wp-content\/uploads\/2017\/11\/MeGLESS-1.jpeg\"><img loading=\"lazy\" decoding=\"async\" class=\"alignnone size-medium wp-image-5619\" src=\"https:\/\/www.cafesg.gob.ar\/cafesg2\/wp-content\/uploads\/2017\/11\/MeGLESS-1-300x200.jpeg\" alt=\"MeGLESS 1\" width=\"300\" height=\"200\" \/><\/a> <a href=\"https:\/\/www.cafesg.gob.ar\/cafesg2\/wp-content\/uploads\/2017\/11\/MeGLESS-2.jpeg\"><img loading=\"lazy\" decoding=\"async\" class=\"alignnone size-medium wp-image-5620\" src=\"https:\/\/www.cafesg.gob.ar\/cafesg2\/wp-content\/uploads\/2017\/11\/MeGLESS-2-300x200.jpeg\" alt=\"MeGLESS 2\" width=\"300\" height=\"200\" \/><\/a><\/p>\n","protected":false},"excerpt":{"rendered":"<p>Es un espacio de gesti\u00f3n y coordinaci\u00f3n de pol\u00edticas p\u00fablicas que fomenta la cooperaci\u00f3n\u00a0 La MeGLESS cuenta con m\u00e1s de 5 a\u00f1os de trabajo ininterrumpido y consiste es un espacio de gesti\u00f3n y coordinaci\u00f3n de pol\u00edticas p\u00fablicas llevado adelante por t\u00e9cnicos de instituciones con presencia en la Regi\u00f3n: la Comisi\u00f3n Administradora para el Fondo Especial [&hellip;]<\/p>\n","protected":false},"author":5,"featured_media":0,"comment_status":"open","ping_status":"open","sticky":false,"template":"","format":"standard","meta":{"footnotes":""},"categories":[15],"tags":[],"class_list":["post-5618","post","type-post","status-publish","format-standard","hentry","category-noticias"],"_links":{"self":[{"href":"https:\/\/cafesg.gob.ar\/cafesg2\/wp-json\/wp\/v2\/posts\/5618","targetHints":{"allow":["GET"]}}],"collection":[{"href":"https:\/\/cafesg.gob.ar\/cafesg2\/wp-json\/wp\/v2\/posts"}],"about":[{"href":"https:\/\/cafesg.gob.ar\/cafesg2\/wp-json\/wp\/v2\/types\/post"}],"author":[{"embeddable":true,"href":"https:\/\/cafesg.gob.ar\/cafesg2\/wp-json\/wp\/v2\/users\/5"}],"replies":[{"embeddable":true,"href":"https:\/\/cafesg.gob.ar\/cafesg2\/wp-json\/wp\/v2\/comments?post=5618"}],"version-history":[{"count":0,"href":"https:\/\/cafesg.gob.ar\/cafesg2\/wp-json\/wp\/v2\/posts\/5618\/revisions"}],"wp:attachment":[{"href":"https:\/\/cafesg.gob.ar\/cafesg2\/wp-json\/wp\/v2\/media?parent=5618"}],"wp:term":[{"taxonomy":"category","embeddable":true,"href":"https:\/\/cafesg.gob.ar\/cafesg2\/wp-json\/wp\/v2\/categories?post=5618"},{"taxonomy":"post_tag","embeddable":true,"href":"https:\/\/cafesg.gob.ar\/cafesg2\/wp-json\/wp\/v2\/tags?post=5618"}],"curies":[{"name":"wp","href":"https:\/\/api.w.org\/{rel}","templated":true}]}}