 {"id":5609,"date":"2017-11-27T17:34:19","date_gmt":"2017-11-27T20:34:19","guid":{"rendered":"http:\/\/www.cafesg.gob.ar\/web\/?p=5609"},"modified":"2017-11-27T17:34:19","modified_gmt":"2017-11-27T20:34:19","slug":"sensibilizadores-ambientales-de-cafesg-concretaron-jornada-ambiental-de-ecocanje-en-barrio-coelho","status":"publish","type":"post","link":"https:\/\/cafesg.gob.ar\/cafesg2\/sensibilizadores-ambientales-de-cafesg-concretaron-jornada-ambiental-de-ecocanje-en-barrio-coelho\/","title":{"rendered":"Sensibilizadores Ambientales de CAFESG concretaron Jornada Ambiental de ECOCANJE en barrio Coelho"},"content":{"rendered":"<p>Bajo la consigna \u201cPara contribuir en la limpieza de nuestro barrio\u201d se realiz\u00f3 este jueves la\u00a0 1ra. Jornada Ambiental de Ecocanje en barrio Coelho de la ciudad de Concordia, la misma fue organizada por el programa \u201cSensibilizadores Ambientales\u201d de la Comisi\u00f3n Administradora para el Fondo Especial de Salto Grande (CAFESG), en forma conjunta a la Municipalidad de Concordia a trav\u00e9s de la unidad de Desarrollo Ambiental, Facultad de Ciencias de la Alimentaci\u00f3n de la Universidad Nacional de Entre R\u00edos (UNER), Junta de Gobierno de Estaci\u00f3n Yuquer\u00ed, INTA, MeGLESS y la Escuela N\u00ba 38 Luis Palma.<\/p>\n<p>El ECOCANJE se realiz\u00f3 frente al play\u00f3n deportivo del barrio y convocaba a los vecinos a sumarse a los Talleres Ambientales, con una excelente respuesta de parte de los mismos, reflejando una vez m\u00e1s la disposici\u00f3n de la comunidad en ser part\u00edcipes de un cambio ambiental en su entorno. Tal fue as\u00ed que durante la jornada se pudieron recolectar m\u00e1s de seiscientas botellas de pl\u00e1stico.<\/p>\n<p>La din\u00e1mica consist\u00eda en que los vecinos se acercaran al play\u00f3n con cinco botellas pl\u00e1sticas limpias, sin etiquetas, y las canjearan por plantines, bolsas, se\u00f1aladores, juegos para chicos, llaveros, semillas o regalos ecol\u00f3gicos. Esto permite adem\u00e1s, que los vecinos identifiquen el lugar donde quedar\u00e1 de manera permanente el Punto limpio, para que de all\u00ed en m\u00e1s puedan concurrir al lugar y depositar all\u00ed las botellas pl\u00e1sticas en lugar de tirarlas o mezclarlas con otro tipo de basura.<\/p>\n<p>El punto limpio de barrio Coelho fue establecido luego de reuniones previas con personal de la Junta de Gobierno, vecinos, personal de la escuela Luis Palma, y tambi\u00e9n para ver qui\u00e9n ser\u00e1 el vecino que cuide de aqu\u00ed en m\u00e1s ese punto limpio. El cuidado del mismo implica que ese vecino, queda con la guarda de cuatro bolsones, uno puesto en el punto limpio donde los dem\u00e1s vecinos llevar\u00e1n las botellas, y tres para rotar cuando los bolsones se van llenando. A los bolsones llenos los lleva a su casa, y una vez que tiene dos o tres completos, da aviso a la Municipalidad de Concordia que pasa a retirarlos, y dispone la reutilizaci\u00f3n o venta de los envases pl\u00e1sticos.<\/p>\n<p>Cabe destacar que personal de CAFESG visita previamente al d\u00eda de la jornada a cada una de las familias del barrio para contarles lo que ser\u00e1 la experiencia, y adem\u00e1s para ir generando conciencia ecol\u00f3gica y la importancia de tirar all\u00ed las botellas para mantener m\u00e1s limpio su barrio, este trabajo, sumado a talleres que se dictan durante la jornada, permite que luego los vecinos sigan utilizando el punto limpio y puedan sanear en alg\u00fan sentido su barrio.<\/p>\n<p>Respecto de los talleres, durante la Jornada Ambiental, tanto la Municipalidad de Concordia como MeGLESS pudieron explicarles a los chicos en la escuela como a los adultos en el punto limpio, todo acerca de la reutilizaci\u00f3n y reciclado del pl\u00e1stico, as\u00ed como las diferentes opciones de reutilizaci\u00f3n dom\u00e9stica de las botellas, que puede ir desde macetas hasta juguetes para chicos.<\/p>\n<p>Cabe destacar que esta experiencia se repite y est\u00e1 en funcionamiento en varias localidades de la Regi\u00f3n de Salto Grande.<\/p>\n<p><a href=\"https:\/\/www.cafesg.gob.ar\/cafesg2\/wp-content\/uploads\/2017\/11\/Ecocanje-Coelho-1.jpeg\"><img loading=\"lazy\" decoding=\"async\" class=\"alignnone size-medium wp-image-5610\" src=\"https:\/\/www.cafesg.gob.ar\/cafesg2\/wp-content\/uploads\/2017\/11\/Ecocanje-Coelho-1-300x224.jpeg\" alt=\"Ecocanje Coelho 1\" width=\"300\" height=\"224\" \/><\/a> <a href=\"https:\/\/www.cafesg.gob.ar\/cafesg2\/wp-content\/uploads\/2017\/11\/Ecocanje-Coelho-2.jpeg\"><img loading=\"lazy\" decoding=\"async\" class=\"alignnone size-medium wp-image-5611\" src=\"https:\/\/www.cafesg.gob.ar\/cafesg2\/wp-content\/uploads\/2017\/11\/Ecocanje-Coelho-2-300x224.jpeg\" alt=\"Ecocanje Coelho 2\" width=\"300\" height=\"224\" \/><\/a> <a href=\"https:\/\/www.cafesg.gob.ar\/cafesg2\/wp-content\/uploads\/2017\/11\/Ecocanje-Coelho-3.jpeg\"><img loading=\"lazy\" decoding=\"async\" class=\"alignnone size-medium wp-image-5612\" src=\"https:\/\/www.cafesg.gob.ar\/cafesg2\/wp-content\/uploads\/2017\/11\/Ecocanje-Coelho-3-168x300.jpeg\" alt=\"Ecocanje Coelho 3\" width=\"168\" height=\"300\" \/><\/a> <a href=\"https:\/\/www.cafesg.gob.ar\/cafesg2\/wp-content\/uploads\/2017\/11\/Ecocanje-Coelho-4.jpeg\"><img loading=\"lazy\" decoding=\"async\" class=\"alignnone size-medium wp-image-5613\" src=\"https:\/\/www.cafesg.gob.ar\/cafesg2\/wp-content\/uploads\/2017\/11\/Ecocanje-Coelho-4-300x168.jpeg\" alt=\"Ecocanje Coelho 4\" width=\"300\" height=\"168\" \/><\/a> <a href=\"https:\/\/www.cafesg.gob.ar\/cafesg2\/wp-content\/uploads\/2017\/11\/Ecocanje-Coelho-5.jpeg\"><img loading=\"lazy\" decoding=\"async\" class=\"alignnone size-medium wp-image-5614\" src=\"https:\/\/www.cafesg.gob.ar\/cafesg2\/wp-content\/uploads\/2017\/11\/Ecocanje-Coelho-5-300x168.jpeg\" alt=\"Ecocanje Coelho 5\" width=\"300\" height=\"168\" \/><\/a> <a href=\"https:\/\/www.cafesg.gob.ar\/cafesg2\/wp-content\/uploads\/2017\/11\/Ecocanje-Coelho-6.jpeg\"><img loading=\"lazy\" decoding=\"async\" class=\"alignnone size-medium wp-image-5615\" src=\"https:\/\/www.cafesg.gob.ar\/cafesg2\/wp-content\/uploads\/2017\/11\/Ecocanje-Coelho-6-300x168.jpeg\" alt=\"Ecocanje Coelho 6\" width=\"300\" height=\"168\" \/><\/a> <a href=\"https:\/\/www.cafesg.gob.ar\/cafesg2\/wp-content\/uploads\/2017\/11\/Ecocanje-Coelho-7.jpeg\"><img loading=\"lazy\" decoding=\"async\" class=\"alignnone size-medium wp-image-5616\" src=\"https:\/\/www.cafesg.gob.ar\/cafesg2\/wp-content\/uploads\/2017\/11\/Ecocanje-Coelho-7-300x168.jpeg\" alt=\"Ecocanje Coelho 7\" width=\"300\" height=\"168\" \/><\/a><\/p>\n","protected":false},"excerpt":{"rendered":"<p>Bajo la consigna \u201cPara contribuir en la limpieza de nuestro barrio\u201d se realiz\u00f3 este jueves la\u00a0 1ra. Jornada Ambiental de Ecocanje en barrio Coelho de la ciudad de Concordia, la misma fue organizada por el programa \u201cSensibilizadores Ambientales\u201d de la Comisi\u00f3n Administradora para el Fondo Especial de Salto Grande (CAFESG), en forma conjunta a la [&hellip;]<\/p>\n","protected":false},"author":5,"featured_media":0,"comment_status":"open","ping_status":"open","sticky":false,"template":"","format":"standard","meta":{"footnotes":""},"categories":[15],"tags":[],"class_list":["post-5609","post","type-post","status-publish","format-standard","hentry","category-noticias"],"_links":{"self":[{"href":"https:\/\/cafesg.gob.ar\/cafesg2\/wp-json\/wp\/v2\/posts\/5609","targetHints":{"allow":["GET"]}}],"collection":[{"href":"https:\/\/cafesg.gob.ar\/cafesg2\/wp-json\/wp\/v2\/posts"}],"about":[{"href":"https:\/\/cafesg.gob.ar\/cafesg2\/wp-json\/wp\/v2\/types\/post"}],"author":[{"embeddable":true,"href":"https:\/\/cafesg.gob.ar\/cafesg2\/wp-json\/wp\/v2\/users\/5"}],"replies":[{"embeddable":true,"href":"https:\/\/cafesg.gob.ar\/cafesg2\/wp-json\/wp\/v2\/comments?post=5609"}],"version-history":[{"count":0,"href":"https:\/\/cafesg.gob.ar\/cafesg2\/wp-json\/wp\/v2\/posts\/5609\/revisions"}],"wp:attachment":[{"href":"https:\/\/cafesg.gob.ar\/cafesg2\/wp-json\/wp\/v2\/media?parent=5609"}],"wp:term":[{"taxonomy":"category","embeddable":true,"href":"https:\/\/cafesg.gob.ar\/cafesg2\/wp-json\/wp\/v2\/categories?post=5609"},{"taxonomy":"post_tag","embeddable":true,"href":"https:\/\/cafesg.gob.ar\/cafesg2\/wp-json\/wp\/v2\/tags?post=5609"}],"curies":[{"name":"wp","href":"https:\/\/api.w.org\/{rel}","templated":true}]}}