 {"id":5594,"date":"2017-10-30T20:34:01","date_gmt":"2017-10-30T23:34:01","guid":{"rendered":"http:\/\/www.cafesg.gob.ar\/web\/?p=5594"},"modified":"2017-10-30T20:34:01","modified_gmt":"2017-10-30T23:34:01","slug":"cafesg-desarrollo-talleres-ambientales-sociales-en-san-jose","status":"publish","type":"post","link":"https:\/\/cafesg.gob.ar\/cafesg2\/cafesg-desarrollo-talleres-ambientales-sociales-en-san-jose\/","title":{"rendered":"CAFESG DESARROLL\u00d3 TALLERES AMBIENTALES SOCIALES EN SAN JOS\u00c9"},"content":{"rendered":"<p>La Comisi\u00f3n Administradora para el Fondo Especial de Salto Grande (CAFESG) a trav\u00e9s de su \u00e1rea de\u00a0 Desarrollo llev\u00f3 adelante en la localidad de San Jos\u00e9, departamento Col\u00f3n, cinco talleres ambientales sociales enfocados en la tem\u00e1tica de Residuos s\u00f3lidos urbanos, Fabricaci\u00f3n de composteras domiciliarias, Ecosistemas urbanos saludables, Microemprendimientos con productos reciclados reutilizables, Kioscos saludables y Turismo y Ambiente.<\/p>\n<p>Los mencionados talleres est\u00e1n destinados a docentes de nivel inicial, primario y secundario. Los organizadores de los mismos quedaron m\u00e1s que satisfechos con esta experiencia ya que participaron de los mismos m\u00e1s de 130 docentes, un n\u00famero m\u00e1s que importante si se tiene en cuenta la poblaci\u00f3n de la localidad mencionada.<\/p>\n<p>Los docentes elaboraran un proyecto educativo ambiental social en la tem\u00e1tica de Residuos s\u00f3lidos urbanos con la consigna de\u00a0 mejorar un problema comunitario. La\u00a0 entrega y presentaci\u00f3n de los proyectos estar\u00e1 a cargo de dos alumnos y un docente y se realizar\u00e1 en el mes de abril de 2018.<\/p>\n<p>El Objetivo General de los talleres fue capacitar a los docentes en temas relacionados a los Residuos S\u00f3lidos Urbanos, con especial \u00e9nfasis en la transmisi\u00f3n de herramientas did\u00e1cticas que permitan la ense\u00f1anza de los conceptos de la disciplina en cualquier espacio curricular de nivel inicial, primario y secundario de la educaci\u00f3n.<\/p>\n<p>Es bueno recordar que el mencionado Programa fue declarado de Inter\u00e9s Legislativo por la C\u00e1mara de Senadores de la provincia de Entre R\u00edos.<\/p>\n<p>Dentro de los objetivos espec\u00edficos de los talleres se busca, a nivel comunitario, establecer la discusi\u00f3n sobre este problema en las comunidades educativas a la vez que se les brindan posibles soluciones y generar v\u00ednculos en la comunidad.<\/p>\n<p>Asimismo, a nivel pedag\u00f3gico, se busca fomentar el estudio de la relaci\u00f3n medio ambiente salud, desde una experiencia real y actual, donde los docentes deban hacer frente a los posibles inconvenientes que puede conllevar el desarrollo de un proyecto \u00e1ulico.<\/p>\n<p>Uno de los objetivos tambi\u00e9n apunta a fortalecer v\u00ednculos interdisciplinarios e interinstitucionales.<\/p>\n<p>Junto al \u00e1rea de Desarrollo de CAFESG participaron la municipalidad de san Jos\u00e9, UTN regional Concordia, Facultad de Ciencias de la Alimentaci\u00f3n de UNER, Instituto de Control de Alimentaci\u00f3n y Bromatolog\u00eda (ICAB), Mesa de Gesti\u00f3n Local para la Econom\u00eda Social y Solidaria (MeGLESS), Instituto Nacional de Tecnolog\u00eda Industrial (INTI),\u00a0Universidad de Buenos Aires (UBA) y el Consejo Nacional de Investigaciones Cient\u00edficas y T\u00e9cnicas (CONICET).<\/p>\n<p>Las disertaciones estuvieron a cargo de los licenciados Mart\u00edn Lower y Mart\u00edn Azzali en la tem\u00e1tica de Residuos s\u00f3lidos urbanos; la Dra. Nora Burroni y la profesora \u00a0Graciela Rold\u00e1n en Ecosistemas saludables; la Lic. Noelia Acu\u00f1a por su parte disert\u00f3 acerca de \u00a0Microemprendimientos con productos reciclados reutilizables; en tanto la Ing. Romina Bacigalupo expuso sobre Kioscos saludables; el t\u00e9cnico Luis Lugren llev\u00f3 adelante el taller de Turismo y Ambiente y los licenciados Carlos Cousido y Gustavo Rhul hablarons sobre la fabricaci\u00f3n de composteras.<\/p>\n<p><a href=\"https:\/\/www.cafesg.gob.ar\/cafesg2\/wp-content\/uploads\/2017\/10\/talleres-ambientales-1.jpeg\"><img loading=\"lazy\" decoding=\"async\" class=\"alignnone size-medium wp-image-5595\" src=\"https:\/\/www.cafesg.gob.ar\/cafesg2\/wp-content\/uploads\/2017\/10\/talleres-ambientales-1-300x225.jpeg\" alt=\"talleres ambientales 1\" width=\"300\" height=\"225\" \/><\/a> <a href=\"https:\/\/www.cafesg.gob.ar\/cafesg2\/wp-content\/uploads\/2017\/10\/talleres-ambientales-2.jpeg\"><img loading=\"lazy\" decoding=\"async\" class=\"alignnone size-medium wp-image-5596\" src=\"https:\/\/www.cafesg.gob.ar\/cafesg2\/wp-content\/uploads\/2017\/10\/talleres-ambientales-2-300x225.jpeg\" alt=\"talleres ambientales 2\" width=\"300\" height=\"225\" \/><\/a> <a href=\"https:\/\/www.cafesg.gob.ar\/cafesg2\/wp-content\/uploads\/2017\/10\/talleres-ambientales-3.jpeg\"><img loading=\"lazy\" decoding=\"async\" class=\"alignnone size-medium wp-image-5597\" src=\"https:\/\/www.cafesg.gob.ar\/cafesg2\/wp-content\/uploads\/2017\/10\/talleres-ambientales-3-300x224.jpeg\" alt=\"talleres ambientales 3\" width=\"300\" height=\"224\" \/><\/a> <a href=\"https:\/\/www.cafesg.gob.ar\/cafesg2\/wp-content\/uploads\/2017\/10\/talleres-ambientales-4.jpeg\"><img loading=\"lazy\" decoding=\"async\" class=\"alignnone size-medium wp-image-5598\" src=\"https:\/\/www.cafesg.gob.ar\/cafesg2\/wp-content\/uploads\/2017\/10\/talleres-ambientales-4-300x224.jpeg\" alt=\"talleres ambientales 4\" width=\"300\" height=\"224\" \/><\/a> <a href=\"https:\/\/www.cafesg.gob.ar\/cafesg2\/wp-content\/uploads\/2017\/10\/talleres-ambientales-5.jpeg\"><img loading=\"lazy\" decoding=\"async\" class=\"alignnone size-medium wp-image-5599\" src=\"https:\/\/www.cafesg.gob.ar\/cafesg2\/wp-content\/uploads\/2017\/10\/talleres-ambientales-5-300x224.jpeg\" alt=\"talleres ambientales 5\" width=\"300\" height=\"224\" \/><\/a> <a href=\"https:\/\/www.cafesg.gob.ar\/cafesg2\/wp-content\/uploads\/2017\/10\/talleres-ambientales-7.jpeg\"><img loading=\"lazy\" decoding=\"async\" class=\"alignnone size-medium wp-image-5600\" src=\"https:\/\/www.cafesg.gob.ar\/cafesg2\/wp-content\/uploads\/2017\/10\/talleres-ambientales-7-300x224.jpeg\" alt=\"talleres ambientales 7\" width=\"300\" height=\"224\" \/><\/a><\/p>\n","protected":false},"excerpt":{"rendered":"<p>La Comisi\u00f3n Administradora para el Fondo Especial de Salto Grande (CAFESG) a trav\u00e9s de su \u00e1rea de\u00a0 Desarrollo llev\u00f3 adelante en la localidad de San Jos\u00e9, departamento Col\u00f3n, cinco talleres ambientales sociales enfocados en la tem\u00e1tica de Residuos s\u00f3lidos urbanos, Fabricaci\u00f3n de composteras domiciliarias, Ecosistemas urbanos saludables, Microemprendimientos con productos reciclados reutilizables, Kioscos saludables y [&hellip;]<\/p>\n","protected":false},"author":5,"featured_media":0,"comment_status":"open","ping_status":"open","sticky":false,"template":"","format":"standard","meta":{"footnotes":""},"categories":[15],"tags":[],"class_list":["post-5594","post","type-post","status-publish","format-standard","hentry","category-noticias"],"_links":{"self":[{"href":"https:\/\/cafesg.gob.ar\/cafesg2\/wp-json\/wp\/v2\/posts\/5594","targetHints":{"allow":["GET"]}}],"collection":[{"href":"https:\/\/cafesg.gob.ar\/cafesg2\/wp-json\/wp\/v2\/posts"}],"about":[{"href":"https:\/\/cafesg.gob.ar\/cafesg2\/wp-json\/wp\/v2\/types\/post"}],"author":[{"embeddable":true,"href":"https:\/\/cafesg.gob.ar\/cafesg2\/wp-json\/wp\/v2\/users\/5"}],"replies":[{"embeddable":true,"href":"https:\/\/cafesg.gob.ar\/cafesg2\/wp-json\/wp\/v2\/comments?post=5594"}],"version-history":[{"count":0,"href":"https:\/\/cafesg.gob.ar\/cafesg2\/wp-json\/wp\/v2\/posts\/5594\/revisions"}],"wp:attachment":[{"href":"https:\/\/cafesg.gob.ar\/cafesg2\/wp-json\/wp\/v2\/media?parent=5594"}],"wp:term":[{"taxonomy":"category","embeddable":true,"href":"https:\/\/cafesg.gob.ar\/cafesg2\/wp-json\/wp\/v2\/categories?post=5594"},{"taxonomy":"post_tag","embeddable":true,"href":"https:\/\/cafesg.gob.ar\/cafesg2\/wp-json\/wp\/v2\/tags?post=5594"}],"curies":[{"name":"wp","href":"https:\/\/api.w.org\/{rel}","templated":true}]}}