 {"id":5591,"date":"2017-10-26T19:12:00","date_gmt":"2017-10-26T22:12:00","guid":{"rendered":"http:\/\/www.cafesg.gob.ar\/web\/?p=5591"},"modified":"2017-10-26T19:12:00","modified_gmt":"2017-10-26T22:12:00","slug":"cafesg-y-caritas-implementan-por-segundo-ano-consecutivo-un-taller-de-huerta-en-la-comunidad-de-vida-y-rehabilitacion-juan-xxiii","status":"publish","type":"post","link":"https:\/\/cafesg.gob.ar\/cafesg2\/cafesg-y-caritas-implementan-por-segundo-ano-consecutivo-un-taller-de-huerta-en-la-comunidad-de-vida-y-rehabilitacion-juan-xxiii\/","title":{"rendered":"CAFESG y C\u00e1ritas implementan, por segundo a\u00f1o consecutivo, un Taller de Huerta en la Comunidad de Vida y Rehabilitaci\u00f3n Juan XXIII"},"content":{"rendered":"<p>La Comisi\u00f3n Administradora para el Fondo Especial de Salto Grande (CAFESG) y C\u00e1ritas Diocesana Concordia desarrollan un Taller de Huerta en el predio de la Comunidad de Vida y Rehabilitaci\u00f3n Juan XXIII, ubicado en Estancia Grande, departamento Concordia.<\/p>\n<p>Esta propuesta se denomina \u201cSembrando Vida\u201d y est\u00e1 comprendida dentro de los alcances del Programa \u201cConfianza en el Futuro\u201d, implementado por ambas instituciones a trav\u00e9s de un acuerdo marco que, en su \u00faltima renovaci\u00f3n para el per\u00edodo 2016-2019, contempl\u00f3 la ejecuci\u00f3n de acciones orientadas a la rehabilitaci\u00f3n en adicciones, un tema que si bien CAFESG y C\u00e1ritas ven\u00edan trabajando desde hac\u00eda tiempo, no estaba espec\u00edficamente contemplado en los convenios anteriores.<\/p>\n<p>Con apenas dos a\u00f1os \u00a0de existencia, la Comunidad de Vida y Rehabilitaci\u00f3n Juan XXIII constituye una respuesta concreta al flagelo de las adicciones. Se trata de un espacio f\u00edsico en \u00edntima vinculaci\u00f3n con la naturaleza, donde se contiene y acompa\u00f1a a j\u00f3venes \u00a0y adultos varones mayores de 18 a\u00f1os que voluntariamente decidieron comenzar a rehabilitarse.<\/p>\n<p>Al Taller de Huerta asisten 20 j\u00f3venes y adultos de Concordia y otras localidades de la Regi\u00f3n de Salto Grande.<\/p>\n<p>Este Proyecto de capacitaci\u00f3n brinda a las personas \u00a0los cocimientos, el asesoramiento y acompa\u00f1amiento para la organizaci\u00f3n y explotaci\u00f3n de una huerta ecol\u00f3gica en terrenos del predio de Juan XXIII.<\/p>\n<p>El trabajo de campo comenz\u00f3 con el desmalezado , la roturaci\u00f3n del suelo. Y luego los participantes sembraron lechuga, acelga, achicoria, repollo, remolacha, cebolla de verdeo, zanahoria, arvejas, zapallito de tronco y morr\u00f3n, entre otras verduras, hortalizas y leguminosas.<\/p>\n<p>En este segundo a\u00f1o de trabajo en el Taller\u00a0 se hicieron mejoras en el predio, se instal\u00f3 riego en algunos sectores , se construyeron cercos de alambre para impedir el ingreso a los animales a la huerta y sectorizar los cultivos;\u00a0 todo el trabajo\u00a0 fue realizado por los residentes bajo la direcci\u00f3n del capacitador.<\/p>\n<p>Tambi\u00e9n aprendieron t\u00e9cnicas de riego com\u00fan y por goteo, y por \u00faltimo los secretos de la cosecha.<\/p>\n<p>Las actividades se complementan con otras a las que tambi\u00e9n asisten los j\u00f3venes, tales como deportes, momentos personales y comunitarios.<\/p>\n<p>El trabajo conjunto de CAFESG y C\u00e1ritas apunta a la contenci\u00f3n socio-familiar del adicto y su familia, y a su reinserci\u00f3n social, atendiendo particularmente a la posibilidad de una salida laboral asociativa, familiar o independiente.<\/p>\n<p>Sin lugar a dudas, la tarea realizada hasta el momento ha redundado en una mejora de la calidad de vida de estas personas en rehabilitaci\u00f3n, y tambi\u00e9n de sus familias.<\/p>\n<p>En ese sentido, cabe destacar que el Taller de Huerta de CAFESG y C\u00e1ritas se inscribe perfectamente en el principal objetivo de la Comunidad Juan XXIII: acompa\u00f1ar el proceso de conversi\u00f3n de quienes tienen una dependencia de las drogas, mediante una fuerte experiencia de vida en comunidad que les permita reinsertarse familiar y socialmente, as\u00ed como tambi\u00e9n en la Misi\u00f3n de CAFESG como promotora del desarrollo regional a escala humana.<\/p>\n<p><a href=\"https:\/\/www.cafesg.gob.ar\/cafesg2\/wp-content\/uploads\/2017\/10\/Huerta-Juan-XXIII.jpg\"><img loading=\"lazy\" decoding=\"async\" class=\"alignnone size-medium wp-image-5592\" src=\"https:\/\/www.cafesg.gob.ar\/cafesg2\/wp-content\/uploads\/2017\/10\/Huerta-Juan-XXIII-300x196.jpg\" alt=\"Huerta Juan XXIII\" width=\"300\" height=\"196\" \/><\/a><\/p>\n","protected":false},"excerpt":{"rendered":"<p>La Comisi\u00f3n Administradora para el Fondo Especial de Salto Grande (CAFESG) y C\u00e1ritas Diocesana Concordia desarrollan un Taller de Huerta en el predio de la Comunidad de Vida y Rehabilitaci\u00f3n Juan XXIII, ubicado en Estancia Grande, departamento Concordia. Esta propuesta se denomina \u201cSembrando Vida\u201d y est\u00e1 comprendida dentro de los alcances del Programa \u201cConfianza en [&hellip;]<\/p>\n","protected":false},"author":5,"featured_media":0,"comment_status":"open","ping_status":"open","sticky":false,"template":"","format":"standard","meta":{"footnotes":""},"categories":[15],"tags":[],"class_list":["post-5591","post","type-post","status-publish","format-standard","hentry","category-noticias"],"_links":{"self":[{"href":"https:\/\/cafesg.gob.ar\/cafesg2\/wp-json\/wp\/v2\/posts\/5591","targetHints":{"allow":["GET"]}}],"collection":[{"href":"https:\/\/cafesg.gob.ar\/cafesg2\/wp-json\/wp\/v2\/posts"}],"about":[{"href":"https:\/\/cafesg.gob.ar\/cafesg2\/wp-json\/wp\/v2\/types\/post"}],"author":[{"embeddable":true,"href":"https:\/\/cafesg.gob.ar\/cafesg2\/wp-json\/wp\/v2\/users\/5"}],"replies":[{"embeddable":true,"href":"https:\/\/cafesg.gob.ar\/cafesg2\/wp-json\/wp\/v2\/comments?post=5591"}],"version-history":[{"count":0,"href":"https:\/\/cafesg.gob.ar\/cafesg2\/wp-json\/wp\/v2\/posts\/5591\/revisions"}],"wp:attachment":[{"href":"https:\/\/cafesg.gob.ar\/cafesg2\/wp-json\/wp\/v2\/media?parent=5591"}],"wp:term":[{"taxonomy":"category","embeddable":true,"href":"https:\/\/cafesg.gob.ar\/cafesg2\/wp-json\/wp\/v2\/categories?post=5591"},{"taxonomy":"post_tag","embeddable":true,"href":"https:\/\/cafesg.gob.ar\/cafesg2\/wp-json\/wp\/v2\/tags?post=5591"}],"curies":[{"name":"wp","href":"https:\/\/api.w.org\/{rel}","templated":true}]}}