 {"id":5575,"date":"2017-10-04T11:28:13","date_gmt":"2017-10-04T14:28:13","guid":{"rendered":"http:\/\/www.cafesg.gob.ar\/web\/?p=5575"},"modified":"2017-10-04T11:28:13","modified_gmt":"2017-10-04T14:28:13","slug":"cafesg-entrego-composteras-a-vecinos-de-la-criolla","status":"publish","type":"post","link":"https:\/\/cafesg.gob.ar\/cafesg2\/cafesg-entrego-composteras-a-vecinos-de-la-criolla\/","title":{"rendered":"CAFESG entreg\u00f3 composteras a vecinos de La Criolla"},"content":{"rendered":"<p>Con el objetivo de desarrollar el \u201ccompostaje domiciliario\u201d como modelo alternativo de tratamiento para los Residuos S\u00f3lidos Org\u00e1nicos Domiciliarios, vecinos de la localidad de La Criolla recibieron composteras horizontales, construidas por personal municipal de dicha localidad, para la reutilizaci\u00f3n de desechos org\u00e1nicos.<\/p>\n<p>Las mismas fueron entregadas por\u00a0 la comisi\u00f3n Administradora para el Fondo Especial de Salto Grande (CAFESG) en el marco de su programa Sensibilizadores Ambientales, en articulaci\u00f3n con INTA a trav\u00e9s del Programa PROHUERTA, Municipalidad de La Criolla, UTN, ICAB, MEGLESS y el Centro de Formaci\u00f3n Profesional N\u00ba 61.<\/p>\n<p>Los objetivos perseguidos son sistematizar y reutilizar residuos org\u00e1nicos, brindar materia prima de calidad a las huertas y dem\u00e1s emprendimientos similares que lo requieran, disminuir el impacto de los residuos en el ambiente, generar una actividad sustentable en t\u00e9rminos ambientales, sociales y econ\u00f3micos.<\/p>\n<p>Se espera que los propios integrantes de las familias puedan realizar su compost ya sea para uso particular o con el fin de comercializarlo en el mercado local y as\u00ed disminuir la cantidad de residuos que van a disposici\u00f3n final. La directriz de este proyecto consiste en la construcci\u00f3n de composteras que apunten a reutilizar los residuos org\u00e1nicos que se generan. La compostera es el artefacto donde se disponen los residuos org\u00e1nicos y busca garantizar los factores que aseguran un compostaje eficiente (con adecuada humedad, temperatura y aireaci\u00f3n).<\/p>\n<p>El uso del compost\u00a0 mejora sustancialmente la estructura del suelo. Lo hace m\u00e1s poroso y permite una mejor distribuci\u00f3n del aire y el agua que las ra\u00edces de las plantas necesitan para expandirse. Adem\u00e1s contiene los nutrientes para un mejor desarrollo de los vegetales, sustituyendo de esta manera cualquier fertilizante qu\u00edmico.<\/p>\n<p>Se han elegido las composteras horizontales porque tienen como ventaja una mejor distribuci\u00f3n de la humedad y de la compactaci\u00f3n debido a su facilidad para el volteo, obteniendo as\u00ed un producto homog\u00e9neo.<\/p>\n<p>CAFESG, se preocupa y ocupa de aportar al cuidado del ambiente y por ende tambi\u00e9n de brindar alternativas de soluci\u00f3n a esta problem\u00e1tica. Para ello y entre otros temas, implement\u00f3 el programa Sensibilizadores Ambientales en la regi\u00f3n.<\/p>\n<p><a href=\"https:\/\/www.cafesg.gob.ar\/cafesg2\/wp-content\/uploads\/2017\/10\/Composteras-1.jpeg\"><img loading=\"lazy\" decoding=\"async\" class=\"alignnone size-medium wp-image-5576\" src=\"https:\/\/www.cafesg.gob.ar\/cafesg2\/wp-content\/uploads\/2017\/10\/Composteras-1-300x224.jpeg\" alt=\"Composteras 1\" width=\"300\" height=\"224\" \/><\/a> <a href=\"https:\/\/www.cafesg.gob.ar\/cafesg2\/wp-content\/uploads\/2017\/10\/Composteras-2.jpeg\"><img loading=\"lazy\" decoding=\"async\" class=\"alignnone size-medium wp-image-5577\" src=\"https:\/\/www.cafesg.gob.ar\/cafesg2\/wp-content\/uploads\/2017\/10\/Composteras-2-300x224.jpeg\" alt=\"Composteras 2\" width=\"300\" height=\"224\" \/><\/a> <a href=\"https:\/\/www.cafesg.gob.ar\/cafesg2\/wp-content\/uploads\/2017\/10\/Composteras-3.jpeg\"><img loading=\"lazy\" decoding=\"async\" class=\"alignnone size-medium wp-image-5578\" src=\"https:\/\/www.cafesg.gob.ar\/cafesg2\/wp-content\/uploads\/2017\/10\/Composteras-3-300x224.jpeg\" alt=\"Composteras 3\" width=\"300\" height=\"224\" \/><\/a> <a href=\"https:\/\/www.cafesg.gob.ar\/cafesg2\/wp-content\/uploads\/2017\/10\/Composteras-4.jpeg\"><img loading=\"lazy\" decoding=\"async\" class=\"alignnone size-medium wp-image-5579\" src=\"https:\/\/www.cafesg.gob.ar\/cafesg2\/wp-content\/uploads\/2017\/10\/Composteras-4-300x224.jpeg\" alt=\"Composteras 4\" width=\"300\" height=\"224\" \/><\/a> <a href=\"https:\/\/www.cafesg.gob.ar\/cafesg2\/wp-content\/uploads\/2017\/10\/Composteras-5.jpeg\"><img loading=\"lazy\" decoding=\"async\" class=\"alignnone size-medium wp-image-5580\" src=\"https:\/\/www.cafesg.gob.ar\/cafesg2\/wp-content\/uploads\/2017\/10\/Composteras-5-300x224.jpeg\" alt=\"Composteras 5\" width=\"300\" height=\"224\" \/><\/a> <a href=\"https:\/\/www.cafesg.gob.ar\/cafesg2\/wp-content\/uploads\/2017\/10\/Composteras-6.jpeg\"><img loading=\"lazy\" decoding=\"async\" class=\"alignnone size-medium wp-image-5581\" src=\"https:\/\/www.cafesg.gob.ar\/cafesg2\/wp-content\/uploads\/2017\/10\/Composteras-6-300x224.jpeg\" alt=\"Composteras 6\" width=\"300\" height=\"224\" \/><\/a><\/p>\n","protected":false},"excerpt":{"rendered":"<p>Con el objetivo de desarrollar el \u201ccompostaje domiciliario\u201d como modelo alternativo de tratamiento para los Residuos S\u00f3lidos Org\u00e1nicos Domiciliarios, vecinos de la localidad de La Criolla recibieron composteras horizontales, construidas por personal municipal de dicha localidad, para la reutilizaci\u00f3n de desechos org\u00e1nicos. Las mismas fueron entregadas por\u00a0 la comisi\u00f3n Administradora para el Fondo Especial de [&hellip;]<\/p>\n","protected":false},"author":5,"featured_media":0,"comment_status":"open","ping_status":"open","sticky":false,"template":"","format":"standard","meta":{"footnotes":""},"categories":[15],"tags":[],"class_list":["post-5575","post","type-post","status-publish","format-standard","hentry","category-noticias"],"_links":{"self":[{"href":"https:\/\/cafesg.gob.ar\/cafesg2\/wp-json\/wp\/v2\/posts\/5575","targetHints":{"allow":["GET"]}}],"collection":[{"href":"https:\/\/cafesg.gob.ar\/cafesg2\/wp-json\/wp\/v2\/posts"}],"about":[{"href":"https:\/\/cafesg.gob.ar\/cafesg2\/wp-json\/wp\/v2\/types\/post"}],"author":[{"embeddable":true,"href":"https:\/\/cafesg.gob.ar\/cafesg2\/wp-json\/wp\/v2\/users\/5"}],"replies":[{"embeddable":true,"href":"https:\/\/cafesg.gob.ar\/cafesg2\/wp-json\/wp\/v2\/comments?post=5575"}],"version-history":[{"count":0,"href":"https:\/\/cafesg.gob.ar\/cafesg2\/wp-json\/wp\/v2\/posts\/5575\/revisions"}],"wp:attachment":[{"href":"https:\/\/cafesg.gob.ar\/cafesg2\/wp-json\/wp\/v2\/media?parent=5575"}],"wp:term":[{"taxonomy":"category","embeddable":true,"href":"https:\/\/cafesg.gob.ar\/cafesg2\/wp-json\/wp\/v2\/categories?post=5575"},{"taxonomy":"post_tag","embeddable":true,"href":"https:\/\/cafesg.gob.ar\/cafesg2\/wp-json\/wp\/v2\/tags?post=5575"}],"curies":[{"name":"wp","href":"https:\/\/api.w.org\/{rel}","templated":true}]}}