 {"id":5555,"date":"2017-09-19T21:27:09","date_gmt":"2017-09-20T00:27:09","guid":{"rendered":"http:\/\/www.cafesg.gob.ar\/web\/?p=5555"},"modified":"2017-09-19T21:27:09","modified_gmt":"2017-09-20T00:27:09","slug":"saneamiento-del-rio-uruguay-se-dio-en-cafesg-un-paso-mas","status":"publish","type":"post","link":"https:\/\/cafesg.gob.ar\/cafesg2\/saneamiento-del-rio-uruguay-se-dio-en-cafesg-un-paso-mas\/","title":{"rendered":"Saneamiento del r\u00edo Uruguay, se dio en CAFESG un paso m\u00e1s"},"content":{"rendered":"<p>El Plan de Saneamiento Integral del R\u00edo Uruguay dio un paso m\u00e1s hacia su concreci\u00f3n este lunes cuando el ministro de Planeamiento, Infraestructura y Servicios de la provincia, Luis Benedetto, coordin\u00f3 una reuni\u00f3n de evaluaci\u00f3n de los proyectos de las cinco ciudades aguas abajo de la represa de Salto Grande que construir\u00e1n, ampliar\u00e1n o modificar\u00e1n las plantas de tratamiento de efluentes cloacales.<\/p>\n<p>De la reuni\u00f3n participaron tres representantes t\u00e9cnicos del Ente Nacional de Obras Hidricas de Saneamiento (Enohsa), que ten\u00edan el objetivo de evaluar cada proyecto, el vocal de CAFESG, Walter Doronzoro junto a equipos t\u00e9cnicos del organismo, el delegado de CARU, Eduardo Caminal, y equipos t\u00e9cnicos del Ministerio de Planeamiento y de las municipalidades de Concordia, San Jos\u00e9, Col\u00f3n, Concepci\u00f3n del Uruguay y Gualeguaych\u00fa.<\/p>\n<p>\u201cEs un viejo anhelo de nuestro gobernador Gustavo Bordet desde la \u00e9poca en que era intendente de Concordia, hoy con los t\u00e9cnicos de ENHOSA se ha avanzado en la evaluaci\u00f3n de los proyectos que CAFESG est\u00e1 llevando adelante con su equipo t\u00e9cnico\u201d explic\u00f3 Benedetto.<\/p>\n<p>El ministro consider\u00f3 \u201cmuy valiosos estos \u00faltimos ajustes para empezar a definir la etapa del financiamiento, que si bien est\u00e1 acordado con el Gobierno Nacional hay que hacer algunos ajustes, de manera que este equipo t\u00e9cnico debe definir esos ajustes para poder llevarlo adelante\u201d.<\/p>\n<p>Adem\u00e1s el funcionario provincial cont\u00f3 que \u201cdentro del plan de trabajo que tenemos hay algunos proyectos m\u00e1s avanzados que otros, pero la idea es justamente tratar de equilibrarlos para que todos tengan acceso al financiamiento para las plantas de tratamiento de efluentes cloacales\u201d.<\/p>\n<p>Por \u00faltimo Luis Benedetto evalu\u00f3 que \u201ccomo el proyecto es en pos del saneamiento de nuestro querido r\u00edo Uruguay, tiene que estar acompa\u00f1ado por las provincias hermanas de Corrientes y Misiones, \u00a0para as\u00ed poder hacer un tratamiento integral, esto ya ha sido hablado por nuestro Gobernador con esas provincias y con Naci\u00f3n para poder hacer as\u00ed un trabajo que emane de un plan maestro que permita sanear este r\u00edo\u201d.<\/p>\n<p>Por su parte, el vocal de Comisi\u00f3n Administradora para el Fondo Especial de Salto Grande, Walter Doronzoro, manifest\u00f3 que \u201ceste megaproyecto es una decisi\u00f3n pol\u00edtica del gobernador, es un anhelo personal de Gustavo Bordet, sumado a las inquietudes de los intendentes y a las necesidades de cada comunidad, y en este marco, CAFESG, a trav\u00e9s de la convocatoria que ha hecho el ministro Bendetto, aporta un grupo de profesionales muy importante, hay decisi\u00f3n pol\u00edtica que es lo m\u00e1s importante, y en este marco seguimos avanzando junto a nuestro presidente Alejandro Casa\u00f1as para convertir en realidad estas obras que van a reportar en beneficio no solo del r\u00edo Uruguay sino de miles de entrerrianos de las cinco ciudades aguas abajo de la represa\u201d.<\/p>\n<p>En tanto, el secretario de Planeamiento de la Provincia, Marcelo Richard, expres\u00f3 su satisfacci\u00f3n de que \u201choy los municipios han dado respuestas\u201d y \u201cestamos frente a las \u00faltimas observaciones, por eso hemos solicitado al \u00e1rea t\u00e9cnica del ENHOSA que se acerque hasta Concordia y poder reunir en CAFESG a los distintos municipios con los proyectos y as\u00ed poder terminar de ajustar detalles y avanzar en las presentaciones en busca del financiamiento\u201d.<\/p>\n<p>Richard tambi\u00e9n explic\u00f3 que \u201cel objetivo es presentar todos los proyectos antes de fin de a\u00f1o, por lo cual estamos trabajando sin demoras, ya que adem\u00e1s del frente t\u00e9cnico, tenemos la parte ambiental y la parte econ\u00f3mica, por lo tanto requiere de un trabajo en conjunto no solo con los municipios sino que tambi\u00e9n de una articulaci\u00f3n y coordinaci\u00f3n muy importante que estamos llevando adelante con CAFESG, OSER y Medio Ambiente de la provincia\u201d finaliz\u00f3 el funcionario.<\/p>\n<p>Para Eduardo Caminal, representante argentino en CARU, se mostr\u00f3 muy satisfecho ya que \u201cestas reuniones son muy productivas\u201d y \u201clos proyectos van bastante avanzados, en especial Gualeguaych\u00fa, lo cual es un gesto pol\u00edtico hacia el Uruguay, sobre todo por el conflicto que tenemos especialmente en CARU por la contaminaci\u00f3n del r\u00edo, y que Argentina demuestre su voluntad de avanzar en el saneamiento del mismo es un gesto diplom\u00e1tico muy importante\u201d.<\/p>\n<p>Cabe recordar que \u00a0la planta de tratamiento para la ciudad de Concordia tiene por el objetivo reforzar los colectores cloacales troncales y las estaciones de bombeo existentes, cuyas capacidades se ven desbordadas, y eliminar en su totalidad los vuelcos directos al r\u00edo Uruguay del l\u00edquido cloacal crudo. Adem\u00e1s se plantea la construcci\u00f3n de dos nuevos colectores cloacales, al oeste y al este de la ciudad, recolectando los efluentes de las viviendas que se ubican a la vera del r\u00edo Uruguay.<\/p>\n<p>Adem\u00e1s se incorpor\u00f3 el tratamiento cloacal de Villa Adela y Benito Leger\u00e9n, para lo cual se plantearon los correspondientes colectores principales desde dichas zonas hasta la nueva planta. La totalidad del l\u00edquido que es conducido por los colectores principales de la ciudad, son volcados en una \u00fanica estaci\u00f3n de bombeo existente, dispuesta en la zona de la defensa Sur de la ciudad, la que se adaptar\u00e1 para cumplir con las nuevas necesidades de evacuaci\u00f3n; esta estaci\u00f3n de bombeo principal es la encargada de enviar el l\u00edquido a una Planta Depuradora que permitir\u00e1 tratarlo hasta el nivel exigido por la legislaci\u00f3n vigente.<\/p>\n<p>La planta elegida es de tipo Convencional con el proceso biol\u00f3gico aer\u00f3bico mediante \u00a0lodos activados, y se radicar\u00e1 en la zona sur de la ciudad, en el predio \u201cLa Charita\u201d, y demandar\u00e1 un desembolso del orden de los 400 millones de pesos.<\/p>\n<p>La planta de Gualeguaych\u00fa por su parte, prev\u00e9 una inversi\u00f3n de 140 millones de pesos y tendr\u00e1 como objetivos la optimizaci\u00f3n y mejora de la planta de tratamiento, la creaci\u00f3n de estaciones elevadores o colectores en lugares donde fuera necesario, y la extensi\u00f3n de las cloacas en aquellas zonas de la planta urbana donde los vecinos no tienen acceso a la red cloacal. Adem\u00e1s se elaboraron diferentes alternativas respecto al tratamiento de los barros, el volcado final y el suministro de energ\u00eda.<\/p>\n<p>La planta de Concepci\u00f3n del Uruguay de tipo convencional con proceso biol\u00f3gico aer\u00f3bico extendida se emplazar\u00e1 en la zona sur de la ciudad, contemplando el saneamiento de toda la ciudad junto a la ampliaci\u00f3n de redes cloacales y un nuevo colector para el sector oeste. Se incorpora adem\u00e1s una remodelaci\u00f3n de las estaciones de bombeo. El monto total de la inversi\u00f3n se ubica en el orden de los 430 millones de pesos.<\/p>\n<p>Para el Municipio de Col\u00f3n se ha determinado el emplazamiento en la zona sur de la ciudad, construyendo 11 estaciones de bombeo cloacal y la remodelaci\u00f3n de las actuales 10, llegando a un total presupuestado de 95,1 millones de pesos.<\/p>\n<p>Finalmente, la obras proyectadas para San Jos\u00e9, con una inversi\u00f3n superior a los 68 millones, incorpora una mecanizaci\u00f3n de la planta y nuevas redes al sistema cloacal alcanzado a siete barrios perif\u00e9ricos.<\/p>\n<p><a href=\"https:\/\/www.cafesg.gob.ar\/cafesg2\/wp-content\/uploads\/2017\/09\/Reuni\u00f3n-Plantas-1.jpg\"><img loading=\"lazy\" decoding=\"async\" class=\"alignnone size-medium wp-image-5556\" src=\"https:\/\/www.cafesg.gob.ar\/cafesg2\/wp-content\/uploads\/2017\/09\/Reuni\u00f3n-Plantas-1-300x200.jpg\" alt=\"Reuni\u00f3n Plantas 1\" width=\"300\" height=\"200\" \/><\/a> <a href=\"https:\/\/www.cafesg.gob.ar\/cafesg2\/wp-content\/uploads\/2017\/09\/Reuni\u00f3n-Plantas-3.jpeg\"><img loading=\"lazy\" decoding=\"async\" class=\"alignnone size-medium wp-image-5557\" src=\"https:\/\/www.cafesg.gob.ar\/cafesg2\/wp-content\/uploads\/2017\/09\/Reuni\u00f3n-Plantas-3-300x225.jpeg\" alt=\"Reuni\u00f3n Plantas 3\" width=\"300\" height=\"225\" \/><\/a> <a href=\"https:\/\/www.cafesg.gob.ar\/cafesg2\/wp-content\/uploads\/2017\/09\/Reuni\u00f3n-Plantas-4.jpeg\"><img loading=\"lazy\" decoding=\"async\" class=\"alignnone size-medium wp-image-5558\" src=\"https:\/\/www.cafesg.gob.ar\/cafesg2\/wp-content\/uploads\/2017\/09\/Reuni\u00f3n-Plantas-4-300x225.jpeg\" alt=\"Reuni\u00f3n Plantas 4\" width=\"300\" height=\"225\" \/><\/a> <a href=\"https:\/\/www.cafesg.gob.ar\/cafesg2\/wp-content\/uploads\/2017\/09\/Reuni\u00f3n-Plantas-5.jpg\"><img loading=\"lazy\" decoding=\"async\" class=\"alignnone size-medium wp-image-5559\" src=\"https:\/\/www.cafesg.gob.ar\/cafesg2\/wp-content\/uploads\/2017\/09\/Reuni\u00f3n-Plantas-5-300x200.jpg\" alt=\"Reuni\u00f3n Plantas 5\" width=\"300\" height=\"200\" \/><\/a><\/p>\n","protected":false},"excerpt":{"rendered":"<p>El Plan de Saneamiento Integral del R\u00edo Uruguay dio un paso m\u00e1s hacia su concreci\u00f3n este lunes cuando el ministro de Planeamiento, Infraestructura y Servicios de la provincia, Luis Benedetto, coordin\u00f3 una reuni\u00f3n de evaluaci\u00f3n de los proyectos de las cinco ciudades aguas abajo de la represa de Salto Grande que construir\u00e1n, ampliar\u00e1n o modificar\u00e1n [&hellip;]<\/p>\n","protected":false},"author":5,"featured_media":0,"comment_status":"open","ping_status":"open","sticky":false,"template":"","format":"standard","meta":{"footnotes":""},"categories":[15],"tags":[],"class_list":["post-5555","post","type-post","status-publish","format-standard","hentry","category-noticias"],"_links":{"self":[{"href":"https:\/\/cafesg.gob.ar\/cafesg2\/wp-json\/wp\/v2\/posts\/5555","targetHints":{"allow":["GET"]}}],"collection":[{"href":"https:\/\/cafesg.gob.ar\/cafesg2\/wp-json\/wp\/v2\/posts"}],"about":[{"href":"https:\/\/cafesg.gob.ar\/cafesg2\/wp-json\/wp\/v2\/types\/post"}],"author":[{"embeddable":true,"href":"https:\/\/cafesg.gob.ar\/cafesg2\/wp-json\/wp\/v2\/users\/5"}],"replies":[{"embeddable":true,"href":"https:\/\/cafesg.gob.ar\/cafesg2\/wp-json\/wp\/v2\/comments?post=5555"}],"version-history":[{"count":0,"href":"https:\/\/cafesg.gob.ar\/cafesg2\/wp-json\/wp\/v2\/posts\/5555\/revisions"}],"wp:attachment":[{"href":"https:\/\/cafesg.gob.ar\/cafesg2\/wp-json\/wp\/v2\/media?parent=5555"}],"wp:term":[{"taxonomy":"category","embeddable":true,"href":"https:\/\/cafesg.gob.ar\/cafesg2\/wp-json\/wp\/v2\/categories?post=5555"},{"taxonomy":"post_tag","embeddable":true,"href":"https:\/\/cafesg.gob.ar\/cafesg2\/wp-json\/wp\/v2\/tags?post=5555"}],"curies":[{"name":"wp","href":"https:\/\/api.w.org\/{rel}","templated":true}]}}