 {"id":5541,"date":"2017-09-10T20:20:03","date_gmt":"2017-09-10T23:20:03","guid":{"rendered":"http:\/\/www.cafesg.gob.ar\/web\/?p=5541"},"modified":"2017-09-10T20:20:03","modified_gmt":"2017-09-10T23:20:03","slug":"sindrome-de-tourette-gran-concurrencia-a-dos-charlas-ofrecidas-por-cafesg","status":"publish","type":"post","link":"https:\/\/cafesg.gob.ar\/cafesg2\/sindrome-de-tourette-gran-concurrencia-a-dos-charlas-ofrecidas-por-cafesg\/","title":{"rendered":"S\u00edndrome de Tourette: gran concurrencia a dos charlas ofrecidas por CAFESG"},"content":{"rendered":"<p>M\u00e1s de cuatrocientas personas colmaron el sal\u00f3n de actos de la escuela Normal durante las jornadas del viernes y s\u00e1bado para capacitarse con la profesora Andrea Bonzini, fundadora y presidenta de la Asociaci\u00f3n Argentina para el S\u00edndrome de Tourette, quien ofreci\u00f3 dos charlas sobre el tema organizadas por la Comisi\u00f3n Administradora para el Fondo Especial de Salto Grande (CAFESG) a trav\u00e9s de su \u00e1rea de Discapacidad y en articulaci\u00f3n con el IPRODI, la Departamental de Escuelas de Concordia y la Direcci\u00f3n de Discapacidad municipal.<\/p>\n<p>Durante el lanzamiento de las jornadas, el presidente de CAFESG, Alejandro Casa\u00f1as, expres\u00f3 su \u201cprofunda satisfacci\u00f3n por poder ofrecer este tipo de eventos a toda la regi\u00f3n de Salto Grande, a pesar de la situaci\u00f3n por la que atraviesa nuestro organismo, pero con empe\u00f1o y trabajando en conjunto con otros organismos provinciales y municipales, podemos continuar con nuestro prop\u00f3sito fundador, tratar de mejorar la calidad de vida de la gente, y no solo desde las obras, porque obras sin una sociedad justa e integrada no tienen sentido, para nosotros el mejor capital es el ser humano, y por eso, como lo hace la gesti\u00f3n de nuestro gobernador Gustavo Bordet cada d\u00eda, no paramos de gestionar acciones que busquen ese objetivo\u201d.<\/p>\n<p>Por su parte, Andrea Bonzini, al ser consultada por el inter\u00e9s masivo por el s\u00edndrome de Tourette que se ve hoy, explic\u00f3 que \u201csurgi\u00f3 en primer lugar con la obra de teatro TOC-TOC y continu\u00f3 este a\u00f1o con la novela, donde tambi\u00e9n uno de sus personajes tiene el s\u00edndrome, pero en ninguno de los dos casos los personajes reflejan lo que es realmente el trastorno, y terminan mal informando en lugar de divulgar un padecimiento de manera correcta\u201d.<\/p>\n<p>Asimismo, la presidenta de la Asociaci\u00f3n Argentina para el S\u00edndrome de Tourette, manifest\u00f3 que con sus charlas, entre otras cosas, le gusta ayudar a derribar ciertos mitos, \u201ccomo por ejemplo, que es algo psicol\u00f3gico, que lo est\u00e1 haciendo a prop\u00f3sito, que no puede parar porque es un maleducado; esto es neurol\u00f3gico no es psicol\u00f3gico, \u00a0y es involuntario por lo tanto tengo un chico que aparte de los tics propios del Tourette tiene trastornos asociados, como suelen ser el ADD, TADH, el TOC, los trastornos de \u00e1nimo, entonces tenemos un nene que se para en el aula todo el tiempo, que molesta y nosotros por ah\u00ed pensamos que es un maleducado o un chico travieso pero ese nene est\u00e1 escondiendo otra cosa\u201d<\/p>\n<p>\u201cLo que tenemos que afinar los docentes, no te digo que tengamos que saber de todo porque cada vez hay m\u00e1s patolog\u00edas adentro de un aula y hay que identificar muchas cosas, pero simplemente si vemos que hay un nene que se mueve mucho y que se distrae, no completa la tarea y en alg\u00fan momento hace movimientos de pesta\u00f1eos con los ojos o vemos que durante todo el a\u00f1o va pasando lo mismo, hay que hablar con direcci\u00f3n y se le puede sugerir a la mama que vea a su pediatra, que la derive a un neur\u00f3logo porque el docente obviamente no va a diagnosticar, pero puede sugerir, porque casi siempre sugerimos que vayan al psic\u00f3logo porque es hiperactivo y tal vez no necesita al psic\u00f3logo, la terapia para el Tourette es la terapia cognitiva conductual que es en la que en pocos meses los chicos pueden revertir un mont\u00f3n de h\u00e1bitos y tics\u201d complet\u00f3 Bonzini.<\/p>\n<p>Participaron del lanzamiento la directora de la Departamental de Escuelas de Concordia, Griselda Di Lello, el director de Discapacidad de la Municipalidad de Concordia, Juan Manuel Franco, el coordinador del \u00e1rea de Desarrollo de CAFESG, Eduardo Gutierrez.<\/p>\n<p>Ricardo Lagra\u00f1a, coordinador del \u00e1rea de Discapacidad de CAFESG, inform\u00f3 que participaron de las charlas \u201cunas cuatrocientas personas sobre m\u00e1s de quinientas inscriptas, la ausencia de muchas de las m\u00e1s de cien que se ausentaron se debi\u00f3 al paro de transportes ya que en su mayor\u00eda iban a venir de localidades cercanas a Concordia\u201d; por esto, el funcionario dej\u00f3 abierta la puerta a que la experiencia se replique en el futuro e incluso se pueda realizar en federaci\u00f3n o Chajar\u00ed.<\/p>\n<p><a href=\"https:\/\/www.cafesg.gob.ar\/cafesg2\/wp-content\/uploads\/2017\/09\/Tourette-1.jpg\"><img loading=\"lazy\" decoding=\"async\" class=\"alignnone size-medium wp-image-5542\" src=\"https:\/\/www.cafesg.gob.ar\/cafesg2\/wp-content\/uploads\/2017\/09\/Tourette-1-300x196.jpg\" alt=\"Tourette 1\" width=\"300\" height=\"196\" \/><\/a> <a href=\"https:\/\/www.cafesg.gob.ar\/cafesg2\/wp-content\/uploads\/2017\/09\/Tourette-2.jpg\"><img loading=\"lazy\" decoding=\"async\" class=\"alignnone size-medium wp-image-5543\" src=\"https:\/\/www.cafesg.gob.ar\/cafesg2\/wp-content\/uploads\/2017\/09\/Tourette-2-300x200.jpg\" alt=\"Tourette 2\" width=\"300\" height=\"200\" \/><\/a> <a href=\"https:\/\/www.cafesg.gob.ar\/cafesg2\/wp-content\/uploads\/2017\/09\/Tourette-3.jpg\"><img loading=\"lazy\" decoding=\"async\" class=\"alignnone size-medium wp-image-5544\" src=\"https:\/\/www.cafesg.gob.ar\/cafesg2\/wp-content\/uploads\/2017\/09\/Tourette-3-300x192.jpg\" alt=\"Tourette 3\" width=\"300\" height=\"192\" \/><\/a> <a href=\"https:\/\/www.cafesg.gob.ar\/cafesg2\/wp-content\/uploads\/2017\/09\/Tourette-4.jpg\"><img loading=\"lazy\" decoding=\"async\" class=\"alignnone size-medium wp-image-5545\" src=\"https:\/\/www.cafesg.gob.ar\/cafesg2\/wp-content\/uploads\/2017\/09\/Tourette-4-300x200.jpg\" alt=\"Tourette 4\" width=\"300\" height=\"200\" \/><\/a> <a href=\"https:\/\/www.cafesg.gob.ar\/cafesg2\/wp-content\/uploads\/2017\/09\/Tourette-5.jpg\"><img loading=\"lazy\" decoding=\"async\" class=\"alignnone size-medium wp-image-5546\" src=\"https:\/\/www.cafesg.gob.ar\/cafesg2\/wp-content\/uploads\/2017\/09\/Tourette-5-300x200.jpg\" alt=\"Tourette 5\" width=\"300\" height=\"200\" \/><\/a> <a href=\"https:\/\/www.cafesg.gob.ar\/cafesg2\/wp-content\/uploads\/2017\/09\/Tourette-6.jpg\"><img loading=\"lazy\" decoding=\"async\" class=\"alignnone size-medium wp-image-5547\" src=\"https:\/\/www.cafesg.gob.ar\/cafesg2\/wp-content\/uploads\/2017\/09\/Tourette-6-300x192.jpg\" alt=\"Tourette 6\" width=\"300\" height=\"192\" \/><\/a> <a href=\"https:\/\/www.cafesg.gob.ar\/cafesg2\/wp-content\/uploads\/2017\/09\/Tourette-7.jpg\"><img loading=\"lazy\" decoding=\"async\" class=\"alignnone size-medium wp-image-5548\" src=\"https:\/\/www.cafesg.gob.ar\/cafesg2\/wp-content\/uploads\/2017\/09\/Tourette-7-300x200.jpg\" alt=\"Tourette 7\" width=\"300\" height=\"200\" \/><\/a><\/p>\n","protected":false},"excerpt":{"rendered":"<p>M\u00e1s de cuatrocientas personas colmaron el sal\u00f3n de actos de la escuela Normal durante las jornadas del viernes y s\u00e1bado para capacitarse con la profesora Andrea Bonzini, fundadora y presidenta de la Asociaci\u00f3n Argentina para el S\u00edndrome de Tourette, quien ofreci\u00f3 dos charlas sobre el tema organizadas por la Comisi\u00f3n Administradora para el Fondo Especial [&hellip;]<\/p>\n","protected":false},"author":5,"featured_media":0,"comment_status":"open","ping_status":"open","sticky":false,"template":"","format":"standard","meta":{"footnotes":""},"categories":[15],"tags":[],"class_list":["post-5541","post","type-post","status-publish","format-standard","hentry","category-noticias"],"_links":{"self":[{"href":"https:\/\/cafesg.gob.ar\/cafesg2\/wp-json\/wp\/v2\/posts\/5541","targetHints":{"allow":["GET"]}}],"collection":[{"href":"https:\/\/cafesg.gob.ar\/cafesg2\/wp-json\/wp\/v2\/posts"}],"about":[{"href":"https:\/\/cafesg.gob.ar\/cafesg2\/wp-json\/wp\/v2\/types\/post"}],"author":[{"embeddable":true,"href":"https:\/\/cafesg.gob.ar\/cafesg2\/wp-json\/wp\/v2\/users\/5"}],"replies":[{"embeddable":true,"href":"https:\/\/cafesg.gob.ar\/cafesg2\/wp-json\/wp\/v2\/comments?post=5541"}],"version-history":[{"count":0,"href":"https:\/\/cafesg.gob.ar\/cafesg2\/wp-json\/wp\/v2\/posts\/5541\/revisions"}],"wp:attachment":[{"href":"https:\/\/cafesg.gob.ar\/cafesg2\/wp-json\/wp\/v2\/media?parent=5541"}],"wp:term":[{"taxonomy":"category","embeddable":true,"href":"https:\/\/cafesg.gob.ar\/cafesg2\/wp-json\/wp\/v2\/categories?post=5541"},{"taxonomy":"post_tag","embeddable":true,"href":"https:\/\/cafesg.gob.ar\/cafesg2\/wp-json\/wp\/v2\/tags?post=5541"}],"curies":[{"name":"wp","href":"https:\/\/api.w.org\/{rel}","templated":true}]}}