 {"id":5532,"date":"2017-08-30T22:13:04","date_gmt":"2017-08-31T01:13:04","guid":{"rendered":"http:\/\/www.cafesg.gob.ar\/web\/?p=5532"},"modified":"2017-08-30T22:13:04","modified_gmt":"2017-08-31T01:13:04","slug":"cafesg-educacion-y-350-jovenes-reunidos-por-la-no-violencia","status":"publish","type":"post","link":"https:\/\/cafesg.gob.ar\/cafesg2\/cafesg-educacion-y-350-jovenes-reunidos-por-la-no-violencia\/","title":{"rendered":"CAFESG, Educaci\u00f3n y 350 j\u00f3venes reunidos por la NO Violencia"},"content":{"rendered":"<p>Convocados por distintos organismos del Gobierno provincial, m\u00e1s de 350 chicos de escuelas secundarias de Concordia se reunieron para trabajar los talleres \u201cELEGIMOS PARTICIPAR\u201d y \u201cCONVIVIMOS EN PAZ\u201d<\/p>\n<p>La Comisi\u00f3n Administradora para el Fondo Especial de Salto Grande (CAFESG) desde su \u00c1rea Joven, el Concejo General de Educaci\u00f3n a trav\u00e9s de la Departamental de Escuelas de Concordia y de la Coordinaci\u00f3n de Organizaciones Estudiantiles y la Secretar\u00eda de la Juventud de Entre R\u00edos realizaron hoy la Jornada \u201cCENTROS DE ESTUDIANTES. FORTALECIENDO ESPACIOS DE PARTICIPACI\u00d3N\u201d destinado a j\u00f3venes de los colegios secundarios del Departamento.<\/p>\n<p>La respuesta fue \u201cdesbordante\u201d seg\u00fan las palabras de los organizadores, ya que desde muy temprano se pod\u00eda ver llegar cursos enteros de m\u00faltiples escuelas acompa\u00f1ados por profesores y en algunos casos por sus directivos, colmando as\u00ed las tribunas del gimnasio del Colegio Nacional Alejandro Carb\u00f3, instituci\u00f3n que prest\u00f3 sus instalaciones para la realizaci\u00f3n de la jornada y con cuyas autoridades la organizaci\u00f3n se mostr\u00f3 muy agradecida.<\/p>\n<p>El presidente de CAFESG, Alejandro Casa\u00f1as, al momento de dirigirse a los chicos les expres\u00f3 su \u201csatisfacci\u00f3n\u201d por la respuesta a la convocatoria ya que \u201cvivimos en comunidad, no solos, y la participaci\u00f3n de todos es la que garantiza un mundo m\u00e1s justo y mejor, y esto que hoy hacen ustedes es lo que debe ser reconocido sobre todas las cosas, porque a veces hay gente y medios que destacan las macanas que se mandan algunos chicos y callan las cosas maravillosas que hacen en muchas ocasiones cuando se juntan y realizan actividades en conjunto\u201d.<\/p>\n<p>Asimismo, el funcionario provincial los inst\u00f3 a \u201cno desaprovechar todos estos espacios de participaci\u00f3n que se les brinda, porque ustedes tienen mucho para decir, tienen mucho para corregirnos y mucho para ense\u00f1arnos, y tambi\u00e9n tienen mucho para aprender, y aprender del otro que vive en la misma comunidad que yo, a veces con distintas realidades, es la mejor manera de aprender, porque nos hace m\u00e1s sensibles, m\u00e1s solidarios y nos marca mejor el camino de una comunidad inclusiva\u201d finaliz\u00f3 Casa\u00f1as.<\/p>\n<p>Por su parte, la directora de la Departamental de Escuelas de Concordia, Griselda Di Lello, record\u00f3 a los presentes, que en una reuni\u00f3n mantenida con algunos de los alumnos de escuelas secundarias, estos destacaron dos conceptos, \u201cdiscriminaci\u00f3n\u201d y \u201cfalta de atenci\u00f3n\u201d \u00a0o \u201cno escucha\u201d, \u201cla idea de esta convocatoria es dar comienzo a una etapa donde esas demandas de ustedes sean atendidas, brind\u00e1ndoles un espacio para escucharlos, para que ustedes digan, para que se relacionen con sus pares, para que desde nuestro lugar los podamos ayudar a generar esos espacios en sus propias escuelas, formando centros de estudiantes all\u00ed donde a\u00fan no los haya\u201d expres\u00f3.<\/p>\n<p>\u201cTodos los estudiantes deben ser escuchados, porque la escuela debe estar \u00a0pensada en funci\u00f3n de sus alumnos, son ustedes los que le dan sentido a las instituciones educativas, al hacer cotidiano de cada docente, de cada directivo, de cada funcionario; de nuestra parte queda escucharlos y ponernos en acci\u00f3n, atender sus pedidos y anhelos, y juntos, en paz, avanzar en armon\u00eda\u201d finaliz\u00f3 Di Lello.<\/p>\n<p>Asimismo la coordinadora del <em>Programa EnREDarse<\/em><em>, <\/em><em>Adriana Wendler<\/em><em>,<\/em> afirm\u00f3 que \u201clo que traemos es la propuesta, y la propuesta en este caso es la m\u00fasica, queremos que los estudiantes puedan movilizar sus acciones por la paz a trav\u00e9s de distintas canciones de su autor\u00eda, lo que permite que se re\u00fanan, que propongan, que indaguen acerca de un concepto de paz propositivo, no solamente como la ausencia de guerra o la ausencia de violencia, sino la presencia y la construcci\u00f3n diaria de la misma\u201d.<\/p>\n<p>\u201cEsta convocatoria tiene un objetivo que traspasa la comunidad educativa, queremos que llegue a la sociedad, que se vean los productos que ellos mismos realizan y ese ser\u00e1 nuestro pr\u00f3ximo paso\u201d concluy\u00f3 Adriana Wendler.<\/p>\n<p>Bajo la premisa de que el Centro de Estudiantes es la VOZ DE TODOS LOS JOVENES DENTRO DE LA ESCUELA, la jornada se organiz\u00f3 a fin de desarrollar dos talleres, \u201cELEGIMOS PARTICIPAR\u201d\u00a0 Y \u201cCONVIVIMOS EN PAZ\u201d, en donde se trabaj\u00f3 la importancia del centro de estudiante en las escuelas y actividades que promuevan y contribuyan a transmitir el mensaje de la NO VIOLENCIA en la comunidad educativa y la sociedad.<\/p>\n<p>La propuesta Centros de Estudiantes busca promover, acompa\u00f1ar y consolidar espacios de participaci\u00f3n dentro de las instituciones educativas, siendo las mismas, espacios fundamentales de socializaci\u00f3n y construcci\u00f3n de ciudadan\u00eda.<\/p>\n<p>La participaci\u00f3n es un elemento clave para la conformaci\u00f3n del rol de la juventud en los diferentes \u00e1mbitos de la sociedad. Una cultura participativa necesita crearse activamente y para esto requiere de formaci\u00f3n, capacitaci\u00f3n y asesoramiento.<\/p>\n<p><strong>\u00a0<\/strong><\/p>\n<p><strong>La salud y los j\u00f3venes<\/strong><\/p>\n<p>Tal y como lo hace en cada convocatoria de j\u00f3venes, el Ministerio de Salud de la Provincia, a trav\u00e9s, en este caso, de la Coordinaci\u00f3n Departamental de Salud a cargo de la doctora Susana Calvo, instal\u00f3 un puesto con promotores de salud a fin de promocionar los distintos programas que se ofrecen a esa franja et\u00e1ria.<\/p>\n<p>La doctora Calvo explic\u00f3 que \u201cla intenci\u00f3n es, teniendo en cuenta que s\u00f3lo van al m\u00e9dico cuando est\u00e1n enfermos, traerles la salud a sus lugares y explicarles y contarles todo lo que tenemos para ofrecerles en t\u00e9rminos de promoci\u00f3n y prevenci\u00f3n\u201d.<\/p>\n<p>La funcionaria se refiri\u00f3 as\u00ed a la \u201cprevenci\u00f3n del embarazo, de enfermedades de transmisi\u00f3n sexual, ofreci\u00e9ndoles los consultorios para adolescentes que est\u00e1n en el hospital Masvernat y en diferentes centros de salud, y que sepan que hay un equipo de ginec\u00f3logos, psic\u00f3logos, m\u00e9dicos cl\u00ednicos, donde pueden tratarse o consultar lo que necesiten, incluso en temas como las adicciones\u201d.<\/p>\n<p><a href=\"https:\/\/www.cafesg.gob.ar\/cafesg2\/wp-content\/uploads\/2017\/08\/Jornada-5.jpg\"><img loading=\"lazy\" decoding=\"async\" class=\"alignnone size-medium wp-image-5536\" src=\"https:\/\/www.cafesg.gob.ar\/cafesg2\/wp-content\/uploads\/2017\/08\/Jornada-5-300x200.jpg\" alt=\"Jornada 5\" width=\"300\" height=\"200\" \/> <\/a><a href=\"https:\/\/www.cafesg.gob.ar\/cafesg2\/wp-content\/uploads\/2017\/08\/Jornada-6.jpg\"><img loading=\"lazy\" decoding=\"async\" class=\"alignnone size-medium wp-image-5537\" src=\"https:\/\/www.cafesg.gob.ar\/cafesg2\/wp-content\/uploads\/2017\/08\/Jornada-6-300x200.jpg\" alt=\"Jornada 6\" width=\"300\" height=\"200\" \/><\/a><a href=\"https:\/\/www.cafesg.gob.ar\/cafesg2\/wp-content\/uploads\/2017\/08\/Jornada-1.jpg\"><img loading=\"lazy\" decoding=\"async\" class=\"alignnone size-medium wp-image-5533\" src=\"https:\/\/www.cafesg.gob.ar\/cafesg2\/wp-content\/uploads\/2017\/08\/Jornada-1-300x200.jpg\" alt=\"Jornada 1\" width=\"300\" height=\"200\" \/><\/a><a href=\"https:\/\/www.cafesg.gob.ar\/cafesg2\/wp-content\/uploads\/2017\/08\/Jornada-3.jpg\"><img loading=\"lazy\" decoding=\"async\" class=\"alignnone size-medium wp-image-5535\" src=\"https:\/\/www.cafesg.gob.ar\/cafesg2\/wp-content\/uploads\/2017\/08\/Jornada-3-300x197.jpg\" alt=\"Jornada 3\" width=\"300\" height=\"197\" \/><\/a><a href=\"https:\/\/www.cafesg.gob.ar\/cafesg2\/wp-content\/uploads\/2017\/08\/Jornada-2.jpg\"><img loading=\"lazy\" decoding=\"async\" class=\"alignnone size-medium wp-image-5534\" src=\"https:\/\/www.cafesg.gob.ar\/cafesg2\/wp-content\/uploads\/2017\/08\/Jornada-2-300x202.jpg\" alt=\"Jornada 2\" width=\"300\" height=\"202\" \/><\/a><a href=\"https:\/\/www.cafesg.gob.ar\/cafesg2\/wp-content\/uploads\/2017\/08\/Jornada-7.jpg\"><img loading=\"lazy\" decoding=\"async\" class=\"alignnone size-medium wp-image-5538\" src=\"https:\/\/www.cafesg.gob.ar\/cafesg2\/wp-content\/uploads\/2017\/08\/Jornada-7-300x200.jpg\" alt=\"Jornada 7\" width=\"300\" height=\"200\" \/><\/a><\/p>\n","protected":false},"excerpt":{"rendered":"<p>Convocados por distintos organismos del Gobierno provincial, m\u00e1s de 350 chicos de escuelas secundarias de Concordia se reunieron para trabajar los talleres \u201cELEGIMOS PARTICIPAR\u201d y \u201cCONVIVIMOS EN PAZ\u201d La Comisi\u00f3n Administradora para el Fondo Especial de Salto Grande (CAFESG) desde su \u00c1rea Joven, el Concejo General de Educaci\u00f3n a trav\u00e9s de la Departamental de Escuelas [&hellip;]<\/p>\n","protected":false},"author":5,"featured_media":0,"comment_status":"open","ping_status":"open","sticky":false,"template":"","format":"standard","meta":{"footnotes":""},"categories":[15],"tags":[],"class_list":["post-5532","post","type-post","status-publish","format-standard","hentry","category-noticias"],"_links":{"self":[{"href":"https:\/\/cafesg.gob.ar\/cafesg2\/wp-json\/wp\/v2\/posts\/5532","targetHints":{"allow":["GET"]}}],"collection":[{"href":"https:\/\/cafesg.gob.ar\/cafesg2\/wp-json\/wp\/v2\/posts"}],"about":[{"href":"https:\/\/cafesg.gob.ar\/cafesg2\/wp-json\/wp\/v2\/types\/post"}],"author":[{"embeddable":true,"href":"https:\/\/cafesg.gob.ar\/cafesg2\/wp-json\/wp\/v2\/users\/5"}],"replies":[{"embeddable":true,"href":"https:\/\/cafesg.gob.ar\/cafesg2\/wp-json\/wp\/v2\/comments?post=5532"}],"version-history":[{"count":0,"href":"https:\/\/cafesg.gob.ar\/cafesg2\/wp-json\/wp\/v2\/posts\/5532\/revisions"}],"wp:attachment":[{"href":"https:\/\/cafesg.gob.ar\/cafesg2\/wp-json\/wp\/v2\/media?parent=5532"}],"wp:term":[{"taxonomy":"category","embeddable":true,"href":"https:\/\/cafesg.gob.ar\/cafesg2\/wp-json\/wp\/v2\/categories?post=5532"},{"taxonomy":"post_tag","embeddable":true,"href":"https:\/\/cafesg.gob.ar\/cafesg2\/wp-json\/wp\/v2\/tags?post=5532"}],"curies":[{"name":"wp","href":"https:\/\/api.w.org\/{rel}","templated":true}]}}