 {"id":5523,"date":"2017-08-24T20:29:39","date_gmt":"2017-08-24T23:29:39","guid":{"rendered":"http:\/\/www.cafesg.gob.ar\/web\/?p=5523"},"modified":"2017-08-24T20:29:39","modified_gmt":"2017-08-24T23:29:39","slug":"cafesg-fotalece-la-fiesta-del-estudiante","status":"publish","type":"post","link":"https:\/\/cafesg.gob.ar\/cafesg2\/cafesg-fotalece-la-fiesta-del-estudiante\/","title":{"rendered":"CAFESG FORTALECE LA FIESTA DEL ESTUDIANTE"},"content":{"rendered":"<p>Trescientos veinte j\u00f3venes de las 31 carrozas aleg\u00f3ricas y\u00a0 humor\u00edsticas participan de los talleres organizados por CAFESG. Es el sexto a\u00f1o consecutivo que el organismo provincial acompa\u00f1a el desarrollo de la fiesta que tendr\u00e1 sus festejos centrales en el mes de septiembre.<\/p>\n<p>La Comisi\u00f3n Administradora para el Fondo Especial de Salto Grande (CAFESG) a trav\u00e9s de su \u00c1rea <em>Joven <\/em>yen el marco del Programa Fortalecimiento\u00a0 de la Fiesta del Estudiante, desarrolla en coordinaci\u00f3n con Estudiantes Concordienses Unidos (ECU), los talleres de\u00a0 Soldadura, Seguridad e Higiene, Electricidad b\u00e1sica, y Teatro, con el fin de acompa\u00f1ar\u00a0 y capacitar a los estudiantes en la organizaci\u00f3n de su celebraci\u00f3n anual de la Fiesta del Estudiante.<\/p>\n<p>El presidente de CAFESG, Alejandro Casa\u00f1as, record\u00f3 que \u201cpese al dif\u00edcil momento que atraviesa nuestra instituci\u00f3n, el gobernador Bordet decidi\u00f3 realizar un esfuerzo extrapresupuestario para llevar adelante estos cursos y fortalecer esta fiesta, brindando a nuestros j\u00f3venes un espacio para realizar tareas en conjunto y fortalecer as\u00ed la inclusi\u00f3n de todos en una tradici\u00f3n tan linda para nuestra querida ciudad\u201d.<\/p>\n<p>Los talleres de Electricidad B\u00e1sica y Soldadura, de los que participaron sesenta y siete j\u00f3venes de todos los colegios, se llevaron \u00a0a cabo de manera intensiva \u00a0en las instalaciones de la Escuela T\u00e9cnica N\u00ba 1 y estuvieron a cargo de los docentes Adri\u00e1n Piedrabuena y Nicol\u00e1s Challiol. Ambos docentes realizaron visitas al galp\u00f3n de la estaci\u00f3n Norte para asesorar a los j\u00f3venes y relacionar lo trabajado en los talleres con las inquietudes de la construcci\u00f3n de su carroza.<\/p>\n<p>El objetivo de los talleres es brindar conocimientos y nociones b\u00e1sicas a los j\u00f3venes que les permitan mejorar sus carrozas teniendo en cuenta las normativas de seguridad, manejo de herramientas, pr\u00e1cticas de soldadura, bosquejos de piezas y estructuras, mediciones y cortes, circuitos el\u00e9ctricos simples, armado y uso de tableros, materiales de uso el\u00e9ctrico, sistema de par\u00e1metros de construcci\u00f3n segura, seguridad e higiene,<\/p>\n<p>Asimismo, ciento ochenta j\u00f3venes se capacitaron en Normas de Seguridad e Higiene, donde se les brindaron conocimientos b\u00e1sicos en lo que respecta a riesgos el\u00e9ctricos, manipulaci\u00f3n\u00a0 de herramientas, riesgos de\u00a0 incendio, uso de matafuegos, trabajo en altura y elementos de seguridad.<\/p>\n<p>En tanto, el taller de teatro se desarroll\u00f3 en la sede de CAFESG y estuvo a cargo del profesor Andr\u00e9s Gauna, cont\u00f3 con la presencia de ochenta j\u00f3venes que participaron de la experiencia, en su mayor\u00eda chicos y chicas que realizan carrozas humor\u00edsticas, y se trabaj\u00f3 en guiones, posturas, disposici\u00f3n en el escenario, y construcci\u00f3n de personajes.<\/p>\n<p>Estos talleres se suman a una serie de actividades\u00a0 que se llevan a cabo desde el \u00c1rea Joven de CAFESG en vinculaci\u00f3n con ECU tendientes a reforzar, dise\u00f1ar, implementar y coordinar acciones que apuntan al fortalecimiento de la Fiesta del Estudiante en sus diversas etapas.<\/p>\n<p>Desde el \u00c1rea Joven de CAFESG se mostraron particularmente agradecidos con la excelente predisposici\u00f3n puesta de manifiesto por el director de la Escuela T\u00e9cnica N\u00ba 1, Andr\u00e9s Rousset, quien autoriz\u00f3 el uso de las instalaciones y maquinarias, as\u00ed como con Andr\u00e9s Gauna, \u00a0que en forma voluntaria brind\u00f3 su tiempo y conocimientos a los j\u00f3venes. De igual manera destacan el compromiso y\u00a0 trabajo de toda la Comisi\u00f3n Directiva\u00a0 de Estudiantes Concordienses Unidos.<\/p>\n<p><a href=\"https:\/\/www.cafesg.gob.ar\/cafesg2\/wp-content\/uploads\/2017\/08\/Cafesg-ECU-1.jpg\"><img loading=\"lazy\" decoding=\"async\" class=\"alignnone size-medium wp-image-5524\" src=\"https:\/\/www.cafesg.gob.ar\/cafesg2\/wp-content\/uploads\/2017\/08\/Cafesg-ECU-1-300x199.jpg\" alt=\"Cafesg ECU 1\" width=\"300\" height=\"199\" \/> <\/a><a href=\"https:\/\/www.cafesg.gob.ar\/cafesg2\/wp-content\/uploads\/2017\/08\/Cafesg-ECU-6.jpg\"><img loading=\"lazy\" decoding=\"async\" class=\"alignnone size-medium wp-image-5529\" src=\"https:\/\/www.cafesg.gob.ar\/cafesg2\/wp-content\/uploads\/2017\/08\/Cafesg-ECU-6-300x200.jpg\" alt=\"Cafesg ECU 6\" width=\"300\" height=\"200\" \/><\/a><a href=\"https:\/\/www.cafesg.gob.ar\/cafesg2\/wp-content\/uploads\/2017\/08\/Cafesg-ECU-5.jpg\"><img loading=\"lazy\" decoding=\"async\" class=\"alignnone size-medium wp-image-5528\" src=\"https:\/\/www.cafesg.gob.ar\/cafesg2\/wp-content\/uploads\/2017\/08\/Cafesg-ECU-5-300x200.jpg\" alt=\"Cafesg ECU 5\" width=\"300\" height=\"200\" \/><\/a><a href=\"https:\/\/www.cafesg.gob.ar\/cafesg2\/wp-content\/uploads\/2017\/08\/Cafesg-ECU-4.jpg\"><img loading=\"lazy\" decoding=\"async\" class=\"alignnone size-medium wp-image-5527\" src=\"https:\/\/www.cafesg.gob.ar\/cafesg2\/wp-content\/uploads\/2017\/08\/Cafesg-ECU-4-300x178.jpg\" alt=\"Cafesg ECU 4\" width=\"300\" height=\"178\" \/><\/a><a href=\"https:\/\/www.cafesg.gob.ar\/cafesg2\/wp-content\/uploads\/2017\/08\/Cafesg-ECU-3.jpg\"><img loading=\"lazy\" decoding=\"async\" class=\"alignnone size-medium wp-image-5526\" src=\"https:\/\/www.cafesg.gob.ar\/cafesg2\/wp-content\/uploads\/2017\/08\/Cafesg-ECU-3-300x197.jpg\" alt=\"Cafesg ECU 3\" width=\"300\" height=\"197\" \/><\/a><a href=\"https:\/\/www.cafesg.gob.ar\/cafesg2\/wp-content\/uploads\/2017\/08\/Cafesg-ECU-2.jpg\"><img loading=\"lazy\" decoding=\"async\" class=\"alignnone size-medium wp-image-5525\" src=\"https:\/\/www.cafesg.gob.ar\/cafesg2\/wp-content\/uploads\/2017\/08\/Cafesg-ECU-2-300x200.jpg\" alt=\"Cafesg ECU 2\" width=\"300\" height=\"200\" \/><\/a><\/p>\n","protected":false},"excerpt":{"rendered":"<p>Trescientos veinte j\u00f3venes de las 31 carrozas aleg\u00f3ricas y\u00a0 humor\u00edsticas participan de los talleres organizados por CAFESG. Es el sexto a\u00f1o consecutivo que el organismo provincial acompa\u00f1a el desarrollo de la fiesta que tendr\u00e1 sus festejos centrales en el mes de septiembre. La Comisi\u00f3n Administradora para el Fondo Especial de Salto Grande (CAFESG) a trav\u00e9s [&hellip;]<\/p>\n","protected":false},"author":5,"featured_media":0,"comment_status":"open","ping_status":"open","sticky":false,"template":"","format":"standard","meta":{"footnotes":""},"categories":[15],"tags":[],"class_list":["post-5523","post","type-post","status-publish","format-standard","hentry","category-noticias"],"_links":{"self":[{"href":"https:\/\/cafesg.gob.ar\/cafesg2\/wp-json\/wp\/v2\/posts\/5523","targetHints":{"allow":["GET"]}}],"collection":[{"href":"https:\/\/cafesg.gob.ar\/cafesg2\/wp-json\/wp\/v2\/posts"}],"about":[{"href":"https:\/\/cafesg.gob.ar\/cafesg2\/wp-json\/wp\/v2\/types\/post"}],"author":[{"embeddable":true,"href":"https:\/\/cafesg.gob.ar\/cafesg2\/wp-json\/wp\/v2\/users\/5"}],"replies":[{"embeddable":true,"href":"https:\/\/cafesg.gob.ar\/cafesg2\/wp-json\/wp\/v2\/comments?post=5523"}],"version-history":[{"count":0,"href":"https:\/\/cafesg.gob.ar\/cafesg2\/wp-json\/wp\/v2\/posts\/5523\/revisions"}],"wp:attachment":[{"href":"https:\/\/cafesg.gob.ar\/cafesg2\/wp-json\/wp\/v2\/media?parent=5523"}],"wp:term":[{"taxonomy":"category","embeddable":true,"href":"https:\/\/cafesg.gob.ar\/cafesg2\/wp-json\/wp\/v2\/categories?post=5523"},{"taxonomy":"post_tag","embeddable":true,"href":"https:\/\/cafesg.gob.ar\/cafesg2\/wp-json\/wp\/v2\/tags?post=5523"}],"curies":[{"name":"wp","href":"https:\/\/api.w.org\/{rel}","templated":true}]}}